{"id":61117,"date":"2015-08-19T09:54:24","date_gmt":"2015-08-19T12:54:24","guid":{"rendered":"http:\/\/www.eltrabajo.cl\/portal\/?p=61117"},"modified":"2015-08-19T09:54:24","modified_gmt":"2015-08-19T12:54:24","slug":"capturan-a-dos-menores-que-intentaron-asaltar-a-ciclista-con-arma-a-fogueo","status":"publish","type":"post","link":"https:\/\/eltrabajo.cl\/portal\/capturan-a-dos-menores-que-intentaron-asaltar-a-ciclista-con-arma-a-fogueo\/","title":{"rendered":"Capturan a dos menores que intentaron asaltar a ciclista con arma a fogueo"},"content":{"rendered":"<figure id=\"attachment_61118\" aria-describedby=\"caption-attachment-61118\" style=\"width: 300px\" class=\"wp-caption alignleft\"><a href=\"https:\/\/i0.wp.com\/www.eltrabajo.cl\/portal\/wp-content\/uploads\/2015\/08\/francisco-perez-jara54.jpg\"><img data-recalc-dims=\"1\" loading=\"lazy\" decoding=\"async\" class=\"wp-image-61118 size-medium\" src=\"https:\/\/i0.wp.com\/www.eltrabajo.cl\/portal\/wp-content\/uploads\/2015\/08\/francisco-perez-jara54-300x198.jpg?resize=300%2C198\" alt=\"A ambos menores se les decret\u00f3 su internaci\u00f3n en el Centro Lihu\u00e9n de Limache por los 3 meses que durar\u00e1 la investigaci\u00f3n.\" width=\"300\" height=\"198\" srcset=\"https:\/\/i0.wp.com\/eltrabajo.cl\/portal\/wp-content\/uploads\/2015\/08\/francisco-perez-jara54.jpg?resize=300%2C198&amp;ssl=1 300w, https:\/\/i0.wp.com\/eltrabajo.cl\/portal\/wp-content\/uploads\/2015\/08\/francisco-perez-jara54.jpg?resize=200%2C132&amp;ssl=1 200w, https:\/\/i0.wp.com\/eltrabajo.cl\/portal\/wp-content\/uploads\/2015\/08\/francisco-perez-jara54.jpg?resize=228%2C150&amp;ssl=1 228w, https:\/\/i0.wp.com\/eltrabajo.cl\/portal\/wp-content\/uploads\/2015\/08\/francisco-perez-jara54.jpg?resize=400%2C263&amp;ssl=1 400w, https:\/\/i0.wp.com\/eltrabajo.cl\/portal\/wp-content\/uploads\/2015\/08\/francisco-perez-jara54.jpg?w=530&amp;ssl=1 530w\" sizes=\"auto, (max-width: 300px) 100vw, 300px\" \/><\/a><figcaption id=\"caption-attachment-61118\" class=\"wp-caption-text\">A ambos menores se les decret\u00f3 su internaci\u00f3n en el Centro Lihu\u00e9n de Limache por los 3 meses que durar\u00e1 la investigaci\u00f3n.<\/figcaption><\/figure>\n<ul>\n<li><strong>Uno de los antisociales particip\u00f3 del robo de una bicicleta a principios de agosto y el mes pasado hab\u00eda salido del centro Lihu\u00e9n de Limache donde estuvo recluido por otro robo.<\/strong><\/li>\n<\/ul>\n<p><strong>LOS ANDES.<\/strong>&#8211; En un r\u00e1pido operativo, personal de Carabineros logr\u00f3 la captura de dos de los tres delincuentes que utilizando una pistola a fogueo trataron de asaltar a un ciclista en las inmediaciones de la plaza de la poblaci\u00f3n Ferroviaria en el sector poniente de la ciudad.<br \/>\nSeg\u00fan inform\u00f3 Carabineros, el hecho se produjo cerca de las 23 horas del lunes, cuando la v\u00edctima de iniciales D.J.M.A. fue interceptada por tres antisociales en la esquina de calles Rodr\u00edguez con pasaje Navarro quienes lo intimidaron con el arma a fin de sustraerle sus especies de valor.<br \/>\nLos maleantes intentaron arrebatarle su bicicleta, raz\u00f3n por la cual la v\u00edctima opuso tenaz resistencia y comenz\u00f3 a forcejear con ellos impidiendo que concretaran su acci\u00f3n.<br \/>\nAl verse repelidos, los tres delincuentes huyeron por calle Rodr\u00edguez en direcci\u00f3n al centro de la ciudad, mientras el afectado dio cuenta del hecho a Carabineros.<br \/>\nLa v\u00edctima acompa\u00f1\u00f3 a los polic\u00edas en un patrullaje por el centro de la ciudad logrando divisar a dos de los antisociales que fueron detenidos en el acto como autores del delito de robo con intimidaci\u00f3n en calidad de frustrado.<br \/>\nAdem\u00e1s en el lugar fue recuperada el arma que usaron para intimidar a la v\u00edctima y que ser\u00e1 sometida a pericias a fin de establecer si est\u00e1 adaptada para usar proyectiles verdaderos.<br \/>\nLos asaltantes fueron identificados como F.A.P.J. y J.C.C.T., ambos de 16 a\u00f1os y con residencia en la ciudad de Los Andes.<br \/>\nEn el caso de F.A.P.J., \u00e9ste registra un nutrido prontuario policial y su \u00faltima detenci\u00f3n se produjo a principios de este mes cuando fue detenido por la PDI tras haber perpetrado el robo de una bicicleta.<br \/>\nAdem\u00e1s, en julio sali\u00f3 de internaci\u00f3n provisoria en el centro Lihu\u00e9n de Limache donde estuvo privado de libertad por un robo con intimidaci\u00f3n.<br \/>\nEste antisocial particip\u00f3 en el mes de marzo de este a\u00f1o en el robo a una casa en la villa Los Portones y luego trat\u00f3 de escapar de Carabineros en una moto Scooter, estrell\u00e1ndose finalmente contra las barreras de contenci\u00f3n de la avenida Enrique de la Fuente.<br \/>\nPor si esto fuera poco, en febrero de este a\u00f1o fue detenido tras haber perpetrado un robo a un puesto de la feria artesanal que en ese momento se encontraba instalada en la plaza de armas.<br \/>\nEn tanto, J.C.C.T. tambi\u00e9n tiene un nutrido prontuario delictual y su \u00faltimo il\u00edcito lo perpetr\u00f3 en junio pasado cuando junto a otro delincuente mayor de edad ingres\u00f3 a robar a la local del supermercado y restor\u00e1n \u2018Carolina\u2019 ubicado en calle Maip\u00fa.<\/p>\n<p><strong>PELIGRO PARA LA SEGURIDAD DE LA SOCIEDAD<\/strong><br \/>\nUna vez que ambos antisociales fueron puestos a disposici\u00f3n del Tribunal el fiscal Osvaldo Basso los formaliz\u00f3 por el delito de robo con intimidaci\u00f3n, solicitando la internaci\u00f3n provisoria.<br \/>\nLa magistrado Valeria Crosa hizo suyos los argumentos del Ministerio P\u00fablico y consider\u00f3 la libertad de los imputados como un peligro para la seguridad de la sociedad, decretando su internaci\u00f3n en el centro Lihu\u00e9n de Limache por los tres meses que durar\u00e1 la investigaci\u00f3n.<\/p>\n","protected":false},"excerpt":{"rendered":"<p>Uno de los antisociales particip\u00f3 del robo de una bicicleta a principios de agosto y el mes pasado hab\u00eda salido del centro Lihu\u00e9n de Limache donde estuvo recluido por otro robo. LOS&#8230;<\/p>\n","protected":false},"author":482,"featured_media":61118,"comment_status":"open","ping_status":"open","sticky":false,"template":"","format":"standard","meta":{"advanced_seo_description":"","jetpack_seo_html_title":"","jetpack_seo_noindex":false,"_jetpack_memberships_contains_paid_content":false,"footnotes":""},"categories":[21],"tags":[],"class_list":["post-61117","post","type-post","status-publish","format-standard","has-post-thumbnail","hentry","category-policial"],"jetpack_featured_media_url":"https:\/\/i0.wp.com\/eltrabajo.cl\/portal\/wp-content\/uploads\/2015\/08\/francisco-perez-jara54.jpg?fit=530%2C349&ssl=1","jetpack_sharing_enabled":true,"jetpack_likes_enabled":true,"jetpack-related-posts":[],"_links":{"self":[{"href":"https:\/\/eltrabajo.cl\/portal\/wp-json\/wp\/v2\/posts\/61117","targetHints":{"allow":["GET"]}}],"collection":[{"href":"https:\/\/eltrabajo.cl\/portal\/wp-json\/wp\/v2\/posts"}],"about":[{"href":"https:\/\/eltrabajo.cl\/portal\/wp-json\/wp\/v2\/types\/post"}],"author":[{"embeddable":true,"href":"https:\/\/eltrabajo.cl\/portal\/wp-json\/wp\/v2\/users\/482"}],"replies":[{"embeddable":true,"href":"https:\/\/eltrabajo.cl\/portal\/wp-json\/wp\/v2\/comments?post=61117"}],"version-history":[{"count":0,"href":"https:\/\/eltrabajo.cl\/portal\/wp-json\/wp\/v2\/posts\/61117\/revisions"}],"wp:featuredmedia":[{"embeddable":true,"href":"https:\/\/eltrabajo.cl\/portal\/wp-json\/wp\/v2\/media\/61118"}],"wp:attachment":[{"href":"https:\/\/eltrabajo.cl\/portal\/wp-json\/wp\/v2\/media?parent=61117"}],"wp:term":[{"taxonomy":"category","embeddable":true,"href":"https:\/\/eltrabajo.cl\/portal\/wp-json\/wp\/v2\/categories?post=61117"},{"taxonomy":"post_tag","embeddable":true,"href":"https:\/\/eltrabajo.cl\/portal\/wp-json\/wp\/v2\/tags?post=61117"}],"curies":[{"name":"wp","href":"https:\/\/api.w.org\/{rel}","templated":true}]}}