{"id":61120,"date":"2015-08-19T09:56:26","date_gmt":"2015-08-19T12:56:26","guid":{"rendered":"http:\/\/www.eltrabajo.cl\/portal\/?p=61120"},"modified":"2015-08-19T09:56:26","modified_gmt":"2015-08-19T12:56:26","slug":"vecino-de-el-arrayan-estamos-hundiendonos-en-nuestra-propia-m","status":"publish","type":"post","link":"https:\/\/eltrabajo.cl\/portal\/vecino-de-el-arrayan-estamos-hundiendonos-en-nuestra-propia-m\/","title":{"rendered":"Vecino de El Array\u00e1n: \u00abEstamos hundi\u00e9ndonos en nuestra propia m&#8230;\u00bb"},"content":{"rendered":"<figure id=\"attachment_61121\" aria-describedby=\"caption-attachment-61121\" style=\"width: 300px\" class=\"wp-caption alignleft\"><a href=\"https:\/\/i0.wp.com\/www.eltrabajo.cl\/portal\/wp-content\/uploads\/2015\/08\/sixto-cardenas-aguas-servidas-1.jpg\"><img data-recalc-dims=\"1\" loading=\"lazy\" decoding=\"async\" class=\"wp-image-61121 size-medium\" src=\"https:\/\/i0.wp.com\/www.eltrabajo.cl\/portal\/wp-content\/uploads\/2015\/08\/sixto-cardenas-aguas-servidas-1-300x197.jpg?resize=300%2C197\" alt=\"Las aguas contaminadas en las tazas de los \u00e1rboles dan cuenta del grave riesgo sanitario al que est\u00e1 expuesta la poblaci\u00f3n por falta de recursos.\" width=\"300\" height=\"197\" srcset=\"https:\/\/i0.wp.com\/eltrabajo.cl\/portal\/wp-content\/uploads\/2015\/08\/sixto-cardenas-aguas-servidas-1.jpg?resize=300%2C197&amp;ssl=1 300w, https:\/\/i0.wp.com\/eltrabajo.cl\/portal\/wp-content\/uploads\/2015\/08\/sixto-cardenas-aguas-servidas-1.jpg?resize=200%2C131&amp;ssl=1 200w, https:\/\/i0.wp.com\/eltrabajo.cl\/portal\/wp-content\/uploads\/2015\/08\/sixto-cardenas-aguas-servidas-1.jpg?resize=228%2C150&amp;ssl=1 228w, https:\/\/i0.wp.com\/eltrabajo.cl\/portal\/wp-content\/uploads\/2015\/08\/sixto-cardenas-aguas-servidas-1.jpg?resize=400%2C263&amp;ssl=1 400w, https:\/\/i0.wp.com\/eltrabajo.cl\/portal\/wp-content\/uploads\/2015\/08\/sixto-cardenas-aguas-servidas-1.jpg?w=530&amp;ssl=1 530w\" sizes=\"auto, (max-width: 300px) 100vw, 300px\" \/><\/a><figcaption id=\"caption-attachment-61121\" class=\"wp-caption-text\">Las aguas contaminadas en las tazas de los \u00e1rboles dan cuenta del grave riesgo sanitario al que est\u00e1 expuesta la poblaci\u00f3n por falta de recursos.<\/figcaption><\/figure>\n<p>Grave peligro sanitario por colapso de fosas s\u00e9pticas se estar\u00eda registrando en populoso sector de Catemu.<br \/>\nUna grave y peligrosa situaci\u00f3n de alto riesgo sanitario denunci\u00f3 un vecino del sector El Array\u00e1n de Catemu, amplia y populosa localidad donde todav\u00eda no cuentan con sistema de alcantarillado y deben usar fosas s\u00e9pticas, las que actualmente se encontrar\u00edan totalmente colapsadas, aflorando las aguas servidas a la superficie, escurriendo por las calles de tierra y con el riesgo que ello conlleva para la salud de las personas.<br \/>\nAs\u00ed al menos lo denuncia Sixto Carlos C\u00e1rdenas Tello, quien a trav\u00e9s de nuestro portal www.eltrabajo.cl, en el espacio de denuncia ciudadana que hemos denominado \u2018Periodismo Ciudadano\u2019, nos env\u00eda fotograf\u00edas de la situaci\u00f3n que est\u00e1n viviendo, la que no puede dejar indiferente a las autoridades, tanto pol\u00edticas como administrativas, ya que la g\u00e9nesis del problema radicar\u00eda en una situaci\u00f3n de car\u00e1cter eminentemente econ\u00f3mico que pone en riesgo la salud de las personas.<\/p>\n<figure id=\"attachment_61122\" aria-describedby=\"caption-attachment-61122\" style=\"width: 300px\" class=\"wp-caption alignright\"><a href=\"https:\/\/i0.wp.com\/www.eltrabajo.cl\/portal\/wp-content\/uploads\/2015\/08\/sixto-cardenas-aguas-servidas-2.jpg\"><img data-recalc-dims=\"1\" loading=\"lazy\" decoding=\"async\" class=\"wp-image-61122 size-medium\" src=\"https:\/\/i0.wp.com\/www.eltrabajo.cl\/portal\/wp-content\/uploads\/2015\/08\/sixto-cardenas-aguas-servidas-2-300x197.jpg?resize=300%2C197\" alt=\"El afloramiento de las aguas servidas inunda y escurre por callejones de tierra en el populoso sector El Array\u00e1n.\" width=\"300\" height=\"197\" srcset=\"https:\/\/i0.wp.com\/eltrabajo.cl\/portal\/wp-content\/uploads\/2015\/08\/sixto-cardenas-aguas-servidas-2.jpg?resize=300%2C197&amp;ssl=1 300w, https:\/\/i0.wp.com\/eltrabajo.cl\/portal\/wp-content\/uploads\/2015\/08\/sixto-cardenas-aguas-servidas-2.jpg?resize=200%2C131&amp;ssl=1 200w, https:\/\/i0.wp.com\/eltrabajo.cl\/portal\/wp-content\/uploads\/2015\/08\/sixto-cardenas-aguas-servidas-2.jpg?resize=228%2C150&amp;ssl=1 228w, https:\/\/i0.wp.com\/eltrabajo.cl\/portal\/wp-content\/uploads\/2015\/08\/sixto-cardenas-aguas-servidas-2.jpg?resize=400%2C263&amp;ssl=1 400w, https:\/\/i0.wp.com\/eltrabajo.cl\/portal\/wp-content\/uploads\/2015\/08\/sixto-cardenas-aguas-servidas-2.jpg?w=530&amp;ssl=1 530w\" sizes=\"auto, (max-width: 300px) 100vw, 300px\" \/><\/a><figcaption id=\"caption-attachment-61122\" class=\"wp-caption-text\">El afloramiento de las aguas servidas inunda y escurre por callejones de tierra en el populoso sector El Array\u00e1n.<\/figcaption><\/figure>\n<p>En la denuncia, Sixto C\u00e1rdenas Tello se refiere al \u00abgrave problema que est\u00e1 aquejando el sector donde vivimos que es el sector El Array\u00e1n, que es el sector m\u00e1s grande de la comuna de Catemu\u00bb.<br \/>\nPara dicho sector existe un proyecto de alcantarillado que se est\u00e1 tramitando hace m\u00e1s de 15 a\u00f1os. El sentimiento generalizado de los vecinos es que este proyecto nunca se va a llevar a efecto, \u00abya que incluso dos empresas han rechazado su adjudicaci\u00f3n en la licitaci\u00f3n que ha hecho la municipalidad. El problema no es ese, ya que es una guerra perdida que se est\u00e1 peleando hace m\u00e1s de una d\u00e9cada. El problema es que vaciar las fosas s\u00e9pticas de las casas en el sector tiene un costo muy elevado ($ 45.000 la empresas Limpieza de fosas TITO), un costo que la mayor\u00eda de los vecinos no podemos pagar ya que somos de bajos recursos y menos costearlo cado uno o dos meses\u00bb.<br \/>\nC\u00e1rdenas agrega que \u00abla municipalidad siempre, una vez al a\u00f1o, daba el beneficio de poder vaciar las fosas, pero con un costo compartido. La municipalidad corr\u00eda con un porcentaje y la diferencia la pagaban los vecinos, pero desde hace un par de meses que se prometi\u00f3 la limpieza de fosas compartidas por el municipio y no se han hecho responsables. La \u00fanica respuesta que dan las autoridades es que no hay plata para hacerlo, y el nivel de desechos sube y sube escurri\u00e9ndose por los \u00e1rboles, incluso entrando en las casas, lo que va empeorando con las lluvias de invierno que provoca que el nivel de aguas suba m\u00e1s y m\u00e1s. Estamos desesperados por esta situaci\u00f3n ya que estas aguas estancadas, de desechos, son un foco de enfermedades e infecci\u00f3n\u00bb.<br \/>\nM\u00e1s adelante, en el relato que entrega Sixto C\u00e1rdenas en nuestro portal, se\u00f1ala que \u00abhemos hablado con nuestro presidente de la junta de vecinos, don Arturo Vega, incluso con el electo y actual concejal Carlos Meneses (ex presidente de la junta de vecinos del sector El Array\u00e1n), y su respuesta es un rotundo: \u2018\u00a1No hay plata!\u2019, y con eso nos callan la boca y piensan que el nivel de aguas servidas se va a detener porque el municipio destin\u00f3 los recursos de la limpieza de fosas para otras urgencias, mientras nosotros literalmente estamos hundi\u00e9ndonos en nuestra propia mierda. Y no tenemos respuesta alguna ante este hecho y nos sentimos abandonados\u00bb.<\/p>\n","protected":false},"excerpt":{"rendered":"<p>Grave peligro sanitario por colapso de fosas s\u00e9pticas se estar\u00eda registrando en populoso sector de Catemu. Una grave y peligrosa situaci\u00f3n de alto riesgo sanitario denunci\u00f3 un vecino del sector El Array\u00e1n&#8230;<\/p>\n","protected":false},"author":482,"featured_media":61121,"comment_status":"open","ping_status":"open","sticky":false,"template":"","format":"standard","meta":{"advanced_seo_description":"","jetpack_seo_html_title":"","jetpack_seo_noindex":false,"_jetpack_memberships_contains_paid_content":false,"footnotes":""},"categories":[15],"tags":[],"class_list":["post-61120","post","type-post","status-publish","format-standard","has-post-thumbnail","hentry","category-comunidad"],"jetpack_featured_media_url":"https:\/\/i0.wp.com\/eltrabajo.cl\/portal\/wp-content\/uploads\/2015\/08\/sixto-cardenas-aguas-servidas-1.jpg?fit=530%2C348&ssl=1","jetpack_sharing_enabled":true,"jetpack_likes_enabled":true,"jetpack-related-posts":[],"_links":{"self":[{"href":"https:\/\/eltrabajo.cl\/portal\/wp-json\/wp\/v2\/posts\/61120","targetHints":{"allow":["GET"]}}],"collection":[{"href":"https:\/\/eltrabajo.cl\/portal\/wp-json\/wp\/v2\/posts"}],"about":[{"href":"https:\/\/eltrabajo.cl\/portal\/wp-json\/wp\/v2\/types\/post"}],"author":[{"embeddable":true,"href":"https:\/\/eltrabajo.cl\/portal\/wp-json\/wp\/v2\/users\/482"}],"replies":[{"embeddable":true,"href":"https:\/\/eltrabajo.cl\/portal\/wp-json\/wp\/v2\/comments?post=61120"}],"version-history":[{"count":0,"href":"https:\/\/eltrabajo.cl\/portal\/wp-json\/wp\/v2\/posts\/61120\/revisions"}],"wp:featuredmedia":[{"embeddable":true,"href":"https:\/\/eltrabajo.cl\/portal\/wp-json\/wp\/v2\/media\/61121"}],"wp:attachment":[{"href":"https:\/\/eltrabajo.cl\/portal\/wp-json\/wp\/v2\/media?parent=61120"}],"wp:term":[{"taxonomy":"category","embeddable":true,"href":"https:\/\/eltrabajo.cl\/portal\/wp-json\/wp\/v2\/categories?post=61120"},{"taxonomy":"post_tag","embeddable":true,"href":"https:\/\/eltrabajo.cl\/portal\/wp-json\/wp\/v2\/tags?post=61120"}],"curies":[{"name":"wp","href":"https:\/\/api.w.org\/{rel}","templated":true}]}}