{"id":61139,"date":"2015-08-20T09:37:03","date_gmt":"2015-08-20T12:37:03","guid":{"rendered":"http:\/\/www.eltrabajo.cl\/portal\/?p=61139"},"modified":"2015-08-20T09:37:03","modified_gmt":"2015-08-20T12:37:03","slug":"con-inversion-de-mas-de-40-millones-municipio-compra-terreno-para-ampliar-cementerio","status":"publish","type":"post","link":"https:\/\/eltrabajo.cl\/portal\/con-inversion-de-mas-de-40-millones-municipio-compra-terreno-para-ampliar-cementerio\/","title":{"rendered":"Con inversi\u00f3n de m\u00e1s de $40 millones municipio compra terreno para ampliar cementerio"},"content":{"rendered":"<figure id=\"attachment_61140\" aria-describedby=\"caption-attachment-61140\" style=\"width: 300px\" class=\"wp-caption alignleft\"><a href=\"https:\/\/i0.wp.com\/www.eltrabajo.cl\/portal\/wp-content\/uploads\/2015\/08\/FOTO-CEMENTERIO-II.jpg\"><img data-recalc-dims=\"1\" loading=\"lazy\" decoding=\"async\" class=\"wp-image-61140 size-medium\" src=\"https:\/\/i0.wp.com\/www.eltrabajo.cl\/portal\/wp-content\/uploads\/2015\/08\/FOTO-CEMENTERIO-II-300x197.jpg?resize=300%2C197\" alt=\"El municipio firm\u00f3 la adquisici\u00f3n de un terreno cercano al cementerio para ampliar el recinto.\" width=\"300\" height=\"197\" srcset=\"https:\/\/i0.wp.com\/eltrabajo.cl\/portal\/wp-content\/uploads\/2015\/08\/FOTO-CEMENTERIO-II.jpg?resize=300%2C197&amp;ssl=1 300w, https:\/\/i0.wp.com\/eltrabajo.cl\/portal\/wp-content\/uploads\/2015\/08\/FOTO-CEMENTERIO-II.jpg?resize=200%2C131&amp;ssl=1 200w, https:\/\/i0.wp.com\/eltrabajo.cl\/portal\/wp-content\/uploads\/2015\/08\/FOTO-CEMENTERIO-II.jpg?resize=228%2C150&amp;ssl=1 228w, https:\/\/i0.wp.com\/eltrabajo.cl\/portal\/wp-content\/uploads\/2015\/08\/FOTO-CEMENTERIO-II.jpg?resize=400%2C263&amp;ssl=1 400w, https:\/\/i0.wp.com\/eltrabajo.cl\/portal\/wp-content\/uploads\/2015\/08\/FOTO-CEMENTERIO-II.jpg?w=530&amp;ssl=1 530w\" sizes=\"auto, (max-width: 300px) 100vw, 300px\" \/><\/a><figcaption id=\"caption-attachment-61140\" class=\"wp-caption-text\">El municipio firm\u00f3 la adquisici\u00f3n de un terreno cercano al cementerio para ampliar el recinto.<\/figcaption><\/figure>\n<p><strong>LLAY LLAY<\/strong>.- Con la firma del contrato de compra venta se finiquit\u00f3 la adquisici\u00f3n de un terreno colindante al cementerio, con la finalidad de ampliar el recinto con una inversi\u00f3n de 44 millones de pesos.<br \/>\nEl alcalde Mario Marillanca manifest\u00f3 \u201cqu\u00e9 es una soluci\u00f3n integral para los vecinos. Por un lado, vamos a construir nichos, y tambi\u00e9n se reservar\u00e1 un espacio para sepulturas en tierra. Por otro lado, se descongestiona el cementerio\u201d.<br \/>\nEl alcalde (s), Luis Soto indic\u00f3 que \u201cel terreno deslinda con el sur. Son dos hect\u00e1reas, que se suman al ya colapsado cementerio municipal. Va a permitir dar facilidad a gente de arrendar nuevos terrenos con mayores comodidades\u201d.<br \/>\nEl cementerio Municipal, tiene su g\u00e9nesis como un Campo Santo Parroquial y data desde el 18 de diciembre de 1888; cuando el Cura y Vicario de la comuna, presb\u00edtero Alcides Vargas es autorizado para conceder derechos de sepultura a los feligreses.<\/p>\n","protected":false},"excerpt":{"rendered":"<p>LLAY LLAY.- Con la firma del contrato de compra venta se finiquit\u00f3 la adquisici\u00f3n de un terreno colindante al cementerio, con la finalidad de ampliar el recinto con una inversi\u00f3n de 44&#8230;<\/p>\n","protected":false},"author":482,"featured_media":61140,"comment_status":"open","ping_status":"open","sticky":false,"template":"","format":"standard","meta":{"advanced_seo_description":"","jetpack_seo_html_title":"","jetpack_seo_noindex":false,"_jetpack_memberships_contains_paid_content":false,"footnotes":""},"categories":[15],"tags":[],"class_list":["post-61139","post","type-post","status-publish","format-standard","has-post-thumbnail","hentry","category-comunidad"],"jetpack_featured_media_url":"https:\/\/i0.wp.com\/eltrabajo.cl\/portal\/wp-content\/uploads\/2015\/08\/FOTO-CEMENTERIO-II.jpg?fit=530%2C348&ssl=1","jetpack_sharing_enabled":true,"jetpack_likes_enabled":true,"jetpack-related-posts":[],"_links":{"self":[{"href":"https:\/\/eltrabajo.cl\/portal\/wp-json\/wp\/v2\/posts\/61139","targetHints":{"allow":["GET"]}}],"collection":[{"href":"https:\/\/eltrabajo.cl\/portal\/wp-json\/wp\/v2\/posts"}],"about":[{"href":"https:\/\/eltrabajo.cl\/portal\/wp-json\/wp\/v2\/types\/post"}],"author":[{"embeddable":true,"href":"https:\/\/eltrabajo.cl\/portal\/wp-json\/wp\/v2\/users\/482"}],"replies":[{"embeddable":true,"href":"https:\/\/eltrabajo.cl\/portal\/wp-json\/wp\/v2\/comments?post=61139"}],"version-history":[{"count":0,"href":"https:\/\/eltrabajo.cl\/portal\/wp-json\/wp\/v2\/posts\/61139\/revisions"}],"wp:featuredmedia":[{"embeddable":true,"href":"https:\/\/eltrabajo.cl\/portal\/wp-json\/wp\/v2\/media\/61140"}],"wp:attachment":[{"href":"https:\/\/eltrabajo.cl\/portal\/wp-json\/wp\/v2\/media?parent=61139"}],"wp:term":[{"taxonomy":"category","embeddable":true,"href":"https:\/\/eltrabajo.cl\/portal\/wp-json\/wp\/v2\/categories?post=61139"},{"taxonomy":"post_tag","embeddable":true,"href":"https:\/\/eltrabajo.cl\/portal\/wp-json\/wp\/v2\/tags?post=61139"}],"curies":[{"name":"wp","href":"https:\/\/api.w.org\/{rel}","templated":true}]}}