{"id":61142,"date":"2015-08-20T09:38:52","date_gmt":"2015-08-20T12:38:52","guid":{"rendered":"http:\/\/www.eltrabajo.cl\/portal\/?p=61142"},"modified":"2015-08-20T09:38:52","modified_gmt":"2015-08-20T12:38:52","slug":"realizan-charla-dictada-por-fundacion-la-semilla-para-usuarios-de-prodesal","status":"publish","type":"post","link":"https:\/\/eltrabajo.cl\/portal\/realizan-charla-dictada-por-fundacion-la-semilla-para-usuarios-de-prodesal\/","title":{"rendered":"Realizan charla dictada por Fundaci\u00f3n la Semilla para usuarios de Prodesal"},"content":{"rendered":"<p><a href=\"https:\/\/i0.wp.com\/www.eltrabajo.cl\/portal\/wp-content\/uploads\/2015\/08\/CHARLA-FUNDACION-LA-SEMILLA.jpg\"><img data-recalc-dims=\"1\" loading=\"lazy\" decoding=\"async\" class=\"alignleft wp-image-61143 size-medium\" src=\"https:\/\/i0.wp.com\/www.eltrabajo.cl\/portal\/wp-content\/uploads\/2015\/08\/CHARLA-FUNDACION-LA-SEMILLA-300x198.jpg?resize=300%2C198\" alt=\"CHARLA FUNDACION LA SEMILLA\" width=\"300\" height=\"198\" srcset=\"https:\/\/i0.wp.com\/eltrabajo.cl\/portal\/wp-content\/uploads\/2015\/08\/CHARLA-FUNDACION-LA-SEMILLA.jpg?resize=300%2C198&amp;ssl=1 300w, https:\/\/i0.wp.com\/eltrabajo.cl\/portal\/wp-content\/uploads\/2015\/08\/CHARLA-FUNDACION-LA-SEMILLA.jpg?resize=200%2C132&amp;ssl=1 200w, https:\/\/i0.wp.com\/eltrabajo.cl\/portal\/wp-content\/uploads\/2015\/08\/CHARLA-FUNDACION-LA-SEMILLA.jpg?resize=228%2C150&amp;ssl=1 228w, https:\/\/i0.wp.com\/eltrabajo.cl\/portal\/wp-content\/uploads\/2015\/08\/CHARLA-FUNDACION-LA-SEMILLA.jpg?resize=400%2C263&amp;ssl=1 400w, https:\/\/i0.wp.com\/eltrabajo.cl\/portal\/wp-content\/uploads\/2015\/08\/CHARLA-FUNDACION-LA-SEMILLA.jpg?w=530&amp;ssl=1 530w\" sizes=\"auto, (max-width: 300px) 100vw, 300px\" \/><\/a><\/p>\n<ul>\n<li><strong>La jornada estuvo orientada en ense\u00f1ar las fuentes de manejo y los procesos para la formaci\u00f3n de huertos con t\u00e9cnicas de biodiversidad.<\/strong><\/li>\n<\/ul>\n<p><strong>PANQUEHUE.-<\/strong> Satisfechos se mostraron los 10 usuarios del programa Prodesal de la Municipalidad de Panquehue, al participar de una serie de charlas informativas, para potenciar el desarrollo del proyecto de huertos familiares, con t\u00e9cnicas de biodiversidad.<br \/>\nSe trata de un convenio que firm\u00f3 la municipalidad de Panquehue con Angloamerican, y que a trav\u00e9s de la Fundaci\u00f3n La Semilla, se ejecutan estas instancias.<br \/>\nDe acuerdo a lo informado por el coordinador del programa Prodesal, el M\u00e9dico Veterinario Dr. Luis Salgado, este convenio tiene como objetivo promover el establecimiento de huertos familiares bajo el concepto de permacultura, pues con esta t\u00e9cnica, lo que se busca es lograr la ejecuci\u00f3n de cultivos, con un dise\u00f1o que permita la m\u00e1xima eficiencia de los recursos a trav\u00e9s de procesos org\u00e1nicos.<br \/>\nAgreg\u00f3 el Dr. Salgado, que el convenio incluy\u00f3 la realizaci\u00f3n de estas clases magistrales a este grupo de usuarios de Prodesal, por parte de la Fundaci\u00f3n Semilla, y desde ahora se iniciar\u00e1 el trabajo con sus huertos familiares, proceso que ser\u00e1 supervisado y vigilado de acuerdo a sus logros.<br \/>\nLa permacultura es una rama de dise\u00f1o ecol\u00f3gico, la ingenier\u00eda ecol\u00f3gica, y el dise\u00f1o del medio ambiente que desarrolla la arquitectura sostenible y los sistemas agr\u00edcolas de automantenimiento modelados desde los ecosistemas naturales.<\/p>\n","protected":false},"excerpt":{"rendered":"<p>La jornada estuvo orientada en ense\u00f1ar las fuentes de manejo y los procesos para la formaci\u00f3n de huertos con t\u00e9cnicas de biodiversidad. PANQUEHUE.- Satisfechos se mostraron los 10 usuarios del programa Prodesal&#8230;<\/p>\n","protected":false},"author":482,"featured_media":61143,"comment_status":"open","ping_status":"open","sticky":false,"template":"","format":"standard","meta":{"advanced_seo_description":"","jetpack_seo_html_title":"","jetpack_seo_noindex":false,"_jetpack_memberships_contains_paid_content":false,"footnotes":""},"categories":[15],"tags":[],"class_list":["post-61142","post","type-post","status-publish","format-standard","has-post-thumbnail","hentry","category-comunidad"],"jetpack_featured_media_url":"https:\/\/i0.wp.com\/eltrabajo.cl\/portal\/wp-content\/uploads\/2015\/08\/CHARLA-FUNDACION-LA-SEMILLA.jpg?fit=530%2C349&ssl=1","jetpack_sharing_enabled":true,"jetpack_likes_enabled":true,"jetpack-related-posts":[],"_links":{"self":[{"href":"https:\/\/eltrabajo.cl\/portal\/wp-json\/wp\/v2\/posts\/61142","targetHints":{"allow":["GET"]}}],"collection":[{"href":"https:\/\/eltrabajo.cl\/portal\/wp-json\/wp\/v2\/posts"}],"about":[{"href":"https:\/\/eltrabajo.cl\/portal\/wp-json\/wp\/v2\/types\/post"}],"author":[{"embeddable":true,"href":"https:\/\/eltrabajo.cl\/portal\/wp-json\/wp\/v2\/users\/482"}],"replies":[{"embeddable":true,"href":"https:\/\/eltrabajo.cl\/portal\/wp-json\/wp\/v2\/comments?post=61142"}],"version-history":[{"count":0,"href":"https:\/\/eltrabajo.cl\/portal\/wp-json\/wp\/v2\/posts\/61142\/revisions"}],"wp:featuredmedia":[{"embeddable":true,"href":"https:\/\/eltrabajo.cl\/portal\/wp-json\/wp\/v2\/media\/61143"}],"wp:attachment":[{"href":"https:\/\/eltrabajo.cl\/portal\/wp-json\/wp\/v2\/media?parent=61142"}],"wp:term":[{"taxonomy":"category","embeddable":true,"href":"https:\/\/eltrabajo.cl\/portal\/wp-json\/wp\/v2\/categories?post=61142"},{"taxonomy":"post_tag","embeddable":true,"href":"https:\/\/eltrabajo.cl\/portal\/wp-json\/wp\/v2\/tags?post=61142"}],"curies":[{"name":"wp","href":"https:\/\/api.w.org\/{rel}","templated":true}]}}