{"id":61145,"date":"2015-08-20T09:40:18","date_gmt":"2015-08-20T12:40:18","guid":{"rendered":"http:\/\/www.eltrabajo.cl\/portal\/?p=61145"},"modified":"2015-08-20T09:40:18","modified_gmt":"2015-08-20T12:40:18","slug":"tras-larga-busqueda-finalmente-hallan-a-salvo-a-menores-desaparecidos","status":"publish","type":"post","link":"https:\/\/eltrabajo.cl\/portal\/tras-larga-busqueda-finalmente-hallan-a-salvo-a-menores-desaparecidos\/","title":{"rendered":"Tras larga b\u00fasqueda finalmente hallan a salvo a menores desaparecidos"},"content":{"rendered":"<figure id=\"attachment_61146\" aria-describedby=\"caption-attachment-61146\" style=\"width: 200px\" class=\"wp-caption alignleft\"><a href=\"https:\/\/i0.wp.com\/www.eltrabajo.cl\/portal\/wp-content\/uploads\/2015\/08\/chicos-extraviados-copia.jpg\"><img data-recalc-dims=\"1\" loading=\"lazy\" decoding=\"async\" class=\"wp-image-61146 size-thumbnail\" src=\"https:\/\/i0.wp.com\/www.eltrabajo.cl\/portal\/wp-content\/uploads\/2015\/08\/chicos-extraviados-copia-200x132.jpg?resize=200%2C132\" alt=\"Los dos menores fueron intensamente buscados por familiares, especul\u00e1ndose diferentes paraderos como que estaban en 21 de Mayo o en un centro comercial de San Felipe, sin embargo finalmente fueron hallados en Putaendo.\" width=\"200\" height=\"132\" srcset=\"https:\/\/i0.wp.com\/eltrabajo.cl\/portal\/wp-content\/uploads\/2015\/08\/chicos-extraviados-copia.jpg?resize=200%2C132&amp;ssl=1 200w, https:\/\/i0.wp.com\/eltrabajo.cl\/portal\/wp-content\/uploads\/2015\/08\/chicos-extraviados-copia.jpg?resize=300%2C198&amp;ssl=1 300w, https:\/\/i0.wp.com\/eltrabajo.cl\/portal\/wp-content\/uploads\/2015\/08\/chicos-extraviados-copia.jpg?resize=227%2C150&amp;ssl=1 227w, https:\/\/i0.wp.com\/eltrabajo.cl\/portal\/wp-content\/uploads\/2015\/08\/chicos-extraviados-copia.jpg?resize=400%2C264&amp;ssl=1 400w, https:\/\/i0.wp.com\/eltrabajo.cl\/portal\/wp-content\/uploads\/2015\/08\/chicos-extraviados-copia.jpg?w=530&amp;ssl=1 530w\" sizes=\"auto, (max-width: 200px) 100vw, 200px\" \/><\/a><figcaption id=\"caption-attachment-61146\" class=\"wp-caption-text\">Los dos menores fueron intensamente buscados por familiares, especul\u00e1ndose diferentes paraderos como que estaban en 21 de Mayo o en un centro comercial de San Felipe, sin embargo finalmente fueron hallados en Putaendo.<\/figcaption><\/figure>\n<p><strong>PUTAENDO.<\/strong>&#8211; Luego de una intensa b\u00fasqueda llevada a cabo por familiares y Carabineros, finalmente a eso de las 18:00 horas en la plaza de la comuna de Putaendo fueron encontrados los dos estudiantes del Colegio Marie Poussepin que se encontraban desaparecidos desde la ma\u00f1ana de este mi\u00e9rcoles.<br \/>\nLa b\u00fasqueda comenz\u00f3 pasadas las 13:30 horas, cuando los padres de ambos menores de edad concurrieron hasta el Colegio Marie Poussepin, percat\u00e1ndose que no se encontraban en el establecimiento, al cual no hab\u00edan llegado en horas de la ma\u00f1ana, por lo que tras algunas horas se entabl\u00f3 una denuncia por presunta desgracia en la Tenencia de Carabineros de Putaendo, cuyo personal se sum\u00f3 a las labores de b\u00fasqueda junto a varios familiares que se enteraron de lo sucedido.<br \/>\nTras varias horas de angustia y preocupaci\u00f3n, familiares cercanos encontraron a los dos menores en la Plaza de Armas de Putaendo, a eso de las 18:00 horas, a salvo y en buenas condiciones f\u00edsicas, por lo que fueron trasladados hasta la Tenencia de Putaendo y luego derivados junto a sus padres hasta el Hospital San Antonio para la correspondiente constataci\u00f3n de lesiones.<br \/>\nEn horas de la ma\u00f1ana y como de costumbre, los dos peque\u00f1os estudiantes abordaron una micro de la locomoci\u00f3n colectiva rumbo a la comuna de Putaendo para asistir al Colegio Marie Poussepin, sin embargo y por causas que no est\u00e1n a\u00fan determinadas, aparentemente no bajaron en el lugar habitual y comenzaron a caminar por las calles de la comuna, desorient\u00e1ndose y perdiendo el rumbo hasta que fueron encontrados por familiares en el centro de Putaendo.<br \/>\nCarabineros no ha entregado a\u00fan una versi\u00f3n oficial sobre las causas que llevaron al extrav\u00edo de ambos menores de edad, mientras que sus padres y familiares agradecieron la preocupaci\u00f3n de la comunidad y de quienes se sumaron a las labores de b\u00fasqueda.<br \/>\n<strong>Patricio Gallardo M.<\/strong><\/p>\n","protected":false},"excerpt":{"rendered":"<p>PUTAENDO.&#8211; Luego de una intensa b\u00fasqueda llevada a cabo por familiares y Carabineros, finalmente a eso de las 18:00 horas en la plaza de la comuna de Putaendo fueron encontrados los dos&#8230;<\/p>\n","protected":false},"author":482,"featured_media":61146,"comment_status":"open","ping_status":"open","sticky":false,"template":"","format":"standard","meta":{"advanced_seo_description":"","jetpack_seo_html_title":"","jetpack_seo_noindex":false,"_jetpack_memberships_contains_paid_content":false,"footnotes":""},"categories":[15],"tags":[],"class_list":["post-61145","post","type-post","status-publish","format-standard","has-post-thumbnail","hentry","category-comunidad"],"jetpack_featured_media_url":"https:\/\/i0.wp.com\/eltrabajo.cl\/portal\/wp-content\/uploads\/2015\/08\/chicos-extraviados-copia.jpg?fit=530%2C350&ssl=1","jetpack_sharing_enabled":true,"jetpack_likes_enabled":true,"jetpack-related-posts":[],"_links":{"self":[{"href":"https:\/\/eltrabajo.cl\/portal\/wp-json\/wp\/v2\/posts\/61145","targetHints":{"allow":["GET"]}}],"collection":[{"href":"https:\/\/eltrabajo.cl\/portal\/wp-json\/wp\/v2\/posts"}],"about":[{"href":"https:\/\/eltrabajo.cl\/portal\/wp-json\/wp\/v2\/types\/post"}],"author":[{"embeddable":true,"href":"https:\/\/eltrabajo.cl\/portal\/wp-json\/wp\/v2\/users\/482"}],"replies":[{"embeddable":true,"href":"https:\/\/eltrabajo.cl\/portal\/wp-json\/wp\/v2\/comments?post=61145"}],"version-history":[{"count":0,"href":"https:\/\/eltrabajo.cl\/portal\/wp-json\/wp\/v2\/posts\/61145\/revisions"}],"wp:featuredmedia":[{"embeddable":true,"href":"https:\/\/eltrabajo.cl\/portal\/wp-json\/wp\/v2\/media\/61146"}],"wp:attachment":[{"href":"https:\/\/eltrabajo.cl\/portal\/wp-json\/wp\/v2\/media?parent=61145"}],"wp:term":[{"taxonomy":"category","embeddable":true,"href":"https:\/\/eltrabajo.cl\/portal\/wp-json\/wp\/v2\/categories?post=61145"},{"taxonomy":"post_tag","embeddable":true,"href":"https:\/\/eltrabajo.cl\/portal\/wp-json\/wp\/v2\/tags?post=61145"}],"curies":[{"name":"wp","href":"https:\/\/api.w.org\/{rel}","templated":true}]}}