{"id":61148,"date":"2015-08-20T09:42:47","date_gmt":"2015-08-20T12:42:47","guid":{"rendered":"http:\/\/www.eltrabajo.cl\/portal\/?p=61148"},"modified":"2015-08-20T09:42:47","modified_gmt":"2015-08-20T12:42:47","slug":"con-gran-emocion-autoridades-inauguran-moderna-multicancha-en-villa-juan-pablo-ii","status":"publish","type":"post","link":"https:\/\/eltrabajo.cl\/portal\/con-gran-emocion-autoridades-inauguran-moderna-multicancha-en-villa-juan-pablo-ii\/","title":{"rendered":"Con gran emoci\u00f3n, autoridades inauguran moderna multicancha en villa Juan Pablo II"},"content":{"rendered":"<figure id=\"attachment_61149\" aria-describedby=\"caption-attachment-61149\" style=\"width: 300px\" class=\"wp-caption alignleft\"><a href=\"https:\/\/i0.wp.com\/www.eltrabajo.cl\/portal\/wp-content\/uploads\/2015\/08\/Inaug-Multicancha-Villa-Juan-Pablo-Segundo-Imagen-fija001.jpg\"><img data-recalc-dims=\"1\" loading=\"lazy\" decoding=\"async\" class=\"wp-image-61149 size-medium\" src=\"https:\/\/i0.wp.com\/www.eltrabajo.cl\/portal\/wp-content\/uploads\/2015\/08\/Inaug-Multicancha-Villa-Juan-Pablo-Segundo-Imagen-fija001-300x197.jpg?resize=300%2C197\" alt=\"Con mucha alegr\u00eda este martes, el alcalde Patricio Freire inaugur\u00f3 la multicancha y el cierre perimetral de la villa Juan Pablo II.\" width=\"300\" height=\"197\" srcset=\"https:\/\/i0.wp.com\/eltrabajo.cl\/portal\/wp-content\/uploads\/2015\/08\/Inaug-Multicancha-Villa-Juan-Pablo-Segundo-Imagen-fija001.jpg?resize=300%2C197&amp;ssl=1 300w, https:\/\/i0.wp.com\/eltrabajo.cl\/portal\/wp-content\/uploads\/2015\/08\/Inaug-Multicancha-Villa-Juan-Pablo-Segundo-Imagen-fija001.jpg?resize=200%2C131&amp;ssl=1 200w, https:\/\/i0.wp.com\/eltrabajo.cl\/portal\/wp-content\/uploads\/2015\/08\/Inaug-Multicancha-Villa-Juan-Pablo-Segundo-Imagen-fija001.jpg?resize=228%2C150&amp;ssl=1 228w, https:\/\/i0.wp.com\/eltrabajo.cl\/portal\/wp-content\/uploads\/2015\/08\/Inaug-Multicancha-Villa-Juan-Pablo-Segundo-Imagen-fija001.jpg?resize=400%2C263&amp;ssl=1 400w, https:\/\/i0.wp.com\/eltrabajo.cl\/portal\/wp-content\/uploads\/2015\/08\/Inaug-Multicancha-Villa-Juan-Pablo-Segundo-Imagen-fija001.jpg?w=530&amp;ssl=1 530w\" sizes=\"auto, (max-width: 300px) 100vw, 300px\" \/><\/a><figcaption id=\"caption-attachment-61149\" class=\"wp-caption-text\">Con mucha alegr\u00eda este martes, el alcalde Patricio Freire inaugur\u00f3 la multicancha y el cierre perimetral de la villa Juan Pablo II.<\/figcaption><\/figure>\n<ul>\n<li><strong>Los equipos t\u00e9cnicos del municipio trabajaron junto a los vecinos, dando vida, despu\u00e9s de unos meses, a este proyecto muy esperado por los residentes.<\/strong><\/li>\n<\/ul>\n<p>Este martes 18 de agosto, en el marco del aniversario 275 de la comuna de San Felipe, el alcalde Patricio Freire inaugur\u00f3 la multicancha y el cierre perimetral de la villa Juan Pablo II, un proyecto ejecutado en su totalidad durante la actual administraci\u00f3n alcaldicia.<br \/>\nEl proyecto, que tuvo financiamiento del Fondo Regional de Inversi\u00f3n Local y los recursos alcanzaron una cifra superior a los 48 millones de pesos, fue planteado hace unos meses atr\u00e1s por los vecinos de ese sector, como una necesidad tanto para los ni\u00f1os como para los j\u00f3venes del lugar, que no ten\u00edan un recinto seguro donde practicar deporte y reunirse.<br \/>\nLuego de meses de trabajo del equipo t\u00e9cnico del municipio junto a los vecinos, el proyecto comenz\u00f3 a ser una realidad, iniciativa que consider\u00f3 el reemplazo del asfalto existente por equipamiento deportivo de acuerdo a la normativa del IND, contempl\u00f3 adem\u00e1s hormig\u00f3n armado y un cierre perimetral de malla con dos puertas dobles, sumado a equipamiento para la pr\u00e1ctica del b\u00e1squetbol, mini f\u00fatbol y el voleibol. En el lugar fueron instalados tambi\u00e9n cuatro postes, que permiten iluminar el sector y entrega mayor seguridad al lugar.<br \/>\n\u201cEstamos muy contentos de inaugurar esta moderna multicancha. Queremos agradecer a las autoridades regionales y muy en especial a los Consejeros Regionales por el apoyo que nos entregan para ejecutar este tipo de proyectos, que van en directo beneficio de los vecinos y de nuestros ni\u00f1os\u201d, dijo el alcalde Freire.<br \/>\nLos vecinos se mostraron felices con la ejecuci\u00f3n del proyecto, por mucho tiempo esperado por los residentes, y que luego de un a\u00f1o de trabajo en conjunto entre las autoridades y dirigentes, es una realidad.<br \/>\n\u201cEstamos muy orgullosos y contentos de estar junto al Alcalde, me siento feliz por este logro que hemos obtenido gracias al Alcalde, a las autoridades y a los vecinos. Este es un avance para el sector, que naci\u00f3 luego de tomar la directiva de la villa. Vimos que el lugar estaba en muy mal estado y pr\u00e1cticamente no ten\u00eda nada, as\u00ed que se nos ocurri\u00f3 de ir a hablar con el Alcalde y \u00e9l inmediatamente nos dio la posibilidad de que esto se pod\u00eda lograr y as\u00ed fue, por eso muy agradecidos del Alcalde por todo lo que ha hecho por nosotros\u201d, dijo Rosa P\u00e9rez, presidenta de la junta de vecinos del sector.<\/p>\n","protected":false},"excerpt":{"rendered":"<p>Los equipos t\u00e9cnicos del municipio trabajaron junto a los vecinos, dando vida, despu\u00e9s de unos meses, a este proyecto muy esperado por los residentes. Este martes 18 de agosto, en el marco&#8230;<\/p>\n","protected":false},"author":482,"featured_media":61149,"comment_status":"open","ping_status":"open","sticky":false,"template":"","format":"standard","meta":{"advanced_seo_description":"","jetpack_seo_html_title":"","jetpack_seo_noindex":false,"_jetpack_memberships_contains_paid_content":false,"footnotes":""},"categories":[1],"tags":[],"class_list":["post-61148","post","type-post","status-publish","format-standard","has-post-thumbnail","hentry","category-cronica"],"jetpack_featured_media_url":"https:\/\/i0.wp.com\/eltrabajo.cl\/portal\/wp-content\/uploads\/2015\/08\/Inaug-Multicancha-Villa-Juan-Pablo-Segundo-Imagen-fija001.jpg?fit=530%2C348&ssl=1","jetpack_sharing_enabled":true,"jetpack_likes_enabled":true,"jetpack-related-posts":[],"_links":{"self":[{"href":"https:\/\/eltrabajo.cl\/portal\/wp-json\/wp\/v2\/posts\/61148","targetHints":{"allow":["GET"]}}],"collection":[{"href":"https:\/\/eltrabajo.cl\/portal\/wp-json\/wp\/v2\/posts"}],"about":[{"href":"https:\/\/eltrabajo.cl\/portal\/wp-json\/wp\/v2\/types\/post"}],"author":[{"embeddable":true,"href":"https:\/\/eltrabajo.cl\/portal\/wp-json\/wp\/v2\/users\/482"}],"replies":[{"embeddable":true,"href":"https:\/\/eltrabajo.cl\/portal\/wp-json\/wp\/v2\/comments?post=61148"}],"version-history":[{"count":0,"href":"https:\/\/eltrabajo.cl\/portal\/wp-json\/wp\/v2\/posts\/61148\/revisions"}],"wp:featuredmedia":[{"embeddable":true,"href":"https:\/\/eltrabajo.cl\/portal\/wp-json\/wp\/v2\/media\/61149"}],"wp:attachment":[{"href":"https:\/\/eltrabajo.cl\/portal\/wp-json\/wp\/v2\/media?parent=61148"}],"wp:term":[{"taxonomy":"category","embeddable":true,"href":"https:\/\/eltrabajo.cl\/portal\/wp-json\/wp\/v2\/categories?post=61148"},{"taxonomy":"post_tag","embeddable":true,"href":"https:\/\/eltrabajo.cl\/portal\/wp-json\/wp\/v2\/tags?post=61148"}],"curies":[{"name":"wp","href":"https:\/\/api.w.org\/{rel}","templated":true}]}}