{"id":61151,"date":"2015-08-20T09:44:14","date_gmt":"2015-08-20T12:44:14","guid":{"rendered":"http:\/\/www.eltrabajo.cl\/portal\/?p=61151"},"modified":"2015-08-20T09:44:14","modified_gmt":"2015-08-20T12:44:14","slug":"inician-campana-para-evitar-robo-de-animales-ante-proximidad-de-fiestas-patrias","status":"publish","type":"post","link":"https:\/\/eltrabajo.cl\/portal\/inician-campana-para-evitar-robo-de-animales-ante-proximidad-de-fiestas-patrias\/","title":{"rendered":"Inician campa\u00f1a para evitar robo de animales ante proximidad de fiestas patrias"},"content":{"rendered":"<figure id=\"attachment_61152\" aria-describedby=\"caption-attachment-61152\" style=\"width: 300px\" class=\"wp-caption alignleft\"><a href=\"https:\/\/i0.wp.com\/www.eltrabajo.cl\/portal\/wp-content\/uploads\/2015\/08\/CAMPA%C3%91A-PREVENCION-ABIGEATO-2.jpg\"><img data-recalc-dims=\"1\" loading=\"lazy\" decoding=\"async\" class=\"wp-image-61152 size-medium\" src=\"https:\/\/i0.wp.com\/www.eltrabajo.cl\/portal\/wp-content\/uploads\/2015\/08\/CAMPA%C3%91A-PREVENCION-ABIGEATO-2-300x197.jpg?resize=300%2C197\" alt=\"El pasado martes, jefe de la Autoridad Sanitaria, Mario M\u00e9ndez Allendes junto Teniente de Carabineros \u00c1ngelo Acevedo y el Suboficial Juan V\u00e1squez, recorrieron varios sectores de la comuna para impulsar a los propietarios de animales para incentivar los cuidados.\" width=\"300\" height=\"197\" srcset=\"https:\/\/i0.wp.com\/eltrabajo.cl\/portal\/wp-content\/uploads\/2015\/08\/CAMPA%C3%91A-PREVENCION-ABIGEATO-2.jpg?resize=300%2C197&amp;ssl=1 300w, https:\/\/i0.wp.com\/eltrabajo.cl\/portal\/wp-content\/uploads\/2015\/08\/CAMPA%C3%91A-PREVENCION-ABIGEATO-2.jpg?resize=200%2C131&amp;ssl=1 200w, https:\/\/i0.wp.com\/eltrabajo.cl\/portal\/wp-content\/uploads\/2015\/08\/CAMPA%C3%91A-PREVENCION-ABIGEATO-2.jpg?resize=228%2C150&amp;ssl=1 228w, https:\/\/i0.wp.com\/eltrabajo.cl\/portal\/wp-content\/uploads\/2015\/08\/CAMPA%C3%91A-PREVENCION-ABIGEATO-2.jpg?resize=400%2C263&amp;ssl=1 400w, https:\/\/i0.wp.com\/eltrabajo.cl\/portal\/wp-content\/uploads\/2015\/08\/CAMPA%C3%91A-PREVENCION-ABIGEATO-2.jpg?w=530&amp;ssl=1 530w\" sizes=\"auto, (max-width: 300px) 100vw, 300px\" \/><\/a><figcaption id=\"caption-attachment-61152\" class=\"wp-caption-text\">El pasado martes, jefe de la Autoridad Sanitaria, Mario M\u00e9ndez Allendes junto Teniente de Carabineros \u00c1ngelo Acevedo y el Suboficial Juan V\u00e1squez, recorrieron varios sectores de la comuna para impulsar a los propietarios de animales para incentivar los cuidados.<\/figcaption><\/figure>\n<p><strong>PUTAENDO.-<\/strong> Durante la ma\u00f1ana del pasado martes, el Jefe de la Oficina Biprovincial de la Seremi de Salud (Autoridad Sanitaria), Mario M\u00e9ndez junto a Carabineros de Putaendo y Los Patos dieron inicio de manera oficial a la campa\u00f1a preventiva para evitar el robo de animales y la comercializaci\u00f3n ilegal de carne ante la proximidad de fiestas patrias.<br \/>\nLa comitiva recorri\u00f3 varios sectores de la comuna para entregar las recomendaciones correspondientes a los propietarios de animales, quienes en el contexto de un di\u00e1logo fruct\u00edfero entendieron los consejos entregados por el Teniente de Carabineros \u00c1ngelo Acevedo y el Suboficial Juan V\u00e1squez, jefe del Ret\u00e9n Los Patos, quienes reiteraron a los propietarios de animales las medidas de seguridad que deben adoptar, m\u00e1s a\u00fan en las pr\u00f3ximas fechas, donde aumenta el delito de abigeato (robo de animales), y que gracias a esta misma campa\u00f1a que se viene ejecutando desde hace varios a\u00f1os, permiti\u00f3 que el a\u00f1o 2014 no se registraran robos de esta \u00edndole durante la misma fecha.<br \/>\nDentro de esta campa\u00f1a preventiva, Carabineros anunci\u00f3 una intensa fiscalizaci\u00f3n a furgones y camiones, ya que este tipo de veh\u00edculos de carga habitualmente son utilizados por cuatreros para cometer el robo de animales y adem\u00e1s aseguraron que mantendr\u00e1n en forma diaria comunicaci\u00f3n y visitas con todos los propietarios de animales de distintos sectores de Putaendo, con la finalidad de trabajar en conjunto y mantener los resultados obtenidos el a\u00f1o 2014.<br \/>\nPor su parte, el Jefe de la Autoridad Sanitaria, Mario M\u00e9ndez Allendes, destac\u00f3 la importancia de esta iniciativa y sostuvo que es fundamental que la comunidad compre carne s\u00f3lo en locales establecidos, es decir, carnicer\u00edas y supermercados que tambi\u00e9n cuenten con la respectiva resoluci\u00f3n sanitaria, pero por ning\u00fan motivo recurran a los denominados \u2018clandestinos\u2019 a los cuales muchas personas llegan a trav\u00e9s de datos entregados por amigos y cercanos, indicando al respecto que la carne debe tener una cadena de fr\u00edo y es uno de los alimentos que m\u00e1s se contamina con polvo o bacterias cuando es faenada en condiciones deficientes, y eso puede acarrear serias consecuencias a la salud de las personas.<br \/>\nM\u00e9ndez precis\u00f3 que en conjunto con Carabineros se realizar\u00e1n exhaustivas fiscalizaciones a los locales que venden carne para cerciorarse que cumplan con la respectiva reglamentaci\u00f3n sanitaria y fue tajante en se\u00f1alar que ser\u00e1n inflexibles con aquellas personas que en forma clandestina comercialicen cualquier tipo de carne en domicilios, veh\u00edculos o locales comerciales que no cuentan con el permiso sanitario para este tipo de venta.<br \/>\nEl Jefe de la Autoridad Sanitaria puntualiz\u00f3 que es com\u00fan que ante la proximidad de fiestas patrias algunos domicilios, sobretodo en localidades rurales se faenen animales peque\u00f1os como cabras u ovejas para el consumo familiar, y en ese sentido declar\u00f3 que de todas maneras se deben tomar las medidas de higiene correspondiente, agregando que una cosa muy distinta es faenar animales y venderlos, porque ah\u00ed ya existe comercializaci\u00f3n y deben cumplir con todos los est\u00e1ndares sanitarios.<br \/>\nEsta visita fue muy bien evaluada por los propietarios de animales, quienes coincidieron en relevar la preocupaci\u00f3n del Jefe de la Autoridad Sanitaria, Mario M\u00e9ndez Allendes junto a personal de Carabineros de Putaendo encabezados por el Teniente \u00c1ngelo Acevedo y el Suboficial Juan V\u00e1squez, para proteger su fuente de sustento y tambi\u00e9n para garantizar una celebraci\u00f3n de fiestas patrias con la premisa del cuidado de la salud de las personas.<br \/>\n<strong>Patricio Gallardo M.<\/strong><\/p>\n","protected":false},"excerpt":{"rendered":"<p>PUTAENDO.- Durante la ma\u00f1ana del pasado martes, el Jefe de la Oficina Biprovincial de la Seremi de Salud (Autoridad Sanitaria), Mario M\u00e9ndez junto a Carabineros de Putaendo y Los Patos dieron inicio&#8230;<\/p>\n","protected":false},"author":482,"featured_media":61152,"comment_status":"open","ping_status":"open","sticky":false,"template":"","format":"standard","meta":{"advanced_seo_description":"","jetpack_seo_html_title":"","jetpack_seo_noindex":false,"_jetpack_memberships_contains_paid_content":false,"footnotes":""},"categories":[1],"tags":[],"class_list":["post-61151","post","type-post","status-publish","format-standard","has-post-thumbnail","hentry","category-cronica"],"jetpack_featured_media_url":"https:\/\/i0.wp.com\/eltrabajo.cl\/portal\/wp-content\/uploads\/2015\/08\/CAMPA%C3%91A-PREVENCION-ABIGEATO-2.jpg?fit=530%2C348&ssl=1","jetpack_sharing_enabled":true,"jetpack_likes_enabled":true,"jetpack-related-posts":[],"_links":{"self":[{"href":"https:\/\/eltrabajo.cl\/portal\/wp-json\/wp\/v2\/posts\/61151","targetHints":{"allow":["GET"]}}],"collection":[{"href":"https:\/\/eltrabajo.cl\/portal\/wp-json\/wp\/v2\/posts"}],"about":[{"href":"https:\/\/eltrabajo.cl\/portal\/wp-json\/wp\/v2\/types\/post"}],"author":[{"embeddable":true,"href":"https:\/\/eltrabajo.cl\/portal\/wp-json\/wp\/v2\/users\/482"}],"replies":[{"embeddable":true,"href":"https:\/\/eltrabajo.cl\/portal\/wp-json\/wp\/v2\/comments?post=61151"}],"version-history":[{"count":0,"href":"https:\/\/eltrabajo.cl\/portal\/wp-json\/wp\/v2\/posts\/61151\/revisions"}],"wp:featuredmedia":[{"embeddable":true,"href":"https:\/\/eltrabajo.cl\/portal\/wp-json\/wp\/v2\/media\/61152"}],"wp:attachment":[{"href":"https:\/\/eltrabajo.cl\/portal\/wp-json\/wp\/v2\/media?parent=61151"}],"wp:term":[{"taxonomy":"category","embeddable":true,"href":"https:\/\/eltrabajo.cl\/portal\/wp-json\/wp\/v2\/categories?post=61151"},{"taxonomy":"post_tag","embeddable":true,"href":"https:\/\/eltrabajo.cl\/portal\/wp-json\/wp\/v2\/tags?post=61151"}],"curies":[{"name":"wp","href":"https:\/\/api.w.org\/{rel}","templated":true}]}}