{"id":61154,"date":"2015-08-20T09:45:43","date_gmt":"2015-08-20T12:45:43","guid":{"rendered":"http:\/\/www.eltrabajo.cl\/portal\/?p=61154"},"modified":"2015-08-20T09:45:43","modified_gmt":"2015-08-20T12:45:43","slug":"superintendencia-de-educacion-comenzo-a-atender-en-provincia-de-san-felipe","status":"publish","type":"post","link":"https:\/\/eltrabajo.cl\/portal\/superintendencia-de-educacion-comenzo-a-atender-en-provincia-de-san-felipe\/","title":{"rendered":"Superintendencia de Educaci\u00f3n comenz\u00f3 a atender en provincia de San Felipe"},"content":{"rendered":"<figure id=\"attachment_61155\" aria-describedby=\"caption-attachment-61155\" style=\"width: 300px\" class=\"wp-caption alignleft\"><a href=\"https:\/\/i0.wp.com\/www.eltrabajo.cl\/portal\/wp-content\/uploads\/2015\/08\/Superintendencia-de-educacion-san-felipe.jpg\"><img data-recalc-dims=\"1\" loading=\"lazy\" decoding=\"async\" class=\"wp-image-61155 size-medium\" src=\"https:\/\/i0.wp.com\/www.eltrabajo.cl\/portal\/wp-content\/uploads\/2015\/08\/Superintendencia-de-educacion-san-felipe-300x198.jpg?resize=300%2C198\" alt=\"El gobernador Eduardo Le\u00f3n junto a Hugo D\u00edaz, Coordinador Regional de Unidad de Atenciones y Reclamos de la Direcci\u00f3n Regional de la Supereduc.\" width=\"300\" height=\"198\" srcset=\"https:\/\/i0.wp.com\/eltrabajo.cl\/portal\/wp-content\/uploads\/2015\/08\/Superintendencia-de-educacion-san-felipe.jpg?resize=300%2C198&amp;ssl=1 300w, https:\/\/i0.wp.com\/eltrabajo.cl\/portal\/wp-content\/uploads\/2015\/08\/Superintendencia-de-educacion-san-felipe.jpg?resize=200%2C132&amp;ssl=1 200w, https:\/\/i0.wp.com\/eltrabajo.cl\/portal\/wp-content\/uploads\/2015\/08\/Superintendencia-de-educacion-san-felipe.jpg?resize=228%2C150&amp;ssl=1 228w, https:\/\/i0.wp.com\/eltrabajo.cl\/portal\/wp-content\/uploads\/2015\/08\/Superintendencia-de-educacion-san-felipe.jpg?resize=400%2C263&amp;ssl=1 400w, https:\/\/i0.wp.com\/eltrabajo.cl\/portal\/wp-content\/uploads\/2015\/08\/Superintendencia-de-educacion-san-felipe.jpg?w=530&amp;ssl=1 530w\" sizes=\"auto, (max-width: 300px) 100vw, 300px\" \/><\/a><figcaption id=\"caption-attachment-61155\" class=\"wp-caption-text\">El gobernador Eduardo Le\u00f3n junto a Hugo D\u00edaz, Coordinador Regional de Unidad de Atenciones y Reclamos de la Direcci\u00f3n Regional de la Supereduc.<\/figcaption><\/figure>\n<ul>\n<li><strong>Atenci\u00f3n se realizar\u00e1 el tercer mi\u00e9rcoles de cada mes en el tercer piso del edificio de la Gobernaci\u00f3n de San Felipe.<\/strong><\/li>\n<\/ul>\n<p>Este mi\u00e9rcoles se puso en marcha el convenio firmado en el mes de julio entre la Superintendencia de Educaci\u00f3n y la Gobernaci\u00f3n de San Felipe, con la colocaci\u00f3n de un profesional que atender\u00e1 al p\u00fablico.<br \/>\nEsta implementaci\u00f3n, est\u00e1 enmarcada en la denominada \u2018Superintendencia m\u00e1s cerca\u2019, iniciativa que tiene por objetivo precisamente acercar a toda la comunidad los servicios de la Superintendencia de Educaci\u00f3n y San Felipe es una de las provincias que contar\u00e1 con este beneficio, lo que permitir\u00e1 que la comunidad de San Felipe y Los Andes tengan acceso a realizar denuncias y atender dudas sin necesidad de desplazarse hasta Vi\u00f1a del Mar.<br \/>\nLa intenci\u00f3n es que se traten en terreno consultas y denuncias del \u00e1mbito educacional y dar soluci\u00f3n a los problemas que se generan en la comunidad educativa.<br \/>\nLas principales acusaciones que han llegado hasta la Superintendencia guardan relaci\u00f3n con el maltrato escolar, por eso se realiza este el llamado para que tanto apoderados como sostenedores u otros actores logren generar un di\u00e1logo con los profesionales e informar de estas irregularidades.<br \/>\nPrecisamente el Gobernador Eduardo Le\u00f3n, destac\u00f3 la cercan\u00eda que se quiere construir. \u201cHoy en d\u00eda, adem\u00e1s de orientar y fiscalizar, la Superintendencia est\u00e1 m\u00e1s cerca de las personas. Ya hubo una primera atenci\u00f3n y fue exitosa, por lo que invitamos a la comunidad a visitar la oficina en la Gobernaci\u00f3n de San Felipe\u201d, se\u00f1al\u00f3 la autoridad.<br \/>\nSeg\u00fan las cifras, son casi cuatrocientas las denuncias de la comunidad educativa que la Superintendencia de Educaci\u00f3n ha recibido durante este a\u00f1o, de las cu\u00e1les 21 provienen de la provincia de San Felipe. Entre las m\u00e1s recurrentes se cuenta el maltrato a estudiantes, la no renovaci\u00f3n de matr\u00edcula y denuncias por situaciones o vulneraci\u00f3n de derechos que afectan a docentes y\/o asistentes de la Educaci\u00f3n.<br \/>\nPor su parte, Hugo D\u00edaz, Coordinador Regional de Unidad de Atenciones y Reclamos de la Direcci\u00f3n Regional de la Supereduc, manifest\u00f3 que ya se realiz\u00f3 la primera denuncia, la que r\u00e1pidamente fue solucionada. \u201cEl hecho de que nosotros estemos ac\u00e1 es para darle premura a las denuncias efectuadas en las Provincias de Aconcagua. Hoy recibimos un caso de retenci\u00f3n de documentos, por lo que tomamos contacto con el apoderado y establecimiento y logramos resolverlo\u201d.<br \/>\nLas atenciones se realizar\u00e1n el tercer mi\u00e9rcoles de cada mes \u2013 la pr\u00f3xima se llevar\u00e1 a cabo el 9 de septiembre- en el tercer piso de la Gobernaci\u00f3n, ubicado en Salinas 1231.<\/p>\n","protected":false},"excerpt":{"rendered":"<p>Atenci\u00f3n se realizar\u00e1 el tercer mi\u00e9rcoles de cada mes en el tercer piso del edificio de la Gobernaci\u00f3n de San Felipe. Este mi\u00e9rcoles se puso en marcha el convenio firmado en el&#8230;<\/p>\n","protected":false},"author":482,"featured_media":61155,"comment_status":"open","ping_status":"open","sticky":false,"template":"","format":"standard","meta":{"advanced_seo_description":"","jetpack_seo_html_title":"","jetpack_seo_noindex":false,"_jetpack_memberships_contains_paid_content":false,"footnotes":""},"categories":[1],"tags":[],"class_list":["post-61154","post","type-post","status-publish","format-standard","has-post-thumbnail","hentry","category-cronica"],"jetpack_featured_media_url":"https:\/\/i0.wp.com\/eltrabajo.cl\/portal\/wp-content\/uploads\/2015\/08\/Superintendencia-de-educacion-san-felipe.jpg?fit=530%2C349&ssl=1","jetpack_sharing_enabled":true,"jetpack_likes_enabled":true,"jetpack-related-posts":[],"_links":{"self":[{"href":"https:\/\/eltrabajo.cl\/portal\/wp-json\/wp\/v2\/posts\/61154","targetHints":{"allow":["GET"]}}],"collection":[{"href":"https:\/\/eltrabajo.cl\/portal\/wp-json\/wp\/v2\/posts"}],"about":[{"href":"https:\/\/eltrabajo.cl\/portal\/wp-json\/wp\/v2\/types\/post"}],"author":[{"embeddable":true,"href":"https:\/\/eltrabajo.cl\/portal\/wp-json\/wp\/v2\/users\/482"}],"replies":[{"embeddable":true,"href":"https:\/\/eltrabajo.cl\/portal\/wp-json\/wp\/v2\/comments?post=61154"}],"version-history":[{"count":0,"href":"https:\/\/eltrabajo.cl\/portal\/wp-json\/wp\/v2\/posts\/61154\/revisions"}],"wp:featuredmedia":[{"embeddable":true,"href":"https:\/\/eltrabajo.cl\/portal\/wp-json\/wp\/v2\/media\/61155"}],"wp:attachment":[{"href":"https:\/\/eltrabajo.cl\/portal\/wp-json\/wp\/v2\/media?parent=61154"}],"wp:term":[{"taxonomy":"category","embeddable":true,"href":"https:\/\/eltrabajo.cl\/portal\/wp-json\/wp\/v2\/categories?post=61154"},{"taxonomy":"post_tag","embeddable":true,"href":"https:\/\/eltrabajo.cl\/portal\/wp-json\/wp\/v2\/tags?post=61154"}],"curies":[{"name":"wp","href":"https:\/\/api.w.org\/{rel}","templated":true}]}}