{"id":61157,"date":"2015-08-20T09:47:32","date_gmt":"2015-08-20T12:47:32","guid":{"rendered":"http:\/\/www.eltrabajo.cl\/portal\/?p=61157"},"modified":"2015-08-20T09:47:32","modified_gmt":"2015-08-20T12:47:32","slug":"condenan-a-dos-antisociales-que-robaron-notebook-en-villa-el-carmen","status":"publish","type":"post","link":"https:\/\/eltrabajo.cl\/portal\/condenan-a-dos-antisociales-que-robaron-notebook-en-villa-el-carmen\/","title":{"rendered":"Condenan a dos antisociales que robaron notebook en villa El Carmen"},"content":{"rendered":"<figure id=\"attachment_61158\" aria-describedby=\"caption-attachment-61158\" style=\"width: 300px\" class=\"wp-caption alignleft\"><a href=\"https:\/\/i0.wp.com\/www.eltrabajo.cl\/portal\/wp-content\/uploads\/2015\/08\/Salvador.jpg\"><img data-recalc-dims=\"1\" loading=\"lazy\" decoding=\"async\" class=\"wp-image-61158 size-medium\" src=\"https:\/\/i0.wp.com\/www.eltrabajo.cl\/portal\/wp-content\/uploads\/2015\/08\/Salvador-300x197.jpg?resize=300%2C197\" alt=\"Salvador Astorga Alfaro arriesga una pena privativa de libertad tras ser considerado culpable del delito de robo en una vivienda en la villa El Carmen de San Felipe, el 22 de noviembre del 2014.\" width=\"300\" height=\"197\" srcset=\"https:\/\/i0.wp.com\/eltrabajo.cl\/portal\/wp-content\/uploads\/2015\/08\/Salvador.jpg?resize=300%2C197&amp;ssl=1 300w, https:\/\/i0.wp.com\/eltrabajo.cl\/portal\/wp-content\/uploads\/2015\/08\/Salvador.jpg?resize=200%2C131&amp;ssl=1 200w, https:\/\/i0.wp.com\/eltrabajo.cl\/portal\/wp-content\/uploads\/2015\/08\/Salvador.jpg?resize=228%2C150&amp;ssl=1 228w, https:\/\/i0.wp.com\/eltrabajo.cl\/portal\/wp-content\/uploads\/2015\/08\/Salvador.jpg?resize=400%2C263&amp;ssl=1 400w, https:\/\/i0.wp.com\/eltrabajo.cl\/portal\/wp-content\/uploads\/2015\/08\/Salvador.jpg?w=530&amp;ssl=1 530w\" sizes=\"auto, (max-width: 300px) 100vw, 300px\" \/><\/a><figcaption id=\"caption-attachment-61158\" class=\"wp-caption-text\">Salvador Astorga Alfaro arriesga una pena privativa de libertad tras ser considerado culpable del delito de robo en una vivienda en la villa El Carmen de San Felipe, el 22 de noviembre del 2014.<\/figcaption><\/figure>\n<p>La Fiscal\u00eda persigue una pena privativa de libertad luego que el Tribunal Oral en Lo Penal de San Felipe, en su veredicto, considerara culpable a los acusados de cometer el robo de un notebook en una vivienda de la villa El Carmen de San Felipe.<br \/>\nPor el delito de robo en lugar habitado fueron declarados culpables por el Tribunal Oral en Lo Penal de San Felipe, Salvador Juli\u00e1n Astorga Alfaro y Franco Nicol\u00e1s Su\u00e1rez Fern\u00e1ndez quienes invadieron una vivienda de la villa El Se\u00f1orial para apoderarse de un notebook.<br \/>\nLa Fiscal Gabriela Fuenzalida, representante del Ministerio P\u00fablico de San Felipe, acus\u00f3 en juicio a los hoy condenados por hechos cometidos el 22 de noviembre de 2014, cuando a eso de las 05:30 horas, Astorga Alfaro y Su\u00e1rez Fern\u00e1ndez irrumpieron al interior del inmueble ubicado en calle Ciudad de Mendoza de villa El Carmen de San Felipe para robar un notebook.<br \/>\nEn esos instantes, el propietario de la vivienda despert\u00f3 con los ruidos producidos por los antisociales, descubriendo la identidad de \u00e9stos, quienes huyeron dejando la especie en el mismo lugar para escapar en direcci\u00f3n desconocida.<br \/>\nSin embargo a los pocos minutos, los delincuentes fueron capturados por Carabineros para ser derivados hasta el centro de justicia y ser procesados. Tras un juicio oral llevado a cabo esta semana, la Fiscal\u00eda persigue una pena privativa de libertad ante el Tribunal, cuya sentencia de la terna de jueces ser\u00e1 dada a conocer ma\u00f1ana viernes.<br \/>\n<strong>Pablo Salinas Sald\u00edas<\/strong><\/p>\n","protected":false},"excerpt":{"rendered":"<p>La Fiscal\u00eda persigue una pena privativa de libertad luego que el Tribunal Oral en Lo Penal de San Felipe, en su veredicto, considerara culpable a los acusados de cometer el robo de&#8230;<\/p>\n","protected":false},"author":482,"featured_media":61158,"comment_status":"open","ping_status":"open","sticky":false,"template":"","format":"standard","meta":{"advanced_seo_description":"","jetpack_seo_html_title":"","jetpack_seo_noindex":false,"_jetpack_memberships_contains_paid_content":false,"footnotes":""},"categories":[21],"tags":[],"class_list":["post-61157","post","type-post","status-publish","format-standard","has-post-thumbnail","hentry","category-policial"],"jetpack_featured_media_url":"https:\/\/i0.wp.com\/eltrabajo.cl\/portal\/wp-content\/uploads\/2015\/08\/Salvador.jpg?fit=530%2C348&ssl=1","jetpack_sharing_enabled":true,"jetpack_likes_enabled":true,"jetpack-related-posts":[],"_links":{"self":[{"href":"https:\/\/eltrabajo.cl\/portal\/wp-json\/wp\/v2\/posts\/61157","targetHints":{"allow":["GET"]}}],"collection":[{"href":"https:\/\/eltrabajo.cl\/portal\/wp-json\/wp\/v2\/posts"}],"about":[{"href":"https:\/\/eltrabajo.cl\/portal\/wp-json\/wp\/v2\/types\/post"}],"author":[{"embeddable":true,"href":"https:\/\/eltrabajo.cl\/portal\/wp-json\/wp\/v2\/users\/482"}],"replies":[{"embeddable":true,"href":"https:\/\/eltrabajo.cl\/portal\/wp-json\/wp\/v2\/comments?post=61157"}],"version-history":[{"count":0,"href":"https:\/\/eltrabajo.cl\/portal\/wp-json\/wp\/v2\/posts\/61157\/revisions"}],"wp:featuredmedia":[{"embeddable":true,"href":"https:\/\/eltrabajo.cl\/portal\/wp-json\/wp\/v2\/media\/61158"}],"wp:attachment":[{"href":"https:\/\/eltrabajo.cl\/portal\/wp-json\/wp\/v2\/media?parent=61157"}],"wp:term":[{"taxonomy":"category","embeddable":true,"href":"https:\/\/eltrabajo.cl\/portal\/wp-json\/wp\/v2\/categories?post=61157"},{"taxonomy":"post_tag","embeddable":true,"href":"https:\/\/eltrabajo.cl\/portal\/wp-json\/wp\/v2\/tags?post=61157"}],"curies":[{"name":"wp","href":"https:\/\/api.w.org\/{rel}","templated":true}]}}