{"id":61160,"date":"2015-08-20T09:49:50","date_gmt":"2015-08-20T12:49:50","guid":{"rendered":"http:\/\/www.eltrabajo.cl\/portal\/?p=61160"},"modified":"2015-08-20T09:49:50","modified_gmt":"2015-08-20T12:49:50","slug":"detenido-escolar-portando-arma-de-fuego-con-serie-borrada-en-su-liceo","status":"publish","type":"post","link":"https:\/\/eltrabajo.cl\/portal\/detenido-escolar-portando-arma-de-fuego-con-serie-borrada-en-su-liceo\/","title":{"rendered":"Detenido escolar portando arma de fuego con serie borrada en su liceo"},"content":{"rendered":"<figure id=\"attachment_61162\" aria-describedby=\"caption-attachment-61162\" style=\"width: 300px\" class=\"wp-caption alignleft\"><a href=\"https:\/\/i0.wp.com\/www.eltrabajo.cl\/portal\/wp-content\/uploads\/2015\/08\/escolar_pistola1.jpg\"><img data-recalc-dims=\"1\" loading=\"lazy\" decoding=\"async\" class=\"wp-image-61162 size-medium\" src=\"https:\/\/i0.wp.com\/www.eltrabajo.cl\/portal\/wp-content\/uploads\/2015\/08\/escolar_pistola1-300x198.jpg?resize=300%2C198\" alt=\"El alumno, mayor de 18 a\u00f1os, qued\u00f3 con cautelares de arraigo nacional y firma mensual por cuatro meses en Fiscal\u00eda.\" width=\"300\" height=\"198\" srcset=\"https:\/\/i0.wp.com\/eltrabajo.cl\/portal\/wp-content\/uploads\/2015\/08\/escolar_pistola1.jpg?resize=300%2C198&amp;ssl=1 300w, https:\/\/i0.wp.com\/eltrabajo.cl\/portal\/wp-content\/uploads\/2015\/08\/escolar_pistola1.jpg?resize=200%2C132&amp;ssl=1 200w, https:\/\/i0.wp.com\/eltrabajo.cl\/portal\/wp-content\/uploads\/2015\/08\/escolar_pistola1.jpg?resize=228%2C150&amp;ssl=1 228w, https:\/\/i0.wp.com\/eltrabajo.cl\/portal\/wp-content\/uploads\/2015\/08\/escolar_pistola1.jpg?resize=400%2C263&amp;ssl=1 400w, https:\/\/i0.wp.com\/eltrabajo.cl\/portal\/wp-content\/uploads\/2015\/08\/escolar_pistola1.jpg?w=530&amp;ssl=1 530w\" sizes=\"auto, (max-width: 300px) 100vw, 300px\" \/><\/a><figcaption id=\"caption-attachment-61162\" class=\"wp-caption-text\">El alumno, mayor de 18 a\u00f1os, qued\u00f3 con cautelares de arraigo nacional y firma mensual por cuatro meses en Fiscal\u00eda.<\/figcaption><\/figure>\n<ul>\n<li><strong>Armamento sometido a peritajes para establecer si se encuentra operativo y si fue utilizado o no en alg\u00fan delito.<\/strong><\/li>\n<\/ul>\n<p><strong>LOS ANDES.<\/strong>&#8211; Un alumno de 18 a\u00f1os de edad fue detenido por personal de la PDI luego de ser sorprendido portando una pistola con munici\u00f3n en el interior del liceo donde cursa su ense\u00f1anza media.<br \/>\nAs\u00ed lo confirm\u00f3 el Jefe de la Brigada Investigadora de Robos de la PDI de Los Andes, Comisario Carlos Alegr\u00eda, quien se\u00f1al\u00f3 que el hecho se registr\u00f3 el martes reci\u00e9n pasado, cuando un profesor del establecimiento denunci\u00f3 a trav\u00e9s de un llamado telef\u00f3nico que uno de los alumnos andaba portando un arma de fuego.<br \/>\nCon este antecedente se digirieron hasta el colegio y se entrevistaron con el alumno, quien manten\u00eda en su poder una pistola autom\u00e1tica marca Bruni, calibre 9 mil\u00edmetros.<\/p>\n<figure id=\"attachment_61161\" aria-describedby=\"caption-attachment-61161\" style=\"width: 300px\" class=\"wp-caption alignright\"><a href=\"https:\/\/i0.wp.com\/www.eltrabajo.cl\/portal\/wp-content\/uploads\/2015\/08\/pistola-colegio1.jpg\"><img data-recalc-dims=\"1\" loading=\"lazy\" decoding=\"async\" class=\"wp-image-61161 size-medium\" src=\"https:\/\/i0.wp.com\/www.eltrabajo.cl\/portal\/wp-content\/uploads\/2015\/08\/pistola-colegio1-300x197.jpg?resize=300%2C197\" alt=\"El arma contaba con su respectiva munici\u00f3n y se desconoce los motivos que tuvo el alumno para llevarla a su colegio.\" width=\"300\" height=\"197\" srcset=\"https:\/\/i0.wp.com\/eltrabajo.cl\/portal\/wp-content\/uploads\/2015\/08\/pistola-colegio1.jpg?resize=300%2C197&amp;ssl=1 300w, https:\/\/i0.wp.com\/eltrabajo.cl\/portal\/wp-content\/uploads\/2015\/08\/pistola-colegio1.jpg?resize=200%2C131&amp;ssl=1 200w, https:\/\/i0.wp.com\/eltrabajo.cl\/portal\/wp-content\/uploads\/2015\/08\/pistola-colegio1.jpg?resize=228%2C150&amp;ssl=1 228w, https:\/\/i0.wp.com\/eltrabajo.cl\/portal\/wp-content\/uploads\/2015\/08\/pistola-colegio1.jpg?resize=400%2C263&amp;ssl=1 400w, https:\/\/i0.wp.com\/eltrabajo.cl\/portal\/wp-content\/uploads\/2015\/08\/pistola-colegio1.jpg?w=530&amp;ssl=1 530w\" sizes=\"auto, (max-width: 300px) 100vw, 300px\" \/><\/a><figcaption id=\"caption-attachment-61161\" class=\"wp-caption-text\">El arma contaba con su respectiva munici\u00f3n y se desconoce los motivos que tuvo el alumno para llevarla a su colegio.<\/figcaption><\/figure>\n<p>El Comisario Alegr\u00eda manifest\u00f3 que el estudiante no dio mayores antecedentes sobre el origen del arma y c\u00f3mo lleg\u00f3 a su poder, as\u00ed como tambi\u00e9n si pretend\u00eda usarla con alg\u00fan fin.<br \/>\nPuntualiz\u00f3 que la pistola presenta su n\u00famero de serie borrado, por lo que se investiga su origen y si \u00e9sta ha sido utilizada para cometer alg\u00fan il\u00edcito en la zona.<br \/>\nAdem\u00e1s ser\u00e1 sometida a pericias para establecer si se encuentra operativa.<br \/>\nEl joven detenido fue identificado con las iniciales A.R.I.S., de 18 a\u00f1os, quien no registra antecedentes penales.<br \/>\nUna vez que pas\u00f3 a control de detenci\u00f3n en el Tribunal de Garant\u00eda, fue formalizado por el delito de porte ilegal de arma de fuego y qued\u00f3 sujeto a las medidas cautelares de arraigo nacional y firma mensual en Fiscal\u00eda por los cuatro meses que durar\u00e1 la investigaci\u00f3n.<\/p>\n","protected":false},"excerpt":{"rendered":"<p>Armamento sometido a peritajes para establecer si se encuentra operativo y si fue utilizado o no en alg\u00fan delito. LOS ANDES.&#8211; Un alumno de 18 a\u00f1os de edad fue detenido por personal&#8230;<\/p>\n","protected":false},"author":482,"featured_media":61162,"comment_status":"open","ping_status":"open","sticky":false,"template":"","format":"standard","meta":{"advanced_seo_description":"","jetpack_seo_html_title":"","jetpack_seo_noindex":false,"_jetpack_memberships_contains_paid_content":false,"footnotes":""},"categories":[21],"tags":[],"class_list":["post-61160","post","type-post","status-publish","format-standard","has-post-thumbnail","hentry","category-policial"],"jetpack_featured_media_url":"https:\/\/i0.wp.com\/eltrabajo.cl\/portal\/wp-content\/uploads\/2015\/08\/escolar_pistola1.jpg?fit=530%2C349&ssl=1","jetpack_sharing_enabled":true,"jetpack_likes_enabled":true,"jetpack-related-posts":[],"_links":{"self":[{"href":"https:\/\/eltrabajo.cl\/portal\/wp-json\/wp\/v2\/posts\/61160","targetHints":{"allow":["GET"]}}],"collection":[{"href":"https:\/\/eltrabajo.cl\/portal\/wp-json\/wp\/v2\/posts"}],"about":[{"href":"https:\/\/eltrabajo.cl\/portal\/wp-json\/wp\/v2\/types\/post"}],"author":[{"embeddable":true,"href":"https:\/\/eltrabajo.cl\/portal\/wp-json\/wp\/v2\/users\/482"}],"replies":[{"embeddable":true,"href":"https:\/\/eltrabajo.cl\/portal\/wp-json\/wp\/v2\/comments?post=61160"}],"version-history":[{"count":0,"href":"https:\/\/eltrabajo.cl\/portal\/wp-json\/wp\/v2\/posts\/61160\/revisions"}],"wp:featuredmedia":[{"embeddable":true,"href":"https:\/\/eltrabajo.cl\/portal\/wp-json\/wp\/v2\/media\/61162"}],"wp:attachment":[{"href":"https:\/\/eltrabajo.cl\/portal\/wp-json\/wp\/v2\/media?parent=61160"}],"wp:term":[{"taxonomy":"category","embeddable":true,"href":"https:\/\/eltrabajo.cl\/portal\/wp-json\/wp\/v2\/categories?post=61160"},{"taxonomy":"post_tag","embeddable":true,"href":"https:\/\/eltrabajo.cl\/portal\/wp-json\/wp\/v2\/tags?post=61160"}],"curies":[{"name":"wp","href":"https:\/\/api.w.org\/{rel}","templated":true}]}}