{"id":61167,"date":"2015-08-20T09:52:43","date_gmt":"2015-08-20T12:52:43","guid":{"rendered":"http:\/\/www.eltrabajo.cl\/portal\/?p=61167"},"modified":"2015-08-20T09:52:43","modified_gmt":"2015-08-20T12:52:43","slug":"hospital-san-camilo-cuenta-con-nueva-otorrinolaringologo","status":"publish","type":"post","link":"https:\/\/eltrabajo.cl\/portal\/hospital-san-camilo-cuenta-con-nueva-otorrinolaringologo\/","title":{"rendered":"Hospital San Camilo cuenta con nueva otorrinolaring\u00f3logo"},"content":{"rendered":"<figure id=\"attachment_61168\" aria-describedby=\"caption-attachment-61168\" style=\"width: 300px\" class=\"wp-caption alignleft\"><a href=\"https:\/\/i0.wp.com\/www.eltrabajo.cl\/portal\/wp-content\/uploads\/2015\/08\/Pamela1.jpg\"><img data-recalc-dims=\"1\" loading=\"lazy\" decoding=\"async\" class=\"wp-image-61168 size-medium\" src=\"https:\/\/i0.wp.com\/www.eltrabajo.cl\/portal\/wp-content\/uploads\/2015\/08\/Pamela1-300x199.jpg?resize=300%2C199\" alt=\"SANGRE JOVEN.- La Dra. Pamela Mena Gonz\u00e1lez, nueva profesional en el Servicio de Otorrinolaringolog\u00eda del Hospital San Camilo, atend\u00eda ayer en la tarde a Fabi\u00e1n Caballero.\" width=\"300\" height=\"199\" srcset=\"https:\/\/i0.wp.com\/eltrabajo.cl\/portal\/wp-content\/uploads\/2015\/08\/Pamela1.jpg?resize=300%2C199&amp;ssl=1 300w, https:\/\/i0.wp.com\/eltrabajo.cl\/portal\/wp-content\/uploads\/2015\/08\/Pamela1.jpg?resize=200%2C133&amp;ssl=1 200w, https:\/\/i0.wp.com\/eltrabajo.cl\/portal\/wp-content\/uploads\/2015\/08\/Pamela1.jpg?resize=226%2C150&amp;ssl=1 226w, https:\/\/i0.wp.com\/eltrabajo.cl\/portal\/wp-content\/uploads\/2015\/08\/Pamela1.jpg?resize=400%2C265&amp;ssl=1 400w, https:\/\/i0.wp.com\/eltrabajo.cl\/portal\/wp-content\/uploads\/2015\/08\/Pamela1.jpg?w=528&amp;ssl=1 528w\" sizes=\"auto, (max-width: 300px) 100vw, 300px\" \/><\/a><figcaption id=\"caption-attachment-61168\" class=\"wp-caption-text\">SANGRE JOVEN.- La Dra. Pamela Mena Gonz\u00e1lez, nueva profesional en el Servicio de Otorrinolaringolog\u00eda del Hospital San Camilo, atend\u00eda ayer en la tarde a Fabi\u00e1n Caballero.<\/figcaption><\/figure>\n<p>Con la llegada de la Dra. Pamela Mena Gonz\u00e1lez, el Servicio de Otorrinolaringolog\u00eda del Hospital San Camilo, se vuelve a contar con cuatro profesionales dedicados a atender a los pacientes tanto en el \u00e1mbito quir\u00fargico, como en las consultas de manera ambulatoria, lo que permite disminuir los tiempos de espera de los usuarios considerablemente.<br \/>\nSu llegada al hospital viene a sumarse a la de doce nuevos especialistas, quienes desembarcaron en abril de este a\u00f1o y que permiten al establecimiento entregar atenciones en un menor tiempo, destacando que en materia de consultas ambulatorias de todas las especialidades, no existen esperas superiores a los seis meses, sino que por el contrario, en su mayor\u00eda las entregas de horas son dentro de d\u00edas o semanas.<\/p>\n<figure id=\"attachment_61170\" aria-describedby=\"caption-attachment-61170\" style=\"width: 300px\" class=\"wp-caption alignright\"><a href=\"https:\/\/i0.wp.com\/www.eltrabajo.cl\/portal\/wp-content\/uploads\/2015\/08\/Pamela-Mena.jpg\"><img data-recalc-dims=\"1\" loading=\"lazy\" decoding=\"async\" class=\"wp-image-61170 size-medium\" src=\"https:\/\/i0.wp.com\/www.eltrabajo.cl\/portal\/wp-content\/uploads\/2015\/08\/Pamela-Mena-300x197.jpg?resize=300%2C197\" alt=\"Dra. Pamela Mena Gonz\u00e1lez.\" width=\"300\" height=\"197\" srcset=\"https:\/\/i0.wp.com\/eltrabajo.cl\/portal\/wp-content\/uploads\/2015\/08\/Pamela-Mena.jpg?resize=300%2C197&amp;ssl=1 300w, https:\/\/i0.wp.com\/eltrabajo.cl\/portal\/wp-content\/uploads\/2015\/08\/Pamela-Mena.jpg?resize=200%2C131&amp;ssl=1 200w, https:\/\/i0.wp.com\/eltrabajo.cl\/portal\/wp-content\/uploads\/2015\/08\/Pamela-Mena.jpg?resize=228%2C150&amp;ssl=1 228w, https:\/\/i0.wp.com\/eltrabajo.cl\/portal\/wp-content\/uploads\/2015\/08\/Pamela-Mena.jpg?resize=400%2C263&amp;ssl=1 400w, https:\/\/i0.wp.com\/eltrabajo.cl\/portal\/wp-content\/uploads\/2015\/08\/Pamela-Mena.jpg?w=530&amp;ssl=1 530w\" sizes=\"auto, (max-width: 300px) 100vw, 300px\" \/><\/a><figcaption id=\"caption-attachment-61170\" class=\"wp-caption-text\">Dra. Pamela Mena Gonz\u00e1lez.<\/figcaption><\/figure>\n<p>\u00abConoc\u00ed la zona al trabajar un tiempo en el Cesfam Segismundo Iturra y como decisi\u00f3n personal, me vine a vivir ac\u00e1, porque encuentro hermoso el valle y espero quedarme por mucho tiempo m\u00e1s\u00bb, asegur\u00f3 Mena.<br \/>\nDe acuerdo a su experiencia, tanto los funcionarios como los usuarios son amables y agradecidos, por lo que s\u00f3lo ha tenido buenas experiencias dentro de su estad\u00eda como especialista dentro de servicio p\u00fablico.<br \/>\n\u00abMi plan es ser feliz y creo que este es un buen lugar para vivir, por lo que creo que tambi\u00e9n se terminar\u00e1n viniendo m\u00e1s colegas, quienes tambi\u00e9n han visto que Santiago ya no es opci\u00f3n para vivir, por lo saturado que est\u00e1 y las proyecciones que existen en esta zona\u00bb, recalc\u00f3.<br \/>\nCabe destacar que la profesional est\u00e1 devolviendo su beca de especialidad, lo que significa que el Servicio de Salud Aconcagua le coste\u00f3 su beca y por ende, el compromiso para devolver es trabajar dentro del sistema p\u00fabico por cuatro a\u00f1os, en su caso, dentro del Hospital San Camilo.<\/p>\n","protected":false},"excerpt":{"rendered":"<p>Con la llegada de la Dra. Pamela Mena Gonz\u00e1lez, el Servicio de Otorrinolaringolog\u00eda del Hospital San Camilo, se vuelve a contar con cuatro profesionales dedicados a atender a los pacientes tanto en&#8230;<\/p>\n","protected":false},"author":482,"featured_media":61168,"comment_status":"open","ping_status":"open","sticky":false,"template":"","format":"standard","meta":{"advanced_seo_description":"","jetpack_seo_html_title":"","jetpack_seo_noindex":false,"_jetpack_memberships_contains_paid_content":false,"footnotes":""},"categories":[15],"tags":[],"class_list":["post-61167","post","type-post","status-publish","format-standard","has-post-thumbnail","hentry","category-comunidad"],"jetpack_featured_media_url":"https:\/\/i0.wp.com\/eltrabajo.cl\/portal\/wp-content\/uploads\/2015\/08\/Pamela1.jpg?fit=528%2C350&ssl=1","jetpack_sharing_enabled":true,"jetpack_likes_enabled":true,"jetpack-related-posts":[],"_links":{"self":[{"href":"https:\/\/eltrabajo.cl\/portal\/wp-json\/wp\/v2\/posts\/61167","targetHints":{"allow":["GET"]}}],"collection":[{"href":"https:\/\/eltrabajo.cl\/portal\/wp-json\/wp\/v2\/posts"}],"about":[{"href":"https:\/\/eltrabajo.cl\/portal\/wp-json\/wp\/v2\/types\/post"}],"author":[{"embeddable":true,"href":"https:\/\/eltrabajo.cl\/portal\/wp-json\/wp\/v2\/users\/482"}],"replies":[{"embeddable":true,"href":"https:\/\/eltrabajo.cl\/portal\/wp-json\/wp\/v2\/comments?post=61167"}],"version-history":[{"count":0,"href":"https:\/\/eltrabajo.cl\/portal\/wp-json\/wp\/v2\/posts\/61167\/revisions"}],"wp:featuredmedia":[{"embeddable":true,"href":"https:\/\/eltrabajo.cl\/portal\/wp-json\/wp\/v2\/media\/61168"}],"wp:attachment":[{"href":"https:\/\/eltrabajo.cl\/portal\/wp-json\/wp\/v2\/media?parent=61167"}],"wp:term":[{"taxonomy":"category","embeddable":true,"href":"https:\/\/eltrabajo.cl\/portal\/wp-json\/wp\/v2\/categories?post=61167"},{"taxonomy":"post_tag","embeddable":true,"href":"https:\/\/eltrabajo.cl\/portal\/wp-json\/wp\/v2\/tags?post=61167"}],"curies":[{"name":"wp","href":"https:\/\/api.w.org\/{rel}","templated":true}]}}