{"id":61172,"date":"2015-08-20T09:54:20","date_gmt":"2015-08-20T12:54:20","guid":{"rendered":"http:\/\/www.eltrabajo.cl\/portal\/?p=61172"},"modified":"2015-08-31T10:08:23","modified_gmt":"2015-08-31T13:08:23","slug":"nadie-se-explica-las-causas-que-llevaron-a-escolar-de-12-anos-a-la-muerte","status":"publish","type":"post","link":"https:\/\/eltrabajo.cl\/portal\/nadie-se-explica-las-causas-que-llevaron-a-escolar-de-12-anos-a-la-muerte\/","title":{"rendered":"Nadie se explica las causas que llevaron a escolar de 12 a\u00f1os a la muerte"},"content":{"rendered":"<p><a href=\"http:\/\/www.eltrabajo.cl\/portal\/nadie-se-explica-las-causas-que-llevaron-a-escolar-de-12-anos-a-la-muerte\/erick-araya\/\"><img data-recalc-dims=\"1\" loading=\"lazy\" decoding=\"async\" class=\"alignleft wp-image-61505 size-medium\" src=\"https:\/\/i0.wp.com\/www.eltrabajo.cl\/portal\/wp-content\/uploads\/2015\/08\/Erick-Araya-300x197.jpg?resize=300%2C197\" alt=\"\" width=\"300\" height=\"197\" srcset=\"https:\/\/i0.wp.com\/eltrabajo.cl\/portal\/wp-content\/uploads\/2015\/08\/Erick-Araya.jpg?resize=300%2C197&amp;ssl=1 300w, https:\/\/i0.wp.com\/eltrabajo.cl\/portal\/wp-content\/uploads\/2015\/08\/Erick-Araya.jpg?resize=200%2C131&amp;ssl=1 200w, https:\/\/i0.wp.com\/eltrabajo.cl\/portal\/wp-content\/uploads\/2015\/08\/Erick-Araya.jpg?resize=228%2C150&amp;ssl=1 228w, https:\/\/i0.wp.com\/eltrabajo.cl\/portal\/wp-content\/uploads\/2015\/08\/Erick-Araya.jpg?resize=400%2C263&amp;ssl=1 400w, https:\/\/i0.wp.com\/eltrabajo.cl\/portal\/wp-content\/uploads\/2015\/08\/Erick-Araya.jpg?w=530&amp;ssl=1 530w\" sizes=\"auto, (max-width: 300px) 100vw, 300px\" \/><\/a><\/p>\n<ul>\n<li><strong>Familiares y vecinos conmovidos tras el fatal desenlace que tuvo el menor de 12 a\u00f1os Erick Araya Araya, alumno de S\u00e9ptimo B\u00e1sico del Colegio Mar\u00eda Teresa Del Canto, quien atent\u00f3 contra su vida en circunstancias que nadie se explica, al interior de su vivienda en la Villa Cardenal Silva Henr\u00edquez de la comuna de Catemu.<\/strong><\/li>\n<\/ul>\n<p>Absoluta consternaci\u00f3n e impacto caus\u00f3 la muerte de un ni\u00f1o de s\u00f3lo 12 a\u00f1os de edad identificado como Erick Braian Araya Araya, alumno de s\u00e9ptimo b\u00e1sico del Colegio Mar\u00eda Teresa Del Canto de la comuna de Catemu, quien acab\u00f3 con su vida ahorc\u00e1ndose la tarde de este martes en su domicilio en la villa Cardenal Silva Henr\u00edquez de esa localidad.<br \/>\nLos padres, al llegar hasta su domicilio, sufrieron la dolorosa experiencia de presenciar pendiendo de un cable el cuerpo del menor que se encontraba fallecido. Sin embargo ante la brutal escena, instintivamente lo desataron para intentar reanimarlo, trasladando de inmediato al escolar hasta el Centro de Salud Familiar del sector El Array\u00e1n para requerir ayuda m\u00e9dica, pasadas las 20:00 horas.<br \/>\nEn el lugar, sus padres y familiares rogaban por un milagro para que el ni\u00f1o lograra reaccionar ante la grave situaci\u00f3n, sin embargo el m\u00e9dico de turno inform\u00f3 la muerte del ni\u00f1o, debiendo informar tambi\u00e9n el hecho a la Polic\u00eda de Investigaciones, quienes concurrieron hasta ese centro hospitalario para iniciar las diligencias.<br \/>\nHasta el momento, sus padres, familiares y cercanos a\u00fan no se explican las razones que surgieron en la mente del menor para que haya determinado acabar con su vida, dejando un hondo pesar en la familia.<br \/>\nEl Comisario Gino Guti\u00e9rrez, Jefe de la Brigada de Homicidios de la PDI, inform\u00f3 a Diario El Trabajo que las diligencias policiales se han extendido para determinar las posibles causas que llevaron a un menor de edad a tomar esa dr\u00e1stica decisi\u00f3n, desconoci\u00e9ndose una posible depresi\u00f3n por la que estar\u00eda atravesando el escolar, sin descartar un posible bullying en su colegio.<br \/>\n\u00abCorresponder\u00eda un suicidio por asfixia por ahorcamiento, seguimos las diligencias tendientes para establecer las causas que llevaron a esta situaci\u00f3n. El ni\u00f1o viv\u00eda con su familia y en esos instantes el menor se encontraba solo. No hay informaci\u00f3n de alguna depresi\u00f3n que estuviera siendo tratada, por lo mismo estamos ampliando las diligencias en el colegio a trav\u00e9s del orientador, el rendimiento acad\u00e9mico que nos pudiera se\u00f1alar alg\u00fan dato, no hab\u00edan intentos anteriores. Llama la atenci\u00f3n que un menor de edad se quite la vida, pero hay que recordar que los ni\u00f1os no tienen su desarrollo cognitivo acabado, entonces las decisiones son mucho m\u00e1s viscerales obviamente radicales en este caso\u00bb, replic\u00f3 el oficial policial.<br \/>\nGuti\u00e9rrez enfatiz\u00f3 que en primera instancia al revisar el cuerpo del menor, no existen lesiones atribuibles a alg\u00fan tipo de maltrato f\u00edsico correspondiente a terceras personas, agregando que \u00aben el colegio estamos tratando de establecer esas mismas situaciones, alg\u00fan problema conductual alg\u00fan tipo de bullying, hablar con los compa\u00f1eros de curso si se refiri\u00f3 o mencion\u00f3 algo, agotar todas esas instancias para cerrar el c\u00edrculo investigativo\u00bb, concluy\u00f3.<br \/>\n<strong>Pablo Salinas Sald\u00edas<\/strong><\/p>\n","protected":false},"excerpt":{"rendered":"<p>Familiares y vecinos conmovidos tras el fatal desenlace que tuvo el menor de 12 a\u00f1os Erick Araya Araya, alumno de S\u00e9ptimo B\u00e1sico del Colegio Mar\u00eda Teresa Del Canto, quien atent\u00f3 contra su&#8230;<\/p>\n","protected":false},"author":482,"featured_media":61505,"comment_status":"open","ping_status":"open","sticky":false,"template":"","format":"standard","meta":{"advanced_seo_description":"","jetpack_seo_html_title":"","jetpack_seo_noindex":false,"_jetpack_memberships_contains_paid_content":false,"footnotes":""},"categories":[21],"tags":[],"class_list":["post-61172","post","type-post","status-publish","format-standard","has-post-thumbnail","hentry","category-policial"],"jetpack_featured_media_url":"https:\/\/i0.wp.com\/eltrabajo.cl\/portal\/wp-content\/uploads\/2015\/08\/Erick-Araya.jpg?fit=530%2C348&ssl=1","jetpack_sharing_enabled":true,"jetpack_likes_enabled":true,"jetpack-related-posts":[],"_links":{"self":[{"href":"https:\/\/eltrabajo.cl\/portal\/wp-json\/wp\/v2\/posts\/61172","targetHints":{"allow":["GET"]}}],"collection":[{"href":"https:\/\/eltrabajo.cl\/portal\/wp-json\/wp\/v2\/posts"}],"about":[{"href":"https:\/\/eltrabajo.cl\/portal\/wp-json\/wp\/v2\/types\/post"}],"author":[{"embeddable":true,"href":"https:\/\/eltrabajo.cl\/portal\/wp-json\/wp\/v2\/users\/482"}],"replies":[{"embeddable":true,"href":"https:\/\/eltrabajo.cl\/portal\/wp-json\/wp\/v2\/comments?post=61172"}],"version-history":[{"count":0,"href":"https:\/\/eltrabajo.cl\/portal\/wp-json\/wp\/v2\/posts\/61172\/revisions"}],"wp:featuredmedia":[{"embeddable":true,"href":"https:\/\/eltrabajo.cl\/portal\/wp-json\/wp\/v2\/media\/61505"}],"wp:attachment":[{"href":"https:\/\/eltrabajo.cl\/portal\/wp-json\/wp\/v2\/media?parent=61172"}],"wp:term":[{"taxonomy":"category","embeddable":true,"href":"https:\/\/eltrabajo.cl\/portal\/wp-json\/wp\/v2\/categories?post=61172"},{"taxonomy":"post_tag","embeddable":true,"href":"https:\/\/eltrabajo.cl\/portal\/wp-json\/wp\/v2\/tags?post=61172"}],"curies":[{"name":"wp","href":"https:\/\/api.w.org\/{rel}","templated":true}]}}