{"id":61182,"date":"2015-08-21T09:12:53","date_gmt":"2015-08-21T12:12:53","guid":{"rendered":"http:\/\/www.eltrabajo.cl\/portal\/?p=61182"},"modified":"2015-08-21T09:12:53","modified_gmt":"2015-08-21T12:12:53","slug":"realizan-charla-sobre-manejo-agronomico-de-la-alfalfa","status":"publish","type":"post","link":"https:\/\/eltrabajo.cl\/portal\/realizan-charla-sobre-manejo-agronomico-de-la-alfalfa\/","title":{"rendered":"Realizan charla sobre manejo agron\u00f3mico de la alfalfa"},"content":{"rendered":"<figure id=\"attachment_61183\" aria-describedby=\"caption-attachment-61183\" style=\"width: 300px\" class=\"wp-caption alignleft\"><a href=\"https:\/\/i0.wp.com\/www.eltrabajo.cl\/portal\/wp-content\/uploads\/2015\/08\/PRODESAL-II.jpg\"><img data-recalc-dims=\"1\" loading=\"lazy\" decoding=\"async\" class=\"wp-image-61183 size-medium\" src=\"https:\/\/i0.wp.com\/www.eltrabajo.cl\/portal\/wp-content\/uploads\/2015\/08\/PRODESAL-II-300x198.jpg?resize=300%2C198\" alt=\"Cerca de 50 usuarios de Prodesal de Llay Llay, Catemu y Panquehue asistieron a una charla de la empresa especialista en semillas de alfalfa sobre manejo de cultivos.\" width=\"300\" height=\"198\" srcset=\"https:\/\/i0.wp.com\/eltrabajo.cl\/portal\/wp-content\/uploads\/2015\/08\/PRODESAL-II.jpg?resize=300%2C198&amp;ssl=1 300w, https:\/\/i0.wp.com\/eltrabajo.cl\/portal\/wp-content\/uploads\/2015\/08\/PRODESAL-II.jpg?resize=200%2C132&amp;ssl=1 200w, https:\/\/i0.wp.com\/eltrabajo.cl\/portal\/wp-content\/uploads\/2015\/08\/PRODESAL-II.jpg?resize=227%2C150&amp;ssl=1 227w, https:\/\/i0.wp.com\/eltrabajo.cl\/portal\/wp-content\/uploads\/2015\/08\/PRODESAL-II.jpg?resize=400%2C264&amp;ssl=1 400w, https:\/\/i0.wp.com\/eltrabajo.cl\/portal\/wp-content\/uploads\/2015\/08\/PRODESAL-II.jpg?w=530&amp;ssl=1 530w\" sizes=\"auto, (max-width: 300px) 100vw, 300px\" \/><\/a><figcaption id=\"caption-attachment-61183\" class=\"wp-caption-text\">Cerca de 50 usuarios de Prodesal de Llay Llay, Catemu y Panquehue asistieron a una charla de la empresa especialista en semillas de alfalfa sobre manejo de cultivos.<\/figcaption><\/figure>\n<p><strong>LLAY LLAY.<\/strong>&#8211; Profesionales de la empresa especialista en semillas de alfalfa, Baldrich capacitaron a usuarios Prodesal de Llay Llay, Catemu y Panquehue; en manejo de cultivos de alfalfa. La finalidad es mejorar la calidad y cantidad de su producci\u00f3n.<br \/>\nEn la actividad participaron los jefes Prodesal de Llay Llay: Ra\u00fal Vega y Guillermo V\u00e1squez, la t\u00e9cnico agr\u00edcola Ivonne Jeria y el T\u00e9cnico agr\u00f3nomo, Adri\u00e1n Silva y aproximadamente 50 usuarios.<br \/>\nEl ponente de la charla, fue el Gerente de la Empresa de Semillas de Alfalfa Baldrich, Gustavo Gillet y la actividad se desarroll\u00f3 en de dos partes: la primera respondi\u00f3 a la pregunta de c\u00f3mo se produce la alfalfa; los agricultores conocieron sobre las diferentes variedades de semillas: la 450 y la S\u00faper Lechera para suelos profundos y, la 350 para suelos menos profundos. La segunda parte fue sobre el manejo t\u00e9cnico para el desarrollo de la alfalfa, de acuerdo a la geograf\u00eda del pa\u00eds.<br \/>\nChile es el \u00fanico pa\u00eds en el mundo, que produce su propia alfalfa. Cualidad que resalt\u00f3 el jefe t\u00e9cnico de Prodesal Agr\u00edcola, Ra\u00fal Vega \u201cla charla habl\u00f3 del control de malezas, control de plagas. Trato sobre las principales semillas de alfalfa que m\u00e1s se acercan a la realidad de la zona\u201d, concluy\u00f3 el profesional.<br \/>\nPor otro lado, el ingeniero agr\u00f3nomo Alberto Armijo de Dow AgroSciences, dijo que su presencia en la actividad, responde a la necesidad de conocer a Prodesal y sus usuarios: \u201centregar informaci\u00f3n, ofrecer ayuda en problemas de nogales, dar soluciones en problemas malezas, control de plagas. Entregar un paquete completo en nuestros servicios, vamos a los campos, identificamos los problemas y damos recomendaciones de acuerdo al diagn\u00f3stico\u201d, defini\u00f3 Armijo.<\/p>\n","protected":false},"excerpt":{"rendered":"<p>LLAY LLAY.&#8211; Profesionales de la empresa especialista en semillas de alfalfa, Baldrich capacitaron a usuarios Prodesal de Llay Llay, Catemu y Panquehue; en manejo de cultivos de alfalfa. La finalidad es mejorar&#8230;<\/p>\n","protected":false},"author":482,"featured_media":61183,"comment_status":"open","ping_status":"open","sticky":false,"template":"","format":"standard","meta":{"advanced_seo_description":"","jetpack_seo_html_title":"","jetpack_seo_noindex":false,"_jetpack_memberships_contains_paid_content":false,"footnotes":""},"categories":[1],"tags":[],"class_list":["post-61182","post","type-post","status-publish","format-standard","has-post-thumbnail","hentry","category-cronica"],"jetpack_featured_media_url":"https:\/\/i0.wp.com\/eltrabajo.cl\/portal\/wp-content\/uploads\/2015\/08\/PRODESAL-II.jpg?fit=530%2C350&ssl=1","jetpack_sharing_enabled":true,"jetpack_likes_enabled":true,"jetpack-related-posts":[],"_links":{"self":[{"href":"https:\/\/eltrabajo.cl\/portal\/wp-json\/wp\/v2\/posts\/61182","targetHints":{"allow":["GET"]}}],"collection":[{"href":"https:\/\/eltrabajo.cl\/portal\/wp-json\/wp\/v2\/posts"}],"about":[{"href":"https:\/\/eltrabajo.cl\/portal\/wp-json\/wp\/v2\/types\/post"}],"author":[{"embeddable":true,"href":"https:\/\/eltrabajo.cl\/portal\/wp-json\/wp\/v2\/users\/482"}],"replies":[{"embeddable":true,"href":"https:\/\/eltrabajo.cl\/portal\/wp-json\/wp\/v2\/comments?post=61182"}],"version-history":[{"count":0,"href":"https:\/\/eltrabajo.cl\/portal\/wp-json\/wp\/v2\/posts\/61182\/revisions"}],"wp:featuredmedia":[{"embeddable":true,"href":"https:\/\/eltrabajo.cl\/portal\/wp-json\/wp\/v2\/media\/61183"}],"wp:attachment":[{"href":"https:\/\/eltrabajo.cl\/portal\/wp-json\/wp\/v2\/media?parent=61182"}],"wp:term":[{"taxonomy":"category","embeddable":true,"href":"https:\/\/eltrabajo.cl\/portal\/wp-json\/wp\/v2\/categories?post=61182"},{"taxonomy":"post_tag","embeddable":true,"href":"https:\/\/eltrabajo.cl\/portal\/wp-json\/wp\/v2\/tags?post=61182"}],"curies":[{"name":"wp","href":"https:\/\/api.w.org\/{rel}","templated":true}]}}