{"id":61185,"date":"2015-08-21T09:13:57","date_gmt":"2015-08-21T12:13:57","guid":{"rendered":"http:\/\/www.eltrabajo.cl\/portal\/?p=61185"},"modified":"2015-08-21T09:13:57","modified_gmt":"2015-08-21T12:13:57","slug":"sindicato-de-trabajadores-invita-a-participar-de-curso-gratuito-de-cueca","status":"publish","type":"post","link":"https:\/\/eltrabajo.cl\/portal\/sindicato-de-trabajadores-invita-a-participar-de-curso-gratuito-de-cueca\/","title":{"rendered":"Sindicato de trabajadores invita a participar de curso gratuito de cueca"},"content":{"rendered":"<figure id=\"attachment_61186\" aria-describedby=\"caption-attachment-61186\" style=\"width: 300px\" class=\"wp-caption alignleft\"><a href=\"https:\/\/i0.wp.com\/www.eltrabajo.cl\/portal\/wp-content\/uploads\/2015\/08\/cueca-curso2.jpg\"><img data-recalc-dims=\"1\" loading=\"lazy\" decoding=\"async\" class=\"wp-image-61186 size-medium\" src=\"https:\/\/i0.wp.com\/www.eltrabajo.cl\/portal\/wp-content\/uploads\/2015\/08\/cueca-curso2-300x197.jpg?resize=300%2C197\" alt=\"Toda la comunidad est\u00e1 invitada a participar de las clases gratuitas de cueca los martes y jueves de 19:30 a 20:30 horas, en la sede del Sindicato Unificado de Trabajadores SUT, ubicado en la calle Freire N\u00b0 332.\" width=\"300\" height=\"197\" srcset=\"https:\/\/i0.wp.com\/eltrabajo.cl\/portal\/wp-content\/uploads\/2015\/08\/cueca-curso2.jpg?resize=300%2C197&amp;ssl=1 300w, https:\/\/i0.wp.com\/eltrabajo.cl\/portal\/wp-content\/uploads\/2015\/08\/cueca-curso2.jpg?resize=200%2C131&amp;ssl=1 200w, https:\/\/i0.wp.com\/eltrabajo.cl\/portal\/wp-content\/uploads\/2015\/08\/cueca-curso2.jpg?resize=228%2C150&amp;ssl=1 228w, https:\/\/i0.wp.com\/eltrabajo.cl\/portal\/wp-content\/uploads\/2015\/08\/cueca-curso2.jpg?resize=400%2C263&amp;ssl=1 400w, https:\/\/i0.wp.com\/eltrabajo.cl\/portal\/wp-content\/uploads\/2015\/08\/cueca-curso2.jpg?w=530&amp;ssl=1 530w\" sizes=\"auto, (max-width: 300px) 100vw, 300px\" \/><\/a><figcaption id=\"caption-attachment-61186\" class=\"wp-caption-text\">Toda la comunidad est\u00e1 invitada a participar de las clases gratuitas de cueca los martes y jueves de 19:30 a 20:30 horas, en la sede del Sindicato Unificado de Trabajadores SUT, ubicado en la calle Freire N\u00b0 332.<\/figcaption><\/figure>\n<ul>\n<li><strong>En su sede ubicada en calle Freire N\u00ba 332.<\/strong><\/li>\n<\/ul>\n<p><strong>LOS ANDES<\/strong>.- El Directorio del Sindicato Unificado de Trabajadores de Codelco Andina, pensando en las pr\u00f3ximas Fiestas Patrias que se avecinan, est\u00e1 invitando a la comunidad andina a participar del tradicional Curso de Cueca 2015, actividad totalmente gratuita para todos aquellos que se interesen en participar.<br \/>\nAl respecto, el Presidente del Sindicato Unificado de Trabajadores, SUT, Manuel Ca\u00f1as, record\u00f3 que esta una actividad que todos los a\u00f1os realizan previo a las fiestas patrias a fin de que los andinos puedan aprender nuestro baile nacional.<br \/>\n\u201cComo lo hemos hecho en a\u00f1os anteriores el Sindicato Sut ha decido este a\u00f1o nuevamente realizar este curso de cueca, con los socios, familias y tambi\u00e9n abrir este curso a la comunidad andina, ya que somos un sindicato que est\u00e1 inserto en esta comunidad y queremos que los espacios que este sindicato abiertos a la cultura y la participaci\u00f3n y m\u00e1s que se celebra la fiesta de la Chilenidad\u201d, expres\u00f3.<br \/>\nAgreg\u00f3 que con mucho agrado recibir\u00e1n a las personas que se interesen participar en este curso que si bien ya se inici\u00f3, tendr\u00e1 una duraci\u00f3n de cuatro semanas hasta los d\u00edas previos al 18.<br \/>\n\u201cNosotros hemos querido mantener la condici\u00f3n de gratuidad a todas las personas que se interesen en participar, ya que creemos que el valor de estos cursos est\u00e1 en la participaci\u00f3n, por consiguiente se hace un llamado a la comunidad a participar, en aprender a bailar nuestro baile nacional y los que ya saben, que vengan a participar para no olvidar lo aprendido. Esperamos que esta versi\u00f3n tenga un mejor \u00e9xito del tuvimos el a\u00f1o pasado el cual fue muy bueno y esa es una de las razones para volverlo a realizar\u201d, coment\u00f3 el presidente del SUT.<br \/>\nManuel Ca\u00f1as se\u00f1alo que este taller comenz\u00f3 el 18 de agosto y se extender\u00e1 hasta el 10 de septiembre, para as\u00ed no entorpecer la celebraci\u00f3n de fiestas patrias de los participantes de estas clases.<br \/>\n\u201cLa actividad se realiza los d\u00edas martes y jueves de 19:30 a 20:30 horas, en la sede del Sindicato Unificado de Trabajadores SUT, ubicado en la calle Freire N\u00b0 332 y el \u00fanico requisito es traer el pa\u00f1uelo y las ganas de aprender\u201d, explic\u00f3.<br \/>\nLos interesados pueden inscribirse directamente en la sede del SUT o bien a los fonos 034 -2426648 y 34- 2426682, o simplemente asistiendo los d\u00edas anteriormente se\u00f1alados.<\/p>\n","protected":false},"excerpt":{"rendered":"<p>En su sede ubicada en calle Freire N\u00ba 332. LOS ANDES.- El Directorio del Sindicato Unificado de Trabajadores de Codelco Andina, pensando en las pr\u00f3ximas Fiestas Patrias que se avecinan, est\u00e1 invitando&#8230;<\/p>\n","protected":false},"author":482,"featured_media":61186,"comment_status":"open","ping_status":"open","sticky":false,"template":"","format":"standard","meta":{"advanced_seo_description":"","jetpack_seo_html_title":"","jetpack_seo_noindex":false,"_jetpack_memberships_contains_paid_content":false,"footnotes":""},"categories":[15],"tags":[],"class_list":["post-61185","post","type-post","status-publish","format-standard","has-post-thumbnail","hentry","category-comunidad"],"jetpack_featured_media_url":"https:\/\/i0.wp.com\/eltrabajo.cl\/portal\/wp-content\/uploads\/2015\/08\/cueca-curso2.jpg?fit=530%2C348&ssl=1","jetpack_sharing_enabled":true,"jetpack_likes_enabled":true,"jetpack-related-posts":[],"_links":{"self":[{"href":"https:\/\/eltrabajo.cl\/portal\/wp-json\/wp\/v2\/posts\/61185","targetHints":{"allow":["GET"]}}],"collection":[{"href":"https:\/\/eltrabajo.cl\/portal\/wp-json\/wp\/v2\/posts"}],"about":[{"href":"https:\/\/eltrabajo.cl\/portal\/wp-json\/wp\/v2\/types\/post"}],"author":[{"embeddable":true,"href":"https:\/\/eltrabajo.cl\/portal\/wp-json\/wp\/v2\/users\/482"}],"replies":[{"embeddable":true,"href":"https:\/\/eltrabajo.cl\/portal\/wp-json\/wp\/v2\/comments?post=61185"}],"version-history":[{"count":0,"href":"https:\/\/eltrabajo.cl\/portal\/wp-json\/wp\/v2\/posts\/61185\/revisions"}],"wp:featuredmedia":[{"embeddable":true,"href":"https:\/\/eltrabajo.cl\/portal\/wp-json\/wp\/v2\/media\/61186"}],"wp:attachment":[{"href":"https:\/\/eltrabajo.cl\/portal\/wp-json\/wp\/v2\/media?parent=61185"}],"wp:term":[{"taxonomy":"category","embeddable":true,"href":"https:\/\/eltrabajo.cl\/portal\/wp-json\/wp\/v2\/categories?post=61185"},{"taxonomy":"post_tag","embeddable":true,"href":"https:\/\/eltrabajo.cl\/portal\/wp-json\/wp\/v2\/tags?post=61185"}],"curies":[{"name":"wp","href":"https:\/\/api.w.org\/{rel}","templated":true}]}}