{"id":61191,"date":"2015-08-21T09:16:38","date_gmt":"2015-08-21T12:16:38","guid":{"rendered":"http:\/\/www.eltrabajo.cl\/portal\/?p=61191"},"modified":"2015-08-21T09:16:38","modified_gmt":"2015-08-21T12:16:38","slug":"magistral-concierto-realiza-orquesta-sinfonica-del-liceo-bicentenario-cordillera","status":"publish","type":"post","link":"https:\/\/eltrabajo.cl\/portal\/magistral-concierto-realiza-orquesta-sinfonica-del-liceo-bicentenario-cordillera\/","title":{"rendered":"Magistral concierto realiza Orquesta sinf\u00f3nica del Liceo Bicentenario Cordillera"},"content":{"rendered":"<figure id=\"attachment_61192\" aria-describedby=\"caption-attachment-61192\" style=\"width: 300px\" class=\"wp-caption alignleft\"><a href=\"https:\/\/i0.wp.com\/www.eltrabajo.cl\/portal\/wp-content\/uploads\/2015\/08\/Orquesta-Colegio-Cordillera.jpg\"><img data-recalc-dims=\"1\" loading=\"lazy\" decoding=\"async\" class=\"wp-image-61192 size-medium\" src=\"https:\/\/i0.wp.com\/www.eltrabajo.cl\/portal\/wp-content\/uploads\/2015\/08\/Orquesta-Colegio-Cordillera-300x198.jpg?resize=300%2C198\" alt=\"Junto al alcalde Patricio Freire y vecinos, el pasado lunes, la Orquesta sinf\u00f3nica del Liceo Bicentenario Cordillera realiz\u00f3 un concierto en el marco del aniversario de la ciudad.\" width=\"300\" height=\"198\" srcset=\"https:\/\/i0.wp.com\/eltrabajo.cl\/portal\/wp-content\/uploads\/2015\/08\/Orquesta-Colegio-Cordillera.jpg?resize=300%2C198&amp;ssl=1 300w, https:\/\/i0.wp.com\/eltrabajo.cl\/portal\/wp-content\/uploads\/2015\/08\/Orquesta-Colegio-Cordillera.jpg?resize=200%2C132&amp;ssl=1 200w, https:\/\/i0.wp.com\/eltrabajo.cl\/portal\/wp-content\/uploads\/2015\/08\/Orquesta-Colegio-Cordillera.jpg?resize=228%2C150&amp;ssl=1 228w, https:\/\/i0.wp.com\/eltrabajo.cl\/portal\/wp-content\/uploads\/2015\/08\/Orquesta-Colegio-Cordillera.jpg?resize=400%2C263&amp;ssl=1 400w, https:\/\/i0.wp.com\/eltrabajo.cl\/portal\/wp-content\/uploads\/2015\/08\/Orquesta-Colegio-Cordillera.jpg?w=530&amp;ssl=1 530w\" sizes=\"auto, (max-width: 300px) 100vw, 300px\" \/><\/a><figcaption id=\"caption-attachment-61192\" class=\"wp-caption-text\">Junto al alcalde Patricio Freire y vecinos, el pasado lunes, la Orquesta sinf\u00f3nica del Liceo Bicentenario Cordillera realiz\u00f3 un concierto en el marco del aniversario de la ciudad.<\/figcaption><\/figure>\n<ul>\n<li><strong>Agrupaci\u00f3n se present\u00f3 en el marco del Aniversario de la comuna de San Felipe, maravillando a los asistentes al concierto.<\/strong><\/li>\n<\/ul>\n<p>Como una de las actividades enmarcadas dentro del programa de aniversario de la Ciudad de San Felipe, la Orquesta sinf\u00f3nica del Liceo Bicentenario Cordillera realiz\u00f3 la tarde del lunes 17 un magistral concierto, en el que participaron una gran cantidad de vecinos de todos los puntos de la comuna, junto a los padres y apoderados del establecimiento, la que fue encabezada por el alcalde Patricio Freire, siendo de esta manera, oficialmente presentada la agrupaci\u00f3n musical a la comunidad.<br \/>\nLa orquesta, que re\u00fane a m\u00e1s de treinta integrantes, comenz\u00f3 a trabajar de manera parcializada el a\u00f1o 2013 s\u00f3lo con instrumentos de viento, incorporando, con el paso del tiempo, instrumentos de cuerda, siendo finalmente este a\u00f1o, la presentaci\u00f3n a la comunidad como orquesta sinf\u00f3nica estudiantil.<br \/>\nLa agrupaci\u00f3n es dirigida por los profesores David Villalobos y Christian Torres y tambi\u00e9n cuenta con el apoyo de los profesores Patricia Tapia y Nelson Mu\u00f1oz, quienes han guiado los pasos de los alumnos que la integran, despertando el inter\u00e9s del resto del alumnado por ser parte de esta interesante iniciativa, creada para la b\u00fasqueda de una educaci\u00f3n p\u00fablica de calidad, orientada a la formaci\u00f3n integral de los estudiantes, no solo en materia de conocimiento, sino que tambi\u00e9n en el desarrollo de habilidades culturales, art\u00edsticos y deportivas, entre otros, fortaleciendo el proyecto educativo institucional.<br \/>\nUna vez finalizado el evento, el alcalde Patricio Freire destac\u00f3 la realizaci\u00f3n de esta presentaci\u00f3n, se\u00f1alando que \u201cnuestras escuelas y liceos, nos siguen demostrando que estamos en el camino correcto. Mis felicitaciones a los docentes a cargo y especialmente a los ni\u00f1os que integran la orquesta, porque adem\u00e1s de preocuparse de sus estudios, destinan parte de su tiempo para esta actividad, y queda de manifiesto su inter\u00e9s, ya que hemos presenciado un gran concierto, lo que nos tiene muy orgullosos\u201d, dijo el jefe comunal.<br \/>\nPara el director del establecimiento, Jorge Sep\u00falveda, esta presentaci\u00f3n es un importante logro del liceo, lo que enorgullece a los padres y a la comunidad escolar en su conjunto, manifest\u00f3.<\/p>\n","protected":false},"excerpt":{"rendered":"<p>Agrupaci\u00f3n se present\u00f3 en el marco del Aniversario de la comuna de San Felipe, maravillando a los asistentes al concierto. Como una de las actividades enmarcadas dentro del programa de aniversario de&#8230;<\/p>\n","protected":false},"author":482,"featured_media":61192,"comment_status":"open","ping_status":"open","sticky":false,"template":"","format":"standard","meta":{"advanced_seo_description":"","jetpack_seo_html_title":"","jetpack_seo_noindex":false,"_jetpack_memberships_contains_paid_content":false,"footnotes":""},"categories":[15],"tags":[],"class_list":["post-61191","post","type-post","status-publish","format-standard","has-post-thumbnail","hentry","category-comunidad"],"jetpack_featured_media_url":"https:\/\/i0.wp.com\/eltrabajo.cl\/portal\/wp-content\/uploads\/2015\/08\/Orquesta-Colegio-Cordillera.jpg?fit=530%2C349&ssl=1","jetpack_sharing_enabled":true,"jetpack_likes_enabled":true,"jetpack-related-posts":[],"_links":{"self":[{"href":"https:\/\/eltrabajo.cl\/portal\/wp-json\/wp\/v2\/posts\/61191","targetHints":{"allow":["GET"]}}],"collection":[{"href":"https:\/\/eltrabajo.cl\/portal\/wp-json\/wp\/v2\/posts"}],"about":[{"href":"https:\/\/eltrabajo.cl\/portal\/wp-json\/wp\/v2\/types\/post"}],"author":[{"embeddable":true,"href":"https:\/\/eltrabajo.cl\/portal\/wp-json\/wp\/v2\/users\/482"}],"replies":[{"embeddable":true,"href":"https:\/\/eltrabajo.cl\/portal\/wp-json\/wp\/v2\/comments?post=61191"}],"version-history":[{"count":0,"href":"https:\/\/eltrabajo.cl\/portal\/wp-json\/wp\/v2\/posts\/61191\/revisions"}],"wp:featuredmedia":[{"embeddable":true,"href":"https:\/\/eltrabajo.cl\/portal\/wp-json\/wp\/v2\/media\/61192"}],"wp:attachment":[{"href":"https:\/\/eltrabajo.cl\/portal\/wp-json\/wp\/v2\/media?parent=61191"}],"wp:term":[{"taxonomy":"category","embeddable":true,"href":"https:\/\/eltrabajo.cl\/portal\/wp-json\/wp\/v2\/categories?post=61191"},{"taxonomy":"post_tag","embeddable":true,"href":"https:\/\/eltrabajo.cl\/portal\/wp-json\/wp\/v2\/tags?post=61191"}],"curies":[{"name":"wp","href":"https:\/\/api.w.org\/{rel}","templated":true}]}}