{"id":61194,"date":"2015-08-21T09:18:12","date_gmt":"2015-08-21T12:18:12","guid":{"rendered":"http:\/\/www.eltrabajo.cl\/portal\/?p=61194"},"modified":"2015-08-21T09:18:12","modified_gmt":"2015-08-21T12:18:12","slug":"realizan-por-tercer-ano-consecutivo-seminario-de-mujeres-lideres-en-san-felipe","status":"publish","type":"post","link":"https:\/\/eltrabajo.cl\/portal\/realizan-por-tercer-ano-consecutivo-seminario-de-mujeres-lideres-en-san-felipe\/","title":{"rendered":"Realizan por tercer a\u00f1o consecutivo Seminario de Mujeres L\u00edderes en San Felipe"},"content":{"rendered":"<figure id=\"attachment_61195\" aria-describedby=\"caption-attachment-61195\" style=\"width: 300px\" class=\"wp-caption alignleft\"><a href=\"https:\/\/i0.wp.com\/www.eltrabajo.cl\/portal\/wp-content\/uploads\/2015\/08\/Seminario-mujeres-lideres-1.jpg\"><img data-recalc-dims=\"1\" loading=\"lazy\" decoding=\"async\" class=\"wp-image-61195 size-medium\" src=\"https:\/\/i0.wp.com\/www.eltrabajo.cl\/portal\/wp-content\/uploads\/2015\/08\/Seminario-mujeres-lideres-1-300x198.jpg?resize=300%2C198\" alt=\"Durante este jueves se realiz\u00f3, por tercer a\u00f1o consecutivo, el Seminario de Mujeres lideres, al que asistieron 75 mujeres que ocupan cargos dirigenciales en distintas organizaciones sociales de la comuna.\" width=\"300\" height=\"198\" srcset=\"https:\/\/i0.wp.com\/eltrabajo.cl\/portal\/wp-content\/uploads\/2015\/08\/Seminario-mujeres-lideres-1.jpg?resize=300%2C198&amp;ssl=1 300w, https:\/\/i0.wp.com\/eltrabajo.cl\/portal\/wp-content\/uploads\/2015\/08\/Seminario-mujeres-lideres-1.jpg?resize=200%2C132&amp;ssl=1 200w, https:\/\/i0.wp.com\/eltrabajo.cl\/portal\/wp-content\/uploads\/2015\/08\/Seminario-mujeres-lideres-1.jpg?resize=228%2C150&amp;ssl=1 228w, https:\/\/i0.wp.com\/eltrabajo.cl\/portal\/wp-content\/uploads\/2015\/08\/Seminario-mujeres-lideres-1.jpg?resize=400%2C263&amp;ssl=1 400w, https:\/\/i0.wp.com\/eltrabajo.cl\/portal\/wp-content\/uploads\/2015\/08\/Seminario-mujeres-lideres-1.jpg?w=530&amp;ssl=1 530w\" sizes=\"auto, (max-width: 300px) 100vw, 300px\" \/><\/a><figcaption id=\"caption-attachment-61195\" class=\"wp-caption-text\">Durante este jueves se realiz\u00f3, por tercer a\u00f1o consecutivo, el Seminario de Mujeres lideres, al que asistieron 75 mujeres que ocupan cargos dirigenciales en distintas organizaciones sociales de la comuna.<\/figcaption><\/figure>\n<p>Con la participaci\u00f3n de 75 mujeres que ocupan cargos dirigenciales en distintas organizaciones sociales de la comuna, se realiz\u00f3 por tercer a\u00f1o consecutivo el Seminario Mujeres L\u00edderes, que organiz\u00f3 la Oficina Municipal de la Mujer, en el marco del 275 aniversario de la ciudad de San Felipe.<br \/>\nSe trata de una actividad que nace en el marco de la gesti\u00f3n del alcalde Patricio Freire, como una manera de generar espacios de formaci\u00f3n y entrega de herramientas que permita fortalecer el rol de l\u00edderes que muchas sanfelipe\u00f1as desempe\u00f1an, favoreciendo el desarrollo de sus comunidades y de toda la ciudad.<br \/>\nAs\u00ed, durante toda la ma\u00f1ana de este jueves, las asistentes fueron capacitadas en distintos temas, como por ejemplo, en torno a la tem\u00e1tica de las acciones y programas orientados a las mujeres, sobre todo en lo relacionado con violencia de g\u00e9nero, pero adem\u00e1s, en tem\u00e1ticas que apuntan al manejo del estr\u00e9s.<br \/>\nEn la oportunidad adem\u00e1s, particip\u00f3 la actriz Malucha Pinto, quien dict\u00f3 una charla motivacional y reflexiva a las mujeres asistentes.<br \/>\nLa actriz destac\u00f3 la iniciativa de la Municipalidad de San Felipe, compartiendo la visi\u00f3n del alcalde Freire respecto de la necesidad de empoderar a las mujeres, con los elementos e insumos que contribuyan a un mejor desarrollo de su labor como dirigentes de bases, pero adem\u00e1s, con elementos que favorezcan su crecimiento personal.<br \/>\n\u201cCreo que habr\u00eda que sembrar todo Chile con instancias como esta que impulsa la municipalidad de San Felipe, porque en estos momentos justamente lo que necesitamos es reconectarnos, reflexionar acerca de nuestros roles y sobre todo aqu\u00ed, con mujeres que lideran sus organizaciones de base. Me parece s\u00faper bien que la municipalidad de San Felipe se est\u00e9 preocupando y ocupando de las mujeres\u201d, se\u00f1al\u00f3 Malucha Pinto.<br \/>\nEn este sentido, el alcalde Patricio Freire resalt\u00f3 que en el marco de la pol\u00edtica de participaci\u00f3n que ha caracterizado su gesti\u00f3n, \u201cse hace sumamente necesario que las mujeres cuenten con las herramientas para avanzar de manera conjunta. Necesitamos que la comunidad y nuestros dirigentes se capaciten, pues as\u00ed podemos desarrollar un trabajo eficiente y con buenos resultados\u201d.<br \/>\nLa coordinadora de la Oficina de la Mujer, Silvana Vera, resalt\u00f3 esta iniciativa, impulsada hace tres a\u00f1os, se\u00f1alando que \u201cha sido muy valorada por las sanfelipe\u00f1as l\u00edderes, quienes manifiestan su intenci\u00f3n de continuar capacit\u00e1ndose y adquiriendo las herramientas que les permitan fortalecer su trabajo con las comunidades\u201d.<br \/>\nEn esa l\u00ednea, la asistente social se\u00f1al\u00f3 que resulta fundamental que esa enorme participaci\u00f3n de las mujeres, debiese reflejarse en su incorporaci\u00f3n a cargos de representaci\u00f3n popular o bien, de empresas p\u00fablicas y privadas.<\/p>\n","protected":false},"excerpt":{"rendered":"<p>Con la participaci\u00f3n de 75 mujeres que ocupan cargos dirigenciales en distintas organizaciones sociales de la comuna, se realiz\u00f3 por tercer a\u00f1o consecutivo el Seminario Mujeres L\u00edderes, que organiz\u00f3 la Oficina Municipal&#8230;<\/p>\n","protected":false},"author":482,"featured_media":61195,"comment_status":"open","ping_status":"open","sticky":false,"template":"","format":"standard","meta":{"advanced_seo_description":"","jetpack_seo_html_title":"","jetpack_seo_noindex":false,"_jetpack_memberships_contains_paid_content":false,"footnotes":""},"categories":[1],"tags":[],"class_list":["post-61194","post","type-post","status-publish","format-standard","has-post-thumbnail","hentry","category-cronica"],"jetpack_featured_media_url":"https:\/\/i0.wp.com\/eltrabajo.cl\/portal\/wp-content\/uploads\/2015\/08\/Seminario-mujeres-lideres-1.jpg?fit=530%2C349&ssl=1","jetpack_sharing_enabled":true,"jetpack_likes_enabled":true,"jetpack-related-posts":[],"_links":{"self":[{"href":"https:\/\/eltrabajo.cl\/portal\/wp-json\/wp\/v2\/posts\/61194","targetHints":{"allow":["GET"]}}],"collection":[{"href":"https:\/\/eltrabajo.cl\/portal\/wp-json\/wp\/v2\/posts"}],"about":[{"href":"https:\/\/eltrabajo.cl\/portal\/wp-json\/wp\/v2\/types\/post"}],"author":[{"embeddable":true,"href":"https:\/\/eltrabajo.cl\/portal\/wp-json\/wp\/v2\/users\/482"}],"replies":[{"embeddable":true,"href":"https:\/\/eltrabajo.cl\/portal\/wp-json\/wp\/v2\/comments?post=61194"}],"version-history":[{"count":0,"href":"https:\/\/eltrabajo.cl\/portal\/wp-json\/wp\/v2\/posts\/61194\/revisions"}],"wp:featuredmedia":[{"embeddable":true,"href":"https:\/\/eltrabajo.cl\/portal\/wp-json\/wp\/v2\/media\/61195"}],"wp:attachment":[{"href":"https:\/\/eltrabajo.cl\/portal\/wp-json\/wp\/v2\/media?parent=61194"}],"wp:term":[{"taxonomy":"category","embeddable":true,"href":"https:\/\/eltrabajo.cl\/portal\/wp-json\/wp\/v2\/categories?post=61194"},{"taxonomy":"post_tag","embeddable":true,"href":"https:\/\/eltrabajo.cl\/portal\/wp-json\/wp\/v2\/tags?post=61194"}],"curies":[{"name":"wp","href":"https:\/\/api.w.org\/{rel}","templated":true}]}}