{"id":61197,"date":"2015-08-21T09:19:39","date_gmt":"2015-08-21T12:19:39","guid":{"rendered":"http:\/\/www.eltrabajo.cl\/portal\/?p=61197"},"modified":"2015-08-21T09:19:39","modified_gmt":"2015-08-21T12:19:39","slug":"rompio-vidrio-de-vehiculo-para-robar-radio-musical-y-lentes-opticos","status":"publish","type":"post","link":"https:\/\/eltrabajo.cl\/portal\/rompio-vidrio-de-vehiculo-para-robar-radio-musical-y-lentes-opticos\/","title":{"rendered":"Rompi\u00f3 vidrio de veh\u00edculo para robar radio musical y lentes \u00f3pticos"},"content":{"rendered":"<figure id=\"attachment_61198\" aria-describedby=\"caption-attachment-61198\" style=\"width: 300px\" class=\"wp-caption alignleft\"><a href=\"https:\/\/i0.wp.com\/www.eltrabajo.cl\/portal\/wp-content\/uploads\/2015\/08\/JORGE-GONZALEZ.jpg\"><img data-recalc-dims=\"1\" loading=\"lazy\" decoding=\"async\" class=\"wp-image-61198 size-medium\" src=\"https:\/\/i0.wp.com\/www.eltrabajo.cl\/portal\/wp-content\/uploads\/2015\/08\/JORGE-GONZALEZ-300x198.jpg?resize=300%2C198\" alt=\" Carabineros detuvo al imputado identificado como Jorge Gonz\u00e1lez Rivas quien cometi\u00f3 el robo de una radio musical y lentes \u00f3pticos desde el interior de un veh\u00edculo estacionado en calle Toro Mazote en San Felipe.\" width=\"300\" height=\"198\" srcset=\"https:\/\/i0.wp.com\/eltrabajo.cl\/portal\/wp-content\/uploads\/2015\/08\/JORGE-GONZALEZ.jpg?resize=300%2C198&amp;ssl=1 300w, https:\/\/i0.wp.com\/eltrabajo.cl\/portal\/wp-content\/uploads\/2015\/08\/JORGE-GONZALEZ.jpg?resize=200%2C132&amp;ssl=1 200w, https:\/\/i0.wp.com\/eltrabajo.cl\/portal\/wp-content\/uploads\/2015\/08\/JORGE-GONZALEZ.jpg?resize=228%2C150&amp;ssl=1 228w, https:\/\/i0.wp.com\/eltrabajo.cl\/portal\/wp-content\/uploads\/2015\/08\/JORGE-GONZALEZ.jpg?resize=400%2C263&amp;ssl=1 400w, https:\/\/i0.wp.com\/eltrabajo.cl\/portal\/wp-content\/uploads\/2015\/08\/JORGE-GONZALEZ.jpg?w=530&amp;ssl=1 530w\" sizes=\"auto, (max-width: 300px) 100vw, 300px\" \/><\/a><figcaption id=\"caption-attachment-61198\" class=\"wp-caption-text\">Carabineros detuvo al imputado identificado como Jorge Gonz\u00e1lez Rivas quien cometi\u00f3 el robo de una radio musical y lentes \u00f3pticos desde el interior de un veh\u00edculo estacionado en calle Toro Mazote en San Felipe.<\/figcaption><\/figure>\n<p>Un nuevo robo de especies al interior de un veh\u00edculo estacionado en la v\u00eda p\u00fablica se produjo pasada la medianoche del jueves, luego que la v\u00edctima denunciara ante Carabineros el robo de la radio musical y sus lentes \u00f3pticos que manten\u00eda al interior de su m\u00f3vil, estacionado en calle Toro Mazote en San Felipe.<br \/>\nEl afectado se percat\u00f3 del delito cuando sorprendi\u00f3 al delincuente que en cuesti\u00f3n de segundos rompi\u00f3 uno de los cristales de las puertas del autom\u00f3vil para apoderarse de las especies, escapando en direcci\u00f3n desconocida.<br \/>\nCarabineros al ser alertado del denuncio, realiz\u00f3 patrullajes por distintas arterias de la comuna en b\u00fasqueda del antisocial de acuerdo a las descripciones f\u00edsicas y de vestimentas proporcionadas por la v\u00edctima, sorprendiendo a un sujeto que transitaba por calle Benigno Caldera a quien se le practic\u00f3 un control de identidad.<br \/>\nLas diligencias policiales concluyeron tras una revisi\u00f3n entre las vestimentas del sospechoso, quien manten\u00eda en su poder la radio musical y los lentes \u00f3pticos pertenecientes al propietario del veh\u00edculo que lo reconoci\u00f3 como el autor del hecho, siendo detenido por Carabineros.<br \/>\nEl imputado fue individualizado como Jorge An\u00edbal Gonz\u00e1lez Rivas quien posee antecedentes penales por delitos de hurto, robo, porte de arma blanca y consumo de drogas, quedando a disposici\u00f3n de la Fiscal\u00eda para la investigaci\u00f3n del caso.<br \/>\n<strong>Pablo Salinas Sald\u00edas<\/strong><\/p>\n","protected":false},"excerpt":{"rendered":"<p>Un nuevo robo de especies al interior de un veh\u00edculo estacionado en la v\u00eda p\u00fablica se produjo pasada la medianoche del jueves, luego que la v\u00edctima denunciara ante Carabineros el robo de&#8230;<\/p>\n","protected":false},"author":482,"featured_media":61198,"comment_status":"open","ping_status":"open","sticky":false,"template":"","format":"standard","meta":{"advanced_seo_description":"","jetpack_seo_html_title":"","jetpack_seo_noindex":false,"_jetpack_memberships_contains_paid_content":false,"footnotes":""},"categories":[21],"tags":[],"class_list":["post-61197","post","type-post","status-publish","format-standard","has-post-thumbnail","hentry","category-policial"],"jetpack_featured_media_url":"https:\/\/i0.wp.com\/eltrabajo.cl\/portal\/wp-content\/uploads\/2015\/08\/JORGE-GONZALEZ.jpg?fit=530%2C349&ssl=1","jetpack_sharing_enabled":true,"jetpack_likes_enabled":true,"jetpack-related-posts":[],"_links":{"self":[{"href":"https:\/\/eltrabajo.cl\/portal\/wp-json\/wp\/v2\/posts\/61197","targetHints":{"allow":["GET"]}}],"collection":[{"href":"https:\/\/eltrabajo.cl\/portal\/wp-json\/wp\/v2\/posts"}],"about":[{"href":"https:\/\/eltrabajo.cl\/portal\/wp-json\/wp\/v2\/types\/post"}],"author":[{"embeddable":true,"href":"https:\/\/eltrabajo.cl\/portal\/wp-json\/wp\/v2\/users\/482"}],"replies":[{"embeddable":true,"href":"https:\/\/eltrabajo.cl\/portal\/wp-json\/wp\/v2\/comments?post=61197"}],"version-history":[{"count":0,"href":"https:\/\/eltrabajo.cl\/portal\/wp-json\/wp\/v2\/posts\/61197\/revisions"}],"wp:featuredmedia":[{"embeddable":true,"href":"https:\/\/eltrabajo.cl\/portal\/wp-json\/wp\/v2\/media\/61198"}],"wp:attachment":[{"href":"https:\/\/eltrabajo.cl\/portal\/wp-json\/wp\/v2\/media?parent=61197"}],"wp:term":[{"taxonomy":"category","embeddable":true,"href":"https:\/\/eltrabajo.cl\/portal\/wp-json\/wp\/v2\/categories?post=61197"},{"taxonomy":"post_tag","embeddable":true,"href":"https:\/\/eltrabajo.cl\/portal\/wp-json\/wp\/v2\/tags?post=61197"}],"curies":[{"name":"wp","href":"https:\/\/api.w.org\/{rel}","templated":true}]}}