{"id":61206,"date":"2015-08-21T09:24:41","date_gmt":"2015-08-21T12:24:41","guid":{"rendered":"http:\/\/www.eltrabajo.cl\/portal\/?p=61206"},"modified":"2015-08-21T09:24:41","modified_gmt":"2015-08-21T12:24:41","slug":"con-cuchillo-amenazo-de-muerte-a-sus-arrendatarios-que-consumian-alcohol","status":"publish","type":"post","link":"https:\/\/eltrabajo.cl\/portal\/con-cuchillo-amenazo-de-muerte-a-sus-arrendatarios-que-consumian-alcohol\/","title":{"rendered":"Con cuchillo amenaz\u00f3 de muerte a sus arrendatarios que consum\u00edan alcohol"},"content":{"rendered":"<figure id=\"attachment_61207\" aria-describedby=\"caption-attachment-61207\" style=\"width: 300px\" class=\"wp-caption alignleft\"><a href=\"https:\/\/i0.wp.com\/www.eltrabajo.cl\/portal\/wp-content\/uploads\/2015\/08\/DANIEL-ESPINOZA.jpg\"><img data-recalc-dims=\"1\" loading=\"lazy\" decoding=\"async\" class=\"wp-image-61207 size-medium\" src=\"https:\/\/i0.wp.com\/www.eltrabajo.cl\/portal\/wp-content\/uploads\/2015\/08\/DANIEL-ESPINOZA-300x197.jpg?resize=300%2C197\" alt=\"El agresor fue identificado como Daniel Espinoza Rishmag\u00fce siendo detenido por Carabineros por el delito de amenazas de muerte, quedando a disposici\u00f3n de la Fiscal\u00eda.\" width=\"300\" height=\"197\" srcset=\"https:\/\/i0.wp.com\/eltrabajo.cl\/portal\/wp-content\/uploads\/2015\/08\/DANIEL-ESPINOZA.jpg?resize=300%2C197&amp;ssl=1 300w, https:\/\/i0.wp.com\/eltrabajo.cl\/portal\/wp-content\/uploads\/2015\/08\/DANIEL-ESPINOZA.jpg?resize=200%2C131&amp;ssl=1 200w, https:\/\/i0.wp.com\/eltrabajo.cl\/portal\/wp-content\/uploads\/2015\/08\/DANIEL-ESPINOZA.jpg?resize=228%2C150&amp;ssl=1 228w, https:\/\/i0.wp.com\/eltrabajo.cl\/portal\/wp-content\/uploads\/2015\/08\/DANIEL-ESPINOZA.jpg?resize=400%2C263&amp;ssl=1 400w, https:\/\/i0.wp.com\/eltrabajo.cl\/portal\/wp-content\/uploads\/2015\/08\/DANIEL-ESPINOZA.jpg?w=530&amp;ssl=1 530w\" sizes=\"auto, (max-width: 300px) 100vw, 300px\" \/><\/a><figcaption id=\"caption-attachment-61207\" class=\"wp-caption-text\">El agresor fue identificado como Daniel Espinoza Rishmag\u00fce siendo detenido por Carabineros por el delito de amenazas de muerte, quedando a disposici\u00f3n de la Fiscal\u00eda.<\/figcaption><\/figure>\n<ul>\n<li><strong>Desavenencias anteriores habr\u00edan motivado una violenta ri\u00f1a al interior de una vivienda en el sector Hacienda de Quilpu\u00e9 en San Felipe, debiendo intervenir la polic\u00eda uniformada.<\/strong><\/li>\n<\/ul>\n<p>Un llamado de auxilio a Carabineros se efectu\u00f3 a eso de las 13:00 horas del pasado mi\u00e9rcoles, luego que el propietario de una vivienda habr\u00eda amenazado de muerte con un cuchillo a sus arrendatarios, cuando \u00e9stos se encontraban bebiendo alcohol al interior del inmueble ubicado en sector Hacienda de Quilpu\u00e9 en la comuna de San Felipe.<br \/>\nDe acuerdo a la informaci\u00f3n policial, los hechos se habr\u00edan originado tras desavenencias anteriores que motivaron el inicio de una ri\u00f1a entre los residentes de ese inmueble, en medio de una celebraci\u00f3n donde se consum\u00edan bebidas alcoh\u00f3licas.<br \/>\nPresumiblemente, dentro de la acalorada discusi\u00f3n entre el propietario de la vivienda y sus inquilinos, los hechos habr\u00edan terminado con amenazas de muerte, luego que el arrendador repentinamente tom\u00f3 un cuchillo en forma alterada, lo que conmocion\u00f3 a los arrendadores.<br \/>\nEn esos momentos, uno de los testigos de los hechos, requiri\u00f3 la presencia de Carabineros en el lugar, quienes se trasladaron para comprobar la denuncia, instancia en que la polic\u00eda logr\u00f3 establecer el tipo de arma blanca que habr\u00eda utilizado el imputado quien fue detenido para ser trasladado hasta el cuartel policial.<br \/>\nSeg\u00fan se pudo conocer, no se registraron personas heridas por la situaci\u00f3n, sin embargo, los afectados denunciaron al detenido como autor de las graves amenazas.<br \/>\nEl imputado identificado como D.E.R., con antecedentes policiales, fue conducido hasta el Juzgado de Garant\u00eda de San Felipe para ser requerido por la Fiscal\u00eda por el delito de amenazas.<br \/>\n<strong>Pablo Salinas Sald\u00edas<\/strong><\/p>\n","protected":false},"excerpt":{"rendered":"<p>Desavenencias anteriores habr\u00edan motivado una violenta ri\u00f1a al interior de una vivienda en el sector Hacienda de Quilpu\u00e9 en San Felipe, debiendo intervenir la polic\u00eda uniformada. Un llamado de auxilio a Carabineros&#8230;<\/p>\n","protected":false},"author":482,"featured_media":61207,"comment_status":"open","ping_status":"open","sticky":false,"template":"","format":"standard","meta":{"advanced_seo_description":"","jetpack_seo_html_title":"","jetpack_seo_noindex":false,"_jetpack_memberships_contains_paid_content":false,"footnotes":""},"categories":[21],"tags":[],"class_list":["post-61206","post","type-post","status-publish","format-standard","has-post-thumbnail","hentry","category-policial"],"jetpack_featured_media_url":"https:\/\/i0.wp.com\/eltrabajo.cl\/portal\/wp-content\/uploads\/2015\/08\/DANIEL-ESPINOZA.jpg?fit=530%2C348&ssl=1","jetpack_sharing_enabled":true,"jetpack_likes_enabled":true,"jetpack-related-posts":[],"_links":{"self":[{"href":"https:\/\/eltrabajo.cl\/portal\/wp-json\/wp\/v2\/posts\/61206","targetHints":{"allow":["GET"]}}],"collection":[{"href":"https:\/\/eltrabajo.cl\/portal\/wp-json\/wp\/v2\/posts"}],"about":[{"href":"https:\/\/eltrabajo.cl\/portal\/wp-json\/wp\/v2\/types\/post"}],"author":[{"embeddable":true,"href":"https:\/\/eltrabajo.cl\/portal\/wp-json\/wp\/v2\/users\/482"}],"replies":[{"embeddable":true,"href":"https:\/\/eltrabajo.cl\/portal\/wp-json\/wp\/v2\/comments?post=61206"}],"version-history":[{"count":0,"href":"https:\/\/eltrabajo.cl\/portal\/wp-json\/wp\/v2\/posts\/61206\/revisions"}],"wp:featuredmedia":[{"embeddable":true,"href":"https:\/\/eltrabajo.cl\/portal\/wp-json\/wp\/v2\/media\/61207"}],"wp:attachment":[{"href":"https:\/\/eltrabajo.cl\/portal\/wp-json\/wp\/v2\/media?parent=61206"}],"wp:term":[{"taxonomy":"category","embeddable":true,"href":"https:\/\/eltrabajo.cl\/portal\/wp-json\/wp\/v2\/categories?post=61206"},{"taxonomy":"post_tag","embeddable":true,"href":"https:\/\/eltrabajo.cl\/portal\/wp-json\/wp\/v2\/tags?post=61206"}],"curies":[{"name":"wp","href":"https:\/\/api.w.org\/{rel}","templated":true}]}}