{"id":61209,"date":"2015-08-21T09:25:59","date_gmt":"2015-08-21T12:25:59","guid":{"rendered":"http:\/\/www.eltrabajo.cl\/portal\/?p=61209"},"modified":"2015-08-21T09:25:59","modified_gmt":"2015-08-21T12:25:59","slug":"gvf-alimentos-pago-sueldos-a-trabajadores-y-aclaro-quiebra-de-la-empresa","status":"publish","type":"post","link":"https:\/\/eltrabajo.cl\/portal\/gvf-alimentos-pago-sueldos-a-trabajadores-y-aclaro-quiebra-de-la-empresa\/","title":{"rendered":"GVF Alimentos pag\u00f3 sueldos a trabajadores y aclar\u00f3 quiebra de la empresa"},"content":{"rendered":"<figure id=\"attachment_61210\" aria-describedby=\"caption-attachment-61210\" style=\"width: 300px\" class=\"wp-caption alignleft\"><a href=\"https:\/\/i0.wp.com\/www.eltrabajo.cl\/portal\/wp-content\/uploads\/2015\/08\/luis-diaz-ochoa-1.jpg\"><img data-recalc-dims=\"1\" loading=\"lazy\" decoding=\"async\" class=\"wp-image-61210 size-medium\" src=\"https:\/\/i0.wp.com\/www.eltrabajo.cl\/portal\/wp-content\/uploads\/2015\/08\/luis-diaz-ochoa-1-300x197.jpg?resize=300%2C197\" alt=\"Con una franqueza encomiable, don Luis D\u00edaz Ochoa nos visit\u00f3 para &quot;dar la cara&quot; y explicar la situaci\u00f3n de los trabajadores.\" width=\"300\" height=\"197\" srcset=\"https:\/\/i0.wp.com\/eltrabajo.cl\/portal\/wp-content\/uploads\/2015\/08\/luis-diaz-ochoa-1.jpg?resize=300%2C197&amp;ssl=1 300w, https:\/\/i0.wp.com\/eltrabajo.cl\/portal\/wp-content\/uploads\/2015\/08\/luis-diaz-ochoa-1.jpg?resize=200%2C131&amp;ssl=1 200w, https:\/\/i0.wp.com\/eltrabajo.cl\/portal\/wp-content\/uploads\/2015\/08\/luis-diaz-ochoa-1.jpg?resize=228%2C150&amp;ssl=1 228w, https:\/\/i0.wp.com\/eltrabajo.cl\/portal\/wp-content\/uploads\/2015\/08\/luis-diaz-ochoa-1.jpg?resize=400%2C263&amp;ssl=1 400w, https:\/\/i0.wp.com\/eltrabajo.cl\/portal\/wp-content\/uploads\/2015\/08\/luis-diaz-ochoa-1.jpg?w=530&amp;ssl=1 530w\" sizes=\"auto, (max-width: 300px) 100vw, 300px\" \/><\/a><figcaption id=\"caption-attachment-61210\" class=\"wp-caption-text\">Con una franqueza encomiable, don Luis D\u00edaz Ochoa nos visit\u00f3 para \u00abdar la cara\u00bb y explicar la situaci\u00f3n de los trabajadores.<\/figcaption><\/figure>\n<p>En lo que podr\u00eda denominarse una actitud honorable, caballeresca, ejemplar, visit\u00f3 nuestra sala de redacci\u00f3n don Luis Alberto D\u00edaz Ochoa, uno de los propietarios de la empresa GVF Alimentos Ltda., quienes fueran denunciados p\u00fablicamente por cuatro trabajadores que aseguraron que la empresa se hab\u00eda declarado en quiebra y no les pagaba sus sueldos ni sus finiquitos, adeud\u00e1ndoles ocho meses de imposiciones.<br \/>\nLa denuncia fue publicada por Diario El Trabajo el pasado viernes 14 de agosto, donde se inclu\u00eda la declaraci\u00f3n del s\u00edndico de quiebras y donde hac\u00edamos ver que lamentablemente no pudimos obtener la versi\u00f3n de la empresa aludida debido a que el \u00fanico tel\u00e9fono de contacto que ten\u00edamos estaba fuera de servicio.<br \/>\nPues bien, don Luis D\u00edaz Ochoa nos visit\u00f3 para contarnos su versi\u00f3n de lo sucedido, adem\u00e1s de adelantarnos que a trav\u00e9s del conocido asesor laboral Luis Varas, ex jefe de la Inspecci\u00f3n del Trabajo de San Felipe, hab\u00edan logrado llegar a acuerdo con los trabajadores denunciantes, a quienes se les pag\u00f3 sus sueldos y se comprometi\u00f3 a fin de mes cancelar imposiciones y finiquito.<br \/>\nSeg\u00fan precisa en una declaraci\u00f3n que nos hizo llegar, la empresa GVF Alimentos Limitada \u00aboper\u00f3 durante 7 a\u00f1os en la ciudad de San Felipe, en el rubro de la elaboraci\u00f3n y exportaci\u00f3n de frutas secas. Durante ese tiempo mantuvo un staf permanente de 18 personas y aproximadamente 15 personas adicionales en faenas de temporada. El fuerte de la operaci\u00f3n de la compa\u00f1\u00eda era la exportaci\u00f3n de pasas.<br \/>\n\u00abA ra\u00edz de la crisis europea de hace algunos a\u00f1os y el fuerte impacto negativo en las ventas de nuestro rubro, y con el fin de evitar estos mercados, gvf Alimentos incursion\u00f3 en el mercado asi\u00e1tico con escaso \u00e9xito. La suma de los factores llev\u00f3 a la compa\u00f1\u00eda a zozobrar por falta de capital de trabajo.<br \/>\n\u00abNuestra empresa efectivamente fue declarada en quiebra en una junta de acreedores en que se botaba la continuidad del giro bajo una reorganizaci\u00f3n empresarial (que le permitir\u00eda operar durante 6 a\u00f1os con la renegociaci\u00f3n de sus pasivos).<br \/>\n\u00abNuestros colaboradores de planta, sin excepci\u00f3n, fueron informados de esta situaci\u00f3n y en tres oportunidades personalmente a cada uno se les inform\u00f3:<br \/>\n1.- Sus sueldos estaban asegurados por los due\u00f1os de la compa\u00f1\u00eda.<br \/>\n2.- Sus finiquitos estaban garantizados de ser cancelados.<br \/>\n3.- En un futuro emprendimiento, tendr\u00edan asegurados su fuente laboral y reconocimiento (traspaso) de su antig\u00fcedad.<br \/>\n\u00abAtendiendo a que el tema laboral estaba lo suficientemente claro, enfrentamos la liquidaci\u00f3n de la empresa.<br \/>\n\u00abAl parecer a los colaboradores de contrato de planta (con derecho a finiquito): Mar\u00eda Teresa Araya, Viviana Gald\u00e1mez, Manuela Mu\u00f1oz y Leandro Rodr\u00edguez, el tema en cuesti\u00f3n no fue lo suficientemente claro y satisfactorio y acudieron a su peri\u00f3dico a estampar su particular denuncia, cuyo reportaje se public\u00f3 el viernes 14 del presente, en cuya fecha los tel\u00e9fonos m\u00f3viles de la compa\u00f1\u00eda hab\u00edan sido eliminados.<br \/>\n\u00abA ra\u00edz de esta situaci\u00f3n, con mi socio decidimos buscar un asesor laboral para mediar y poner t\u00e9rmino a este conflicto. Para tal efecto el Sr. Luis Varas nos asesor\u00f3 en conjunto y acordamos:<br \/>\n1.- Pago de su remuneraci\u00f3n el d\u00eda mi\u00e9rcoles 19 del presente, ya efectuada en las oficinas de don Luis Varas y respaldada con su firma en las liquidaciones de cada colaborador.<br \/>\n2.- Pago de su finiquito y cotizaciones previsionales pendientes el d\u00eda 31 del presente, en las mismas oficinas.<br \/>\n\u00abEs posible que la informaci\u00f3n entregada a estos colaboradores no haya sido lo suficientemente clara para ellos como lo fue para nosotros y todos los dem\u00e1s colaboradores de la compa\u00f1\u00eda. Que se haya producido esta suerte de incomunicaci\u00f3n y falta de claridad, no los descalifica ni quita el reconocimiento nuestro hacia ellos por todos los a\u00f1os que trabajamos juntos.<br \/>\n\u00abLa visita del liquidador estaba anunciada hac\u00eda un mes. Al igual que otros d\u00edas de inactividad laboral se les aconsej\u00f3 se retiraran a sus domicilios. No tendr\u00eda sentido evitar su encuentro, toda vez que el liquidador les llamar\u00eda, a cada uno, de todas formas. Tan as\u00ed que en la reuni\u00f3n con el liquidador estaban los dem\u00e1s colaboradores .<br \/>\n\u00abNo es efectivo que les hayamos indicado \u2018que cobren al s\u00edndico\u2019.<br \/>\n\u00abLas m\u00e1quinas que se encuentran en la planta de Bucalemu son las que se indican en los contratos de los leasing con la banca y de propiedad de la empresa declarada en quiebra y fueron debidamente inventariadas.<br \/>\n\u00abGvf Alimentos, durante los siete a\u00f1os de funcionamiento, fue reconocida en la zona y el rubro por el buen trato a sus colaboradores; valor de remuneraci\u00f3n superior al mercado; acceso a capacitaci\u00f3n; ayuda personal en el \u00e1rea de RRHH y sobretodo una comunicaci\u00f3n transparente entre las partes.<br \/>\n\u00abPor tanto creemos es de menester presentar esta aclaraci\u00f3n, toda vez que la quiebra de un negocio no nos limita la voluntad y derecho a trabajar\u00bb.<br \/>\n<strong>Luis Alberto D\u00edaz Ochoa<\/strong><\/p>\n","protected":false},"excerpt":{"rendered":"<p>En lo que podr\u00eda denominarse una actitud honorable, caballeresca, ejemplar, visit\u00f3 nuestra sala de redacci\u00f3n don Luis Alberto D\u00edaz Ochoa, uno de los propietarios de la empresa GVF Alimentos Ltda., quienes fueran&#8230;<\/p>\n","protected":false},"author":482,"featured_media":61210,"comment_status":"open","ping_status":"open","sticky":false,"template":"","format":"standard","meta":{"advanced_seo_description":"","jetpack_seo_html_title":"","jetpack_seo_noindex":false,"_jetpack_memberships_contains_paid_content":false,"footnotes":""},"categories":[15],"tags":[],"class_list":["post-61209","post","type-post","status-publish","format-standard","has-post-thumbnail","hentry","category-comunidad"],"jetpack_featured_media_url":"https:\/\/i0.wp.com\/eltrabajo.cl\/portal\/wp-content\/uploads\/2015\/08\/luis-diaz-ochoa-1.jpg?fit=530%2C348&ssl=1","jetpack_sharing_enabled":true,"jetpack_likes_enabled":true,"jetpack-related-posts":[],"_links":{"self":[{"href":"https:\/\/eltrabajo.cl\/portal\/wp-json\/wp\/v2\/posts\/61209","targetHints":{"allow":["GET"]}}],"collection":[{"href":"https:\/\/eltrabajo.cl\/portal\/wp-json\/wp\/v2\/posts"}],"about":[{"href":"https:\/\/eltrabajo.cl\/portal\/wp-json\/wp\/v2\/types\/post"}],"author":[{"embeddable":true,"href":"https:\/\/eltrabajo.cl\/portal\/wp-json\/wp\/v2\/users\/482"}],"replies":[{"embeddable":true,"href":"https:\/\/eltrabajo.cl\/portal\/wp-json\/wp\/v2\/comments?post=61209"}],"version-history":[{"count":0,"href":"https:\/\/eltrabajo.cl\/portal\/wp-json\/wp\/v2\/posts\/61209\/revisions"}],"wp:featuredmedia":[{"embeddable":true,"href":"https:\/\/eltrabajo.cl\/portal\/wp-json\/wp\/v2\/media\/61210"}],"wp:attachment":[{"href":"https:\/\/eltrabajo.cl\/portal\/wp-json\/wp\/v2\/media?parent=61209"}],"wp:term":[{"taxonomy":"category","embeddable":true,"href":"https:\/\/eltrabajo.cl\/portal\/wp-json\/wp\/v2\/categories?post=61209"},{"taxonomy":"post_tag","embeddable":true,"href":"https:\/\/eltrabajo.cl\/portal\/wp-json\/wp\/v2\/tags?post=61209"}],"curies":[{"name":"wp","href":"https:\/\/api.w.org\/{rel}","templated":true}]}}