{"id":61212,"date":"2015-08-21T09:39:04","date_gmt":"2015-08-21T12:39:04","guid":{"rendered":"http:\/\/www.eltrabajo.cl\/portal\/?p=61212"},"modified":"2015-08-21T09:39:04","modified_gmt":"2015-08-21T12:39:04","slug":"lo-exhibieron-como-a-violador-y-le-quitaron-a-su-hija-de-9-anos-pero-resulto-que-era-inocente","status":"publish","type":"post","link":"https:\/\/eltrabajo.cl\/portal\/lo-exhibieron-como-a-violador-y-le-quitaron-a-su-hija-de-9-anos-pero-resulto-que-era-inocente\/","title":{"rendered":"Lo exhibieron como a violador y le quitaron a su hija de 9 a\u00f1os pero result\u00f3 que era inocente"},"content":{"rendered":"<figure id=\"attachment_61213\" aria-describedby=\"caption-attachment-61213\" style=\"width: 300px\" class=\"wp-caption alignleft\"><a href=\"https:\/\/i0.wp.com\/www.eltrabajo.cl\/portal\/wp-content\/uploads\/2015\/08\/Pablo-Cesar.jpg\"><img data-recalc-dims=\"1\" loading=\"lazy\" decoding=\"async\" class=\"wp-image-61213 size-medium\" src=\"https:\/\/i0.wp.com\/www.eltrabajo.cl\/portal\/wp-content\/uploads\/2015\/08\/Pablo-Cesar-300x197.jpg?resize=300%2C197\" alt=\"Pablo C\u00e9sar Ahumada Lazcano, trabajador agr\u00edcola, esposo de do\u00f1a Claudia.\" width=\"300\" height=\"197\" srcset=\"https:\/\/i0.wp.com\/eltrabajo.cl\/portal\/wp-content\/uploads\/2015\/08\/Pablo-Cesar.jpg?resize=300%2C197&amp;ssl=1 300w, https:\/\/i0.wp.com\/eltrabajo.cl\/portal\/wp-content\/uploads\/2015\/08\/Pablo-Cesar.jpg?resize=200%2C131&amp;ssl=1 200w, https:\/\/i0.wp.com\/eltrabajo.cl\/portal\/wp-content\/uploads\/2015\/08\/Pablo-Cesar.jpg?resize=228%2C150&amp;ssl=1 228w, https:\/\/i0.wp.com\/eltrabajo.cl\/portal\/wp-content\/uploads\/2015\/08\/Pablo-Cesar.jpg?resize=400%2C263&amp;ssl=1 400w, https:\/\/i0.wp.com\/eltrabajo.cl\/portal\/wp-content\/uploads\/2015\/08\/Pablo-Cesar.jpg?w=530&amp;ssl=1 530w\" sizes=\"auto, (max-width: 300px) 100vw, 300px\" \/><\/a><figcaption id=\"caption-attachment-61213\" class=\"wp-caption-text\">Pablo C\u00e9sar Ahumada Lazcano, trabajador agr\u00edcola, esposo de do\u00f1a Claudia.<\/figcaption><\/figure>\n<ul>\n<li><strong>Su pasi\u00f3n por el trabajo y deseos de proteger a una ni\u00f1a, habr\u00edan jugado en contra de una doctora que ahora ya no labora para el Hospital San Camilo, ocasionando que metieran preso al pap\u00e1 de una ni\u00f1a, lo exhibieran como a vulgar delincuente y dejaran encerrada hasta hoy a ni\u00f1a de nueve a\u00f1os en Limache.<\/strong><\/li>\n<\/ul>\n<p>Un verdadero calvario est\u00e1 sufriendo una familia en San Felipe, a quien la justicia le arrebat\u00f3 una hija de 9 a\u00f1os por una confusa situaci\u00f3n que involucra a la doctora Carol Contreras, exfuncionaria del Hospital San Camilo, quien aparentemente habr\u00eda incurrido en un eventual error al diagnosticar una enfermedad de transmisi\u00f3n sexual derivada de una inexistente violaci\u00f3n a una ni\u00f1a de 9 a\u00f1os, activando as\u00ed prematuramente el protocolo policial en contra del padre de la menor, a quien acusan de violaci\u00f3n pese a los ex\u00e1menes y recomendaciones de un ginec\u00f3logo -seg\u00fan la versi\u00f3n de la madre de la ni\u00f1a- que desde un principio habr\u00eda descartado lo sostenido por la doctora.<br \/>\nDe esta forma se arranc\u00f3 todo un proceso policial en el que el pap\u00e1 de la ni\u00f1a, don Pablo C\u00e9sar Ahumada Lazcano, fue detenido y presentado por la PDI ante los medios como un vulgar violador, situaci\u00f3n que lejos de ser cierta, gener\u00f3 una serie de contratiempos a la ni\u00f1a y sus padres, pues hasta la fecha permanece recluida en el Hogar San Patricio de Limache, ya que el Tribunal de Familia dict\u00f3 tal medida, separ\u00e1ndola de sus padres hasta la fecha, pese a que el 6 de noviembre de 2012 el Juzgado de Garant\u00eda absolvi\u00f3 de toda responsabilidad al avergonzado padre, luego que las pericias en el Servicio M\u00e9dico Legal, en Santiago, determinaran que la ni\u00f1a no hab\u00eda sido violada.<\/p>\n<p><strong>MADRE ANGUSTIADA<\/strong><br \/>\nClaudia P\u00e9rez \u00c1lvarez, vecina de Poblaci\u00f3n El Pino, camino Tocornal, habl\u00f3 con nuestro medio sobre lo que ha sufrido y sigue experimentando.<br \/>\n<strong>&#8211; \u00bfC\u00f3mo inici\u00f3 este confuso calvario?<\/strong><br \/>\n<strong>&#8211;<\/strong> Lo que pas\u00f3, es que yo llev\u00e9 en 2012 a mi ni\u00f1a de 9 a\u00f1os a Urgencias del Hospital San Camilo porque ten\u00eda un dolor abdominal. La doctora Carol Contreras dijo que le hab\u00eda detectado una supuesta enfermedad de transmisi\u00f3n sexual. Ella llam\u00f3 a los carabineros, quienes llegaron y con un ginec\u00f3logo la revisaron, al ratito el especialista me dijo que la ni\u00f1a no hab\u00eda sido abusada ni cosa por el estilo, pues la ni\u00f1a explic\u00f3 que no hab\u00eda sufrido ning\u00fan abuso, que se trataba s\u00f3lo de una infecci\u00f3n, propia de su edad.<br \/>\n<strong>&#8211; \u00bfEntonces todo termin\u00f3 con el reporte del ginec\u00f3logo?<\/strong><br \/>\n<strong>&#8211;<\/strong> Para nada. La doctora segu\u00eda insistiendo que s\u00ed y que s\u00ed hab\u00eda abuso, al final de cuentas ese mismo d\u00eda la PDI me quitaron a la ni\u00f1a, se llevaron a mi hija para el M\u00e9dico Legal de Santiago, ah\u00ed dictaminaron que no exist\u00eda abuso ni lesi\u00f3n alguna, sin embargo no la hemos recuperado desde hace tres a\u00f1os.<br \/>\n<strong>-\u00bfQu\u00e9 ha pasado entonces con su hija?<\/strong><br \/>\n<strong>&#8211;<\/strong> Mi hija ahora tiene 13 a\u00f1os, por m\u00e1s esfuerzos que hacemos para recuperarla no me la dan, ella sigue recluida en el Hogar San Patricio de Limache. A ra\u00edz de esta situaci\u00f3n el Sename intervino mi hogar y me quitaron al otro hijo, s\u00f3lo porque esta doctora dijo que hubo abuso, en donde nunca existi\u00f3, pues as\u00ed lo demuestran los ex\u00e1menes m\u00e9dicos, ex\u00e1menes que ella debi\u00f3 tener en su mano antes de activar ese operativo policial que destruy\u00f3 nuestra familia.<br \/>\nTambi\u00e9n Diario El Trabajo habl\u00f3 con el pap\u00e1 de la ni\u00f1a, Pablo C\u00e9sar Ahumada Lazcano, trabajador agr\u00edcola, esposo de do\u00f1a Claudia. \u00abYo por esa obsesi\u00f3n de esta doctora fui formalizado por Violaci\u00f3n, cuando los funcionarios de la PDI me abordaron me golpearon en la cabeza y me recriminaron que yo hab\u00eda abusado de mi hija, a ella la obligaron a declarar contra m\u00ed, por esa acusaci\u00f3n estuve detenido desde el 27 de abril al 19 de mayo, cuando me liberaron, ya que sal\u00ed absuelto, soy totalmente inocente de estas acusaciones, as\u00ed lo demuestran los ex\u00e1menes\u00bb, dijo Pablo C\u00e9sar.<\/p>\n<p><strong>\u00abLAS MEDIDAS DEBEN CAER TAMBI\u00c9N\u00bb<\/strong><br \/>\nDiario El Trabajo busc\u00f3 informaci\u00f3n con Jos\u00e9 Luis Correa, abogado y Defensor P\u00fablico de San Felipe desde 2007 y profesional que llev\u00f3 la defensa del entonces imputado, quien explic\u00f3 a nuestro medio su criterio concerniente a esta situaci\u00f3n.<br \/>\n<strong>&#8211; \u00bfC\u00f3mo evolucion\u00f3 el caso de su defendido?<\/strong><br \/>\n<strong>&#8211;<\/strong> Luego que el se\u00f1or Pablo C\u00e9sar Ahumada fuera procesado el 27 abril de 2012 por un supuesto delito de violaci\u00f3n, los antecedentes que se manejaban en esa fecha ante el Tribunal de Garant\u00eda ameritaron su prisi\u00f3n preventiva, posteriormente esa imputaci\u00f3n inicial se fue diluyendo, por lo que \u00e9l fue dejado en libertad, quedando en ese momento limitado a acercarse a la presunta v\u00edctima, su hija.<br \/>\n<strong>&#8211; \u00bfFinalmente este hombre era entonces inocente?<\/strong><br \/>\n<strong>&#8211;<\/strong> Lo que pas\u00f3, es que el tribunal determin\u00f3 no continuar con el proceso, pues no se logr\u00f3 reunir pruebas contra el entonces imputado, en este caso don Pablo ni siquiera fue absuelto, porque ni hubo juicio, en diciembre de ese a\u00f1o la causa se declar\u00f3 cerrada, \u00e9l t\u00e9cnicamente es inocente.<br \/>\n<strong>&#8211; Si el caso se cerr\u00f3 y la causa ni lleg\u00f3 a juicio, \u00bfqu\u00e9 se deber\u00eda esperar entonces que ocurra con esta causa de Familia?<\/strong><br \/>\n<strong>&#8211;<\/strong> El Tribunal de Familia opera de manera diferente al Tribunal de Garant\u00eda, desconozco en qu\u00e9 etapa va ese proceso, pero es de esperarse que si lo que gatill\u00f3 las medidas de separar a la ni\u00f1a de sus padres fue este proceso puntual de investigaci\u00f3n, es de esperar que al terminar el mismo estas medidas tambi\u00e9n terminen, pero hay que entender que las medidas que dict\u00f3 el juez de Garant\u00eda pueden ser distintas a las emitidas por el juez de Familia. O sea, que si se cae la causa que origin\u00f3 esta separaci\u00f3n de la ni\u00f1a con sus padres, entonces las medidas, sean de cualquier tribunal, deber\u00edan caer tambi\u00e9n.<\/p>\n<p><strong>\u00abLA PDI ME OBLIG\u00d3\u00a0A DECLARAR CONTRA MI PAP\u00c1\u00bb<\/strong><br \/>\nDe manera confidencial Diario El Trabajo logr\u00f3 sostener una entrevista con la ni\u00f1a afectada, quien a sus 13 a\u00f1os explic\u00f3 a nuestro medio que ella se siente \u2018atrapada\u2019 en este lugar, que est\u00e1 estudiando 7\u00ba a\u00f1o y que lo que m\u00e1s anhela en su vida es regresar al lado de sus padres.<br \/>\n<strong>&#8211; \u00bfC\u00f3mo la est\u00e1s pasando en este hogar de menores?<\/strong><br \/>\n<strong>&#8211;<\/strong> Yo ya no aguanto m\u00e1s, lo \u00fanico que quiero es volver con mis padres, aqu\u00ed no me maltratan ni sufro agresiones de ning\u00fan tipo, pero estoy desesperada de este encierro.<br \/>\n<strong>&#8211; \u00bfPor qu\u00e9 usted denunci\u00f3 a su pap\u00e1 en 2012?<\/strong><br \/>\n<strong>&#8211;<\/strong> Yo en ese momento ten\u00eda 9 a\u00f1os, era muy chica, lo que pas\u00f3 es que en la PDI me obligaron a declarar contra mi pap\u00e1, me presionaron y asustaron para que dijera esas cosas, pap\u00e1 nunca abus\u00f3 de m\u00ed.<br \/>\n<strong>&#8211; \u00bfC\u00f3mo te sientes ahora tras estos a\u00f1os en este hogar?<\/strong><br \/>\n<strong>&#8211;<\/strong> Estoy muy angustiada, porque sospecho que llegar\u00e9 a cumplir mis 18 a\u00f1os y estar\u00e9 aqu\u00ed como prisionera, sin haber podido aprender a vivir en familia.<\/p>\n<p><strong>MIENTRAS TANTO LAS\u00a0INSTITUCIONES CALLAN<\/strong><br \/>\nNuestro medio intent\u00f3 hablar con Jos\u00e9 Antonio Gonz\u00e1lez, funcionario encargado del Tribunal de Familia de San Felipe, a fin de solicitar informaci\u00f3n sobre este caso, sin embargo \u00e9l nos hizo saber por medio de un guardia de seguridad, \u2018que no atender\u00eda a Diario El Trabajo, que no escuchar\u00eda lo que tenemos que consultar\u2019, lo que nos sorprendi\u00f3. Por otra parte, tambi\u00e9n pedimos informaci\u00f3n a Cecilia Jara, directora del Hogar San Patricio de Limache, centro de menores en donde est\u00e1 recluida la ni\u00f1a, pero tampoco quiso dar explicaciones sobre el estado de la ni\u00f1a ni su caso. La PDI San Felipe en su caso, tampoco quiso tomar inter\u00e9s en la cooperaci\u00f3n de este caso.<br \/>\nPor su parte el Hospital San Camilo asegura que la m\u00e9dico s\u00f3lo cumpli\u00f3 con su deber \u00e9tico y legal, de dar aviso a los entes legales en caso de sospechar cualquier situaci\u00f3n anormal o presunto abuso, tal como ocurri\u00f3 en este caso, ya que son otros organismos los que deben ratificar o refutar la denuncia luego de realizar ex\u00e1menes espec\u00edficos en una segunda atenci\u00f3n, los cuales, cabe destacar,\u00a0 no se realizan dentro del Servicio de Urgencias, por lo que ella tampoco puede tomarlos. Posteriormente,\u00a0es la PDI la que cita a declarar a todos los involucrados dentro del marco investigativo, por lo que tambi\u00e9n es deber del facultativo concurrir y aportar datos a la investigaci\u00f3n.<br \/>\n<strong>Roberto Gonz\u00e1lez Short<\/strong><br \/>\n<strong>rgonzalez@eltrabajo.cl<\/strong><\/p>\n<div class=\"tiled-gallery type-rectangular tiled-gallery-unresized\" data-original-width=\"640\" data-carousel-extra='null' itemscope itemtype=\"http:\/\/schema.org\/ImageGallery\" > <div class=\"gallery-row\" style=\"width: 640px; height: 283px;\" data-original-width=\"640\" data-original-height=\"283\" > <div class=\"gallery-group images-1\" style=\"width: 427px; height: 283px;\" data-original-width=\"427\" data-original-height=\"283\" > <div class=\"tiled-gallery-item tiled-gallery-item-large\" itemprop=\"associatedMedia\" itemscope itemtype=\"http:\/\/schema.org\/ImageObject\"> <a href=\"https:\/\/eltrabajo.cl\/portal\/lo-exhibieron-como-a-violador-y-le-quitaron-a-su-hija-de-9-anos-pero-resulto-que-era-inocente\/carta-blanco\/\" border=\"0\" itemprop=\"url\"> <meta itemprop=\"width\" content=\"423\"> <meta itemprop=\"height\" content=\"279\"> <img decoding=\"async\" class=\"\" data-attachment-id=\"61215\" data-orig-file=\"https:\/\/eltrabajo.cl\/portal\/wp-content\/uploads\/2015\/08\/CARTA-BLANCO.jpg\" data-orig-size=\"530,349\" data-comments-opened=\"1\" data-image-meta=\"{&quot;aperture&quot;:&quot;0&quot;,&quot;credit&quot;:&quot;&quot;,&quot;camera&quot;:&quot;&quot;,&quot;caption&quot;:&quot;&quot;,&quot;created_timestamp&quot;:&quot;0&quot;,&quot;copyright&quot;:&quot;&quot;,&quot;focal_length&quot;:&quot;0&quot;,&quot;iso&quot;:&quot;0&quot;,&quot;shutter_speed&quot;:&quot;0&quot;,&quot;title&quot;:&quot;&quot;,&quot;orientation&quot;:&quot;0&quot;}\" data-image-title=\"CARTA BLANCO\" data-image-description=\"&lt;p&gt;SIN ANTECEDENTES.- Tal como lo muestra este documento, el pap\u00e1 de la ni\u00f1a no tiene reporte alguno sobre incidentes ni delitos.&lt;\/p&gt; \" data-medium-file=\"https:\/\/i0.wp.com\/eltrabajo.cl\/portal\/wp-content\/uploads\/2015\/08\/CARTA-BLANCO.jpg?fit=300%2C198&#038;ssl=1\" data-large-file=\"https:\/\/i0.wp.com\/eltrabajo.cl\/portal\/wp-content\/uploads\/2015\/08\/CARTA-BLANCO.jpg?fit=530%2C349&#038;ssl=1\" src=\"https:\/\/i0.wp.com\/eltrabajo.cl\/portal\/wp-content\/uploads\/2015\/08\/CARTA-BLANCO.jpg?w=423&#038;h=279&#038;ssl=1\" srcset=\"https:\/\/i0.wp.com\/eltrabajo.cl\/portal\/wp-content\/uploads\/2015\/08\/CARTA-BLANCO.jpg?w=530&amp;ssl=1 530w, https:\/\/i0.wp.com\/eltrabajo.cl\/portal\/wp-content\/uploads\/2015\/08\/CARTA-BLANCO.jpg?resize=200%2C132&amp;ssl=1 200w, https:\/\/i0.wp.com\/eltrabajo.cl\/portal\/wp-content\/uploads\/2015\/08\/CARTA-BLANCO.jpg?resize=300%2C198&amp;ssl=1 300w, https:\/\/i0.wp.com\/eltrabajo.cl\/portal\/wp-content\/uploads\/2015\/08\/CARTA-BLANCO.jpg?resize=228%2C150&amp;ssl=1 228w, https:\/\/i0.wp.com\/eltrabajo.cl\/portal\/wp-content\/uploads\/2015\/08\/CARTA-BLANCO.jpg?resize=400%2C263&amp;ssl=1 400w\" width=\"423\" height=\"279\" loading=\"lazy\" data-original-width=\"423\" data-original-height=\"279\" itemprop=\"http:\/\/schema.org\/image\" title=\"CARTA BLANCO\" alt=\"SIN ANTECEDENTES.- Tal como lo muestra este documento, el pap\u00e1 de la ni\u00f1a no tiene reporte alguno sobre incidentes ni delitos.\" style=\"width: 423px; height: 279px;\" \/> <\/a> <div class=\"tiled-gallery-caption\" itemprop=\"caption description\"> SIN ANTECEDENTES.- Tal como lo muestra este documento, el pap\u00e1 de la ni\u00f1a no tiene reporte alguno sobre incidentes ni delitos. <\/div> <\/div> <\/div> <!-- close group --> <div class=\"gallery-group images-2\" style=\"width: 213px; height: 283px;\" data-original-width=\"213\" data-original-height=\"283\" > <div class=\"tiled-gallery-item tiled-gallery-item-small\" itemprop=\"associatedMedia\" itemscope itemtype=\"http:\/\/schema.org\/ImageObject\"> <a href=\"https:\/\/eltrabajo.cl\/portal\/lo-exhibieron-como-a-violador-y-le-quitaron-a-su-hija-de-9-anos-pero-resulto-que-era-inocente\/carta-1\/\" border=\"0\" itemprop=\"url\"> <meta itemprop=\"width\" content=\"209\"> <meta itemprop=\"height\" content=\"138\"> <img decoding=\"async\" class=\"\" data-attachment-id=\"61214\" data-orig-file=\"https:\/\/eltrabajo.cl\/portal\/wp-content\/uploads\/2015\/08\/CARTA-1.jpg\" data-orig-size=\"530,349\" data-comments-opened=\"1\" data-image-meta=\"{&quot;aperture&quot;:&quot;0&quot;,&quot;credit&quot;:&quot;&quot;,&quot;camera&quot;:&quot;&quot;,&quot;caption&quot;:&quot;&quot;,&quot;created_timestamp&quot;:&quot;0&quot;,&quot;copyright&quot;:&quot;&quot;,&quot;focal_length&quot;:&quot;0&quot;,&quot;iso&quot;:&quot;0&quot;,&quot;shutter_speed&quot;:&quot;0&quot;,&quot;title&quot;:&quot;&quot;,&quot;orientation&quot;:&quot;0&quot;}\" data-image-title=\"CARTA 1\" data-image-description=\"&lt;p&gt;VERSI\u00d3N DE LA NI\u00d1A.- \u00abHola, me llamo (\u2026) y quiero decir toda la verdad, a m\u00ed mi pap\u00e1 no me ha hecho nada, mi hermano no me ha hecho nada, el t\u00edo (agente PDI) me oblig\u00f3 a decir eso (declarar contra su padre), me dijo que t\u00fa est\u00e1s equivocada, est\u00e1s entre tu pap\u00e1 y tu hermano, y yo le dije no, no y no\u2026\u00bb&lt;\/p&gt; \" data-medium-file=\"https:\/\/i0.wp.com\/eltrabajo.cl\/portal\/wp-content\/uploads\/2015\/08\/CARTA-1.jpg?fit=300%2C198&#038;ssl=1\" data-large-file=\"https:\/\/i0.wp.com\/eltrabajo.cl\/portal\/wp-content\/uploads\/2015\/08\/CARTA-1.jpg?fit=530%2C349&#038;ssl=1\" src=\"https:\/\/i0.wp.com\/eltrabajo.cl\/portal\/wp-content\/uploads\/2015\/08\/CARTA-1.jpg?w=209&#038;h=138&#038;ssl=1\" srcset=\"https:\/\/i0.wp.com\/eltrabajo.cl\/portal\/wp-content\/uploads\/2015\/08\/CARTA-1.jpg?w=530&amp;ssl=1 530w, https:\/\/i0.wp.com\/eltrabajo.cl\/portal\/wp-content\/uploads\/2015\/08\/CARTA-1.jpg?resize=200%2C132&amp;ssl=1 200w, https:\/\/i0.wp.com\/eltrabajo.cl\/portal\/wp-content\/uploads\/2015\/08\/CARTA-1.jpg?resize=300%2C198&amp;ssl=1 300w, https:\/\/i0.wp.com\/eltrabajo.cl\/portal\/wp-content\/uploads\/2015\/08\/CARTA-1.jpg?resize=228%2C150&amp;ssl=1 228w, https:\/\/i0.wp.com\/eltrabajo.cl\/portal\/wp-content\/uploads\/2015\/08\/CARTA-1.jpg?resize=400%2C263&amp;ssl=1 400w\" width=\"209\" height=\"138\" loading=\"lazy\" data-original-width=\"209\" data-original-height=\"138\" itemprop=\"http:\/\/schema.org\/image\" title=\"CARTA 1\" alt=\"VERSI\u00d3N DE LA NI\u00d1A.- \u00abHola, me llamo (\u2026) y quiero decir toda la verdad, a m\u00ed mi pap\u00e1 no me ha hecho nada, mi hermano no me ha hecho nada, el t\u00edo (agente PDI) me oblig\u00f3 a decir eso (declarar contra su padre), me dijo que t\u00fa est\u00e1s equivocada, est\u00e1s entre tu pap\u00e1 y tu hermano, y yo le dije no, no y no\u2026\u00bb\" style=\"width: 209px; height: 138px;\" \/> <\/a> <div class=\"tiled-gallery-caption\" itemprop=\"caption description\"> VERSI\u00d3N DE LA NI\u00d1A.- \u00abHola, me llamo (\u2026) y quiero decir toda la verdad, a m\u00ed mi pap\u00e1 no me ha hecho nada, mi hermano no me ha hecho nada, el t\u00edo (agente PDI) me oblig\u00f3 a decir eso (declarar contra su padre), me dijo que t\u00fa est\u00e1s equivocada, est\u00e1s entre tu pap\u00e1 y tu hermano, y yo le dije no, no y no\u2026\u00bb <\/div> <\/div> <div class=\"tiled-gallery-item tiled-gallery-item-small\" itemprop=\"associatedMedia\" itemscope itemtype=\"http:\/\/schema.org\/ImageObject\"> <a href=\"https:\/\/eltrabajo.cl\/portal\/lo-exhibieron-como-a-violador-y-le-quitaron-a-su-hija-de-9-anos-pero-resulto-que-era-inocente\/claudia\/\" border=\"0\" itemprop=\"url\"> <meta itemprop=\"width\" content=\"209\"> <meta itemprop=\"height\" content=\"137\"> <img decoding=\"async\" class=\"\" data-attachment-id=\"61218\" data-orig-file=\"https:\/\/eltrabajo.cl\/portal\/wp-content\/uploads\/2015\/08\/Claudia.jpg\" data-orig-size=\"530,348\" data-comments-opened=\"1\" data-image-meta=\"{&quot;aperture&quot;:&quot;0&quot;,&quot;credit&quot;:&quot;&quot;,&quot;camera&quot;:&quot;&quot;,&quot;caption&quot;:&quot;&quot;,&quot;created_timestamp&quot;:&quot;0&quot;,&quot;copyright&quot;:&quot;&quot;,&quot;focal_length&quot;:&quot;0&quot;,&quot;iso&quot;:&quot;0&quot;,&quot;shutter_speed&quot;:&quot;0&quot;,&quot;title&quot;:&quot;&quot;,&quot;orientation&quot;:&quot;0&quot;}\" data-image-title=\"Claudia\" data-image-description=\"&lt;p&gt;Claudia P\u00e9rez \u00c1lvarez, vecina de Poblaci\u00f3n El Pino, madre de la ni\u00f1a.&lt;\/p&gt; \" data-medium-file=\"https:\/\/i0.wp.com\/eltrabajo.cl\/portal\/wp-content\/uploads\/2015\/08\/Claudia.jpg?fit=300%2C197&#038;ssl=1\" data-large-file=\"https:\/\/i0.wp.com\/eltrabajo.cl\/portal\/wp-content\/uploads\/2015\/08\/Claudia.jpg?fit=530%2C348&#038;ssl=1\" src=\"https:\/\/i0.wp.com\/eltrabajo.cl\/portal\/wp-content\/uploads\/2015\/08\/Claudia.jpg?w=209&#038;h=137&#038;ssl=1\" srcset=\"https:\/\/i0.wp.com\/eltrabajo.cl\/portal\/wp-content\/uploads\/2015\/08\/Claudia.jpg?w=530&amp;ssl=1 530w, https:\/\/i0.wp.com\/eltrabajo.cl\/portal\/wp-content\/uploads\/2015\/08\/Claudia.jpg?resize=200%2C131&amp;ssl=1 200w, https:\/\/i0.wp.com\/eltrabajo.cl\/portal\/wp-content\/uploads\/2015\/08\/Claudia.jpg?resize=300%2C197&amp;ssl=1 300w, https:\/\/i0.wp.com\/eltrabajo.cl\/portal\/wp-content\/uploads\/2015\/08\/Claudia.jpg?resize=228%2C150&amp;ssl=1 228w, https:\/\/i0.wp.com\/eltrabajo.cl\/portal\/wp-content\/uploads\/2015\/08\/Claudia.jpg?resize=400%2C263&amp;ssl=1 400w\" width=\"209\" height=\"137\" loading=\"lazy\" data-original-width=\"209\" data-original-height=\"137\" itemprop=\"http:\/\/schema.org\/image\" title=\"Claudia\" alt=\"Claudia P\u00e9rez \u00c1lvarez, vecina de Poblaci\u00f3n El Pino, madre de la ni\u00f1a.\" style=\"width: 209px; height: 137px;\" \/> <\/a> <div class=\"tiled-gallery-caption\" itemprop=\"caption description\"> Claudia P\u00e9rez \u00c1lvarez, vecina de Poblaci\u00f3n El Pino, madre de la ni\u00f1a. <\/div> <\/div> <\/div> <!-- close group --> <\/div> <!-- close row --> <div class=\"gallery-row\" style=\"width: 640px; height: 422px;\" data-original-width=\"640\" data-original-height=\"422\" > <div class=\"gallery-group images-1\" style=\"width: 640px; height: 422px;\" data-original-width=\"640\" data-original-height=\"422\" > <div class=\"tiled-gallery-item tiled-gallery-item-large\" itemprop=\"associatedMedia\" itemscope itemtype=\"http:\/\/schema.org\/ImageObject\"> <a href=\"https:\/\/eltrabajo.cl\/portal\/lo-exhibieron-como-a-violador-y-le-quitaron-a-su-hija-de-9-anos-pero-resulto-que-era-inocente\/jose-luis-correa\/\" border=\"0\" itemprop=\"url\"> <meta itemprop=\"width\" content=\"636\"> <meta itemprop=\"height\" content=\"418\"> <img decoding=\"async\" class=\"\" data-attachment-id=\"61216\" data-orig-file=\"https:\/\/eltrabajo.cl\/portal\/wp-content\/uploads\/2015\/08\/Jose-Luis-Correa.jpg\" data-orig-size=\"530,348\" data-comments-opened=\"1\" data-image-meta=\"{&quot;aperture&quot;:&quot;0&quot;,&quot;credit&quot;:&quot;&quot;,&quot;camera&quot;:&quot;&quot;,&quot;caption&quot;:&quot;&quot;,&quot;created_timestamp&quot;:&quot;0&quot;,&quot;copyright&quot;:&quot;&quot;,&quot;focal_length&quot;:&quot;0&quot;,&quot;iso&quot;:&quot;0&quot;,&quot;shutter_speed&quot;:&quot;0&quot;,&quot;title&quot;:&quot;&quot;,&quot;orientation&quot;:&quot;0&quot;}\" data-image-title=\"Jose Luis Correa\" data-image-description=\"&lt;p&gt;Jos\u00e9 Luis Correa, abogado y Defensor P\u00fablico de San Felipe desde 2007.&lt;\/p&gt; \" data-medium-file=\"https:\/\/i0.wp.com\/eltrabajo.cl\/portal\/wp-content\/uploads\/2015\/08\/Jose-Luis-Correa.jpg?fit=300%2C197&#038;ssl=1\" data-large-file=\"https:\/\/i0.wp.com\/eltrabajo.cl\/portal\/wp-content\/uploads\/2015\/08\/Jose-Luis-Correa.jpg?fit=530%2C348&#038;ssl=1\" src=\"https:\/\/i0.wp.com\/eltrabajo.cl\/portal\/wp-content\/uploads\/2015\/08\/Jose-Luis-Correa.jpg?w=636&#038;h=418&#038;ssl=1\" srcset=\"https:\/\/i0.wp.com\/eltrabajo.cl\/portal\/wp-content\/uploads\/2015\/08\/Jose-Luis-Correa.jpg?w=530&amp;ssl=1 530w, https:\/\/i0.wp.com\/eltrabajo.cl\/portal\/wp-content\/uploads\/2015\/08\/Jose-Luis-Correa.jpg?resize=200%2C131&amp;ssl=1 200w, https:\/\/i0.wp.com\/eltrabajo.cl\/portal\/wp-content\/uploads\/2015\/08\/Jose-Luis-Correa.jpg?resize=300%2C197&amp;ssl=1 300w, https:\/\/i0.wp.com\/eltrabajo.cl\/portal\/wp-content\/uploads\/2015\/08\/Jose-Luis-Correa.jpg?resize=228%2C150&amp;ssl=1 228w, https:\/\/i0.wp.com\/eltrabajo.cl\/portal\/wp-content\/uploads\/2015\/08\/Jose-Luis-Correa.jpg?resize=400%2C263&amp;ssl=1 400w\" width=\"636\" height=\"418\" loading=\"lazy\" data-original-width=\"636\" data-original-height=\"418\" itemprop=\"http:\/\/schema.org\/image\" title=\"Jose Luis Correa\" alt=\"Jos\u00e9 Luis Correa, abogado y Defensor P\u00fablico de San Felipe desde 2007.\" style=\"width: 636px; height: 418px;\" \/> <\/a> <div class=\"tiled-gallery-caption\" itemprop=\"caption description\"> Jos\u00e9 Luis Correa, abogado y Defensor P\u00fablico de San Felipe desde 2007. <\/div> <\/div> <\/div> <!-- close group --> <\/div> <!-- close row --> <\/div>\n","protected":false},"excerpt":{"rendered":"<p>Su pasi\u00f3n por el trabajo y deseos de proteger a una ni\u00f1a, habr\u00edan jugado en contra de una doctora que ahora ya no labora para el Hospital San Camilo, ocasionando que metieran&#8230;<\/p>\n","protected":false},"author":482,"featured_media":61213,"comment_status":"open","ping_status":"open","sticky":false,"template":"","format":"standard","meta":{"advanced_seo_description":"","jetpack_seo_html_title":"","jetpack_seo_noindex":false,"_jetpack_memberships_contains_paid_content":false,"footnotes":""},"categories":[15],"tags":[],"class_list":["post-61212","post","type-post","status-publish","format-standard","has-post-thumbnail","hentry","category-comunidad"],"jetpack_featured_media_url":"https:\/\/i0.wp.com\/eltrabajo.cl\/portal\/wp-content\/uploads\/2015\/08\/Pablo-Cesar.jpg?fit=530%2C348&ssl=1","jetpack_sharing_enabled":true,"jetpack_likes_enabled":true,"jetpack-related-posts":[],"_links":{"self":[{"href":"https:\/\/eltrabajo.cl\/portal\/wp-json\/wp\/v2\/posts\/61212","targetHints":{"allow":["GET"]}}],"collection":[{"href":"https:\/\/eltrabajo.cl\/portal\/wp-json\/wp\/v2\/posts"}],"about":[{"href":"https:\/\/eltrabajo.cl\/portal\/wp-json\/wp\/v2\/types\/post"}],"author":[{"embeddable":true,"href":"https:\/\/eltrabajo.cl\/portal\/wp-json\/wp\/v2\/users\/482"}],"replies":[{"embeddable":true,"href":"https:\/\/eltrabajo.cl\/portal\/wp-json\/wp\/v2\/comments?post=61212"}],"version-history":[{"count":0,"href":"https:\/\/eltrabajo.cl\/portal\/wp-json\/wp\/v2\/posts\/61212\/revisions"}],"wp:featuredmedia":[{"embeddable":true,"href":"https:\/\/eltrabajo.cl\/portal\/wp-json\/wp\/v2\/media\/61213"}],"wp:attachment":[{"href":"https:\/\/eltrabajo.cl\/portal\/wp-json\/wp\/v2\/media?parent=61212"}],"wp:term":[{"taxonomy":"category","embeddable":true,"href":"https:\/\/eltrabajo.cl\/portal\/wp-json\/wp\/v2\/categories?post=61212"},{"taxonomy":"post_tag","embeddable":true,"href":"https:\/\/eltrabajo.cl\/portal\/wp-json\/wp\/v2\/tags?post=61212"}],"curies":[{"name":"wp","href":"https:\/\/api.w.org\/{rel}","templated":true}]}}