{"id":61227,"date":"2015-08-24T09:07:21","date_gmt":"2015-08-24T12:07:21","guid":{"rendered":"http:\/\/www.eltrabajo.cl\/portal\/?p=61227"},"modified":"2015-08-24T09:07:21","modified_gmt":"2015-08-24T12:07:21","slug":"anuncian-proyectos-para-juntas-de-vecinos-y-clubes-deportivos-en-rinconada","status":"publish","type":"post","link":"https:\/\/eltrabajo.cl\/portal\/anuncian-proyectos-para-juntas-de-vecinos-y-clubes-deportivos-en-rinconada\/","title":{"rendered":"Anuncian proyectos para Juntas de Vecinos y Clubes Deportivos en Rinconada"},"content":{"rendered":"<figure id=\"attachment_61228\" aria-describedby=\"caption-attachment-61228\" style=\"width: 300px\" class=\"wp-caption alignleft\"><a href=\"https:\/\/i0.wp.com\/www.eltrabajo.cl\/portal\/wp-content\/uploads\/2015\/08\/Mejoras-clubes-deportivos-y-juntas-de-vecinos.jpg\"><img data-recalc-dims=\"1\" loading=\"lazy\" decoding=\"async\" class=\"wp-image-61228 size-medium\" src=\"https:\/\/i0.wp.com\/www.eltrabajo.cl\/portal\/wp-content\/uploads\/2015\/08\/Mejoras-clubes-deportivos-y-juntas-de-vecinos-300x197.jpg?resize=300%2C197\" alt=\"Autoridades realizaron una reuni\u00f3n para informar a las directivas de juntas de vecinos y clubes deportivos la construcci\u00f3n de sedes y casas para los cuidadores respectivamente.\" width=\"300\" height=\"197\" srcset=\"https:\/\/i0.wp.com\/eltrabajo.cl\/portal\/wp-content\/uploads\/2015\/08\/Mejoras-clubes-deportivos-y-juntas-de-vecinos.jpg?resize=300%2C197&amp;ssl=1 300w, https:\/\/i0.wp.com\/eltrabajo.cl\/portal\/wp-content\/uploads\/2015\/08\/Mejoras-clubes-deportivos-y-juntas-de-vecinos.jpg?resize=200%2C131&amp;ssl=1 200w, https:\/\/i0.wp.com\/eltrabajo.cl\/portal\/wp-content\/uploads\/2015\/08\/Mejoras-clubes-deportivos-y-juntas-de-vecinos.jpg?resize=228%2C150&amp;ssl=1 228w, https:\/\/i0.wp.com\/eltrabajo.cl\/portal\/wp-content\/uploads\/2015\/08\/Mejoras-clubes-deportivos-y-juntas-de-vecinos.jpg?resize=400%2C263&amp;ssl=1 400w, https:\/\/i0.wp.com\/eltrabajo.cl\/portal\/wp-content\/uploads\/2015\/08\/Mejoras-clubes-deportivos-y-juntas-de-vecinos.jpg?w=530&amp;ssl=1 530w\" sizes=\"auto, (max-width: 300px) 100vw, 300px\" \/><\/a><figcaption id=\"caption-attachment-61228\" class=\"wp-caption-text\">Autoridades realizaron una reuni\u00f3n para informar a las directivas de juntas de vecinos y clubes deportivos la construcci\u00f3n de sedes y casas para los cuidadores respectivamente.<\/figcaption><\/figure>\n<p><strong>RINCONADA<\/strong>.- Dentro de la gesti\u00f3n del alcalde de Rinconada siempre ha estado presente el compromiso con las distintas organizaciones vivas que participan en la comuna, ya que son parte importante de un buen convivir y de las distintas actividades recreativas que se est\u00e1n realizando durante todo el a\u00f1o.<br \/>\nEs por eso que en la reuni\u00f3n se les inform\u00f3 a los vecinos presentes que se construir\u00e1n sedes para las Juntas de Vecinos, casas para los cuidadores de los recintos deportivos y mejoras en las construcciones existentes. La inversi\u00f3n por sede ser\u00e1 de 49 millones de pesos, para las casas 13 millones de pesos y de 22 millones para las mejoras. Se espera contar lo antes posible con la licitaci\u00f3n para comenzar las obras en el mes de septiembre.<br \/>\n\u201cHemos detectado un tema de carencia en las sedes de algunas organizaciones y es un compromiso que hoy hemos asumido, este acuerdo lo tomamos con el Concejo Municipal y por lo tanto hoy est\u00e1n los recursos para comenzar con el proceso de licitaci\u00f3n. Es un sue\u00f1o muy esperado por algunos clubes deportivos que tienen sus clubes, pero no tienen una casa para el cuidador del recinto\u201d, manifest\u00f3 el alcalde de Rinconada.<br \/>\nDavid Provoste, Presidente Club Deportivo Cat\u00f3lica, cont\u00f3 que este club es el m\u00e1s antiguo de Rinconada (1938) y pese a tener casa para el cuidador, manifest\u00f3 que \u00e9sta era muy antigua, ha tenido modificaciones, pero no est\u00e1 100% s\u00f3lida. \u201cMe pareci\u00f3 muy buena la noticia, porque a todos los clubes deportivos nos sirve, en nuestro caso la casa para el cuidador es muy necesaria y nos beneficia mucho\u201d.<br \/>\nUn caso distinto es el que viven las vecinas y vecinos de Villa Cordillera, constituida hace m\u00e1s de 25 a\u00f1os y hasta el d\u00eda de hoy no tienen una sede donde reunirse: \u201cnos junt\u00e1bamos en distintas casas y para el centro de madres que creamos hace tres a\u00f1os, utilizamos de repente la sede de la uni\u00f3n comunal o sino de la tesorera de Valle Nevado. La noticia es fabulosa, la est\u00e1bamos esperando hace muchos a\u00f1os.\u201d, se\u00f1al\u00f3 Ang\u00e9lica Vergara, tesorera Junta de Vecinos Villa Cordillera.<\/p>\n","protected":false},"excerpt":{"rendered":"<p>RINCONADA.- Dentro de la gesti\u00f3n del alcalde de Rinconada siempre ha estado presente el compromiso con las distintas organizaciones vivas que participan en la comuna, ya que son parte importante de un&#8230;<\/p>\n","protected":false},"author":482,"featured_media":61228,"comment_status":"open","ping_status":"open","sticky":false,"template":"","format":"standard","meta":{"advanced_seo_description":"","jetpack_seo_html_title":"","jetpack_seo_noindex":false,"_jetpack_memberships_contains_paid_content":false,"footnotes":""},"categories":[15],"tags":[],"class_list":["post-61227","post","type-post","status-publish","format-standard","has-post-thumbnail","hentry","category-comunidad"],"jetpack_featured_media_url":"https:\/\/i0.wp.com\/eltrabajo.cl\/portal\/wp-content\/uploads\/2015\/08\/Mejoras-clubes-deportivos-y-juntas-de-vecinos.jpg?fit=530%2C348&ssl=1","jetpack_sharing_enabled":true,"jetpack_likes_enabled":true,"jetpack-related-posts":[],"_links":{"self":[{"href":"https:\/\/eltrabajo.cl\/portal\/wp-json\/wp\/v2\/posts\/61227","targetHints":{"allow":["GET"]}}],"collection":[{"href":"https:\/\/eltrabajo.cl\/portal\/wp-json\/wp\/v2\/posts"}],"about":[{"href":"https:\/\/eltrabajo.cl\/portal\/wp-json\/wp\/v2\/types\/post"}],"author":[{"embeddable":true,"href":"https:\/\/eltrabajo.cl\/portal\/wp-json\/wp\/v2\/users\/482"}],"replies":[{"embeddable":true,"href":"https:\/\/eltrabajo.cl\/portal\/wp-json\/wp\/v2\/comments?post=61227"}],"version-history":[{"count":0,"href":"https:\/\/eltrabajo.cl\/portal\/wp-json\/wp\/v2\/posts\/61227\/revisions"}],"wp:featuredmedia":[{"embeddable":true,"href":"https:\/\/eltrabajo.cl\/portal\/wp-json\/wp\/v2\/media\/61228"}],"wp:attachment":[{"href":"https:\/\/eltrabajo.cl\/portal\/wp-json\/wp\/v2\/media?parent=61227"}],"wp:term":[{"taxonomy":"category","embeddable":true,"href":"https:\/\/eltrabajo.cl\/portal\/wp-json\/wp\/v2\/categories?post=61227"},{"taxonomy":"post_tag","embeddable":true,"href":"https:\/\/eltrabajo.cl\/portal\/wp-json\/wp\/v2\/tags?post=61227"}],"curies":[{"name":"wp","href":"https:\/\/api.w.org\/{rel}","templated":true}]}}