{"id":61234,"date":"2015-08-24T09:10:13","date_gmt":"2015-08-24T12:10:13","guid":{"rendered":"http:\/\/www.eltrabajo.cl\/portal\/?p=61234"},"modified":"2015-08-24T09:10:13","modified_gmt":"2015-08-24T12:10:13","slug":"vecinos-denuncian-que-ladera-de-cerro-en-calle-juan-rozas-se-esta-convirtiendo-en-basurero","status":"publish","type":"post","link":"https:\/\/eltrabajo.cl\/portal\/vecinos-denuncian-que-ladera-de-cerro-en-calle-juan-rozas-se-esta-convirtiendo-en-basurero\/","title":{"rendered":"Vecinos denuncian que ladera de cerro en Calle Juan Rozas se est\u00e1 convirtiendo en basurero"},"content":{"rendered":"<figure id=\"attachment_61235\" aria-describedby=\"caption-attachment-61235\" style=\"width: 300px\" class=\"wp-caption alignleft\"><a href=\"https:\/\/i0.wp.com\/www.eltrabajo.cl\/portal\/wp-content\/uploads\/2015\/08\/BASURAL-2.jpg\"><img data-recalc-dims=\"1\" loading=\"lazy\" decoding=\"async\" class=\"wp-image-61235 size-medium\" src=\"https:\/\/i0.wp.com\/www.eltrabajo.cl\/portal\/wp-content\/uploads\/2015\/08\/BASURAL-2-300x198.jpg?resize=300%2C198\" alt=\"Los vecinos est\u00e1n molestos debido a que, al menos una vez a la semana, deben quemar la gran cantidad de basura arrojada a la ladera del cerro.\" width=\"300\" height=\"198\" srcset=\"https:\/\/i0.wp.com\/eltrabajo.cl\/portal\/wp-content\/uploads\/2015\/08\/BASURAL-2.jpg?resize=300%2C198&amp;ssl=1 300w, https:\/\/i0.wp.com\/eltrabajo.cl\/portal\/wp-content\/uploads\/2015\/08\/BASURAL-2.jpg?resize=200%2C132&amp;ssl=1 200w, https:\/\/i0.wp.com\/eltrabajo.cl\/portal\/wp-content\/uploads\/2015\/08\/BASURAL-2.jpg?resize=227%2C150&amp;ssl=1 227w, https:\/\/i0.wp.com\/eltrabajo.cl\/portal\/wp-content\/uploads\/2015\/08\/BASURAL-2.jpg?resize=400%2C264&amp;ssl=1 400w, https:\/\/i0.wp.com\/eltrabajo.cl\/portal\/wp-content\/uploads\/2015\/08\/BASURAL-2.jpg?w=530&amp;ssl=1 530w\" sizes=\"auto, (max-width: 300px) 100vw, 300px\" \/><\/a><figcaption id=\"caption-attachment-61235\" class=\"wp-caption-text\">Los vecinos est\u00e1n molestos debido a que, al menos una vez a la semana, deben quemar la gran cantidad de basura arrojada a la ladera del cerro.<\/figcaption><\/figure>\n<p><strong>PUTAENDO.<\/strong>-La ladera de un cerro ubicado en Calle Juan Rozas est\u00e1 siendo convertida en un verdadero basural, aparentemente por alg\u00fan comerciante que estar\u00eda arrojando desperdicios y botellas de vidrio en gran cantidad en esa zona.<br \/>\nUna denuncia efectuada a trav\u00e9s de nuestro correo electr\u00f3nico, da cuenta que en el callej\u00f3n \u2018Los Pizarro\u2019, un poco m\u00e1s abajo del Centro de Apoyo a la Educaci\u00f3n Especial de Putaendo, hacia el cerro hab\u00edan varias botellas adem\u00e1s de basura, lo que ha llevado a que algunos vecinos haya tenido que quemar la amplia cantidad de cartones y basura, a lo menos una vez a la semana.<br \/>\nLa ma\u00f1ana de este viernes acudimos al sector y comprobamos la veracidad de la denuncia, encontrando adem\u00e1s en el lugar todo tipo de basura y sacos con varias botellas de vidrio, restos de utensilios aparentemente de un restaurante, y entre toda la basura hallamos documentaci\u00f3n como cuentas telef\u00f3nicas y cartolas bancarias pertenecientes a un conocido comerciante de Putaendo.<br \/>\nConsultamos a algunos vecinos del sector por alguna informaci\u00f3n que permita determinar con certeza qui\u00e9n o quienes arrojan basura en el sector, y s\u00f3lo indicaron que han visto con frecuencia una camioneta doble cabina subiendo al mencionado lugar.<br \/>\nUna grave situaci\u00f3n que est\u00e1 convirtiendo una hermosa zona en un verdadero basural que est\u00e1 generando varios inconvenientes a los residentes del sector, quienes finalmente son los que deben sacar los desperdicios dejados por desconocidos.<br \/>\nLa documentaci\u00f3n encontrada en el lugar no es prueba suficiente para determinar que efectivamente ese comerciante haya mandado a arrojar esa basura, pero una de las residentes del sector, que pidi\u00f3 reserva de su identidad, asegur\u00f3 que tiene absoluta claridad que efectivamente el propietario de un restaurante de Putaendo ser\u00eda el responsable del deterioro del mencionado lugar.<br \/>\n<strong>Patricio Gallardo M.<\/strong><\/p>\n","protected":false},"excerpt":{"rendered":"<p>PUTAENDO.-La ladera de un cerro ubicado en Calle Juan Rozas est\u00e1 siendo convertida en un verdadero basural, aparentemente por alg\u00fan comerciante que estar\u00eda arrojando desperdicios y botellas de vidrio en gran cantidad&#8230;<\/p>\n","protected":false},"author":482,"featured_media":61235,"comment_status":"open","ping_status":"open","sticky":false,"template":"","format":"standard","meta":{"advanced_seo_description":"","jetpack_seo_html_title":"","jetpack_seo_noindex":false,"_jetpack_memberships_contains_paid_content":false,"footnotes":""},"categories":[15],"tags":[],"class_list":["post-61234","post","type-post","status-publish","format-standard","has-post-thumbnail","hentry","category-comunidad"],"jetpack_featured_media_url":"https:\/\/i0.wp.com\/eltrabajo.cl\/portal\/wp-content\/uploads\/2015\/08\/BASURAL-2.jpg?fit=530%2C350&ssl=1","jetpack_sharing_enabled":true,"jetpack_likes_enabled":true,"jetpack-related-posts":[],"_links":{"self":[{"href":"https:\/\/eltrabajo.cl\/portal\/wp-json\/wp\/v2\/posts\/61234","targetHints":{"allow":["GET"]}}],"collection":[{"href":"https:\/\/eltrabajo.cl\/portal\/wp-json\/wp\/v2\/posts"}],"about":[{"href":"https:\/\/eltrabajo.cl\/portal\/wp-json\/wp\/v2\/types\/post"}],"author":[{"embeddable":true,"href":"https:\/\/eltrabajo.cl\/portal\/wp-json\/wp\/v2\/users\/482"}],"replies":[{"embeddable":true,"href":"https:\/\/eltrabajo.cl\/portal\/wp-json\/wp\/v2\/comments?post=61234"}],"version-history":[{"count":0,"href":"https:\/\/eltrabajo.cl\/portal\/wp-json\/wp\/v2\/posts\/61234\/revisions"}],"wp:featuredmedia":[{"embeddable":true,"href":"https:\/\/eltrabajo.cl\/portal\/wp-json\/wp\/v2\/media\/61235"}],"wp:attachment":[{"href":"https:\/\/eltrabajo.cl\/portal\/wp-json\/wp\/v2\/media?parent=61234"}],"wp:term":[{"taxonomy":"category","embeddable":true,"href":"https:\/\/eltrabajo.cl\/portal\/wp-json\/wp\/v2\/categories?post=61234"},{"taxonomy":"post_tag","embeddable":true,"href":"https:\/\/eltrabajo.cl\/portal\/wp-json\/wp\/v2\/tags?post=61234"}],"curies":[{"name":"wp","href":"https:\/\/api.w.org\/{rel}","templated":true}]}}