{"id":61237,"date":"2015-08-24T09:12:18","date_gmt":"2015-08-24T12:12:18","guid":{"rendered":"http:\/\/www.eltrabajo.cl\/portal\/?p=61237"},"modified":"2015-08-24T09:12:18","modified_gmt":"2015-08-24T12:12:18","slug":"certifican-a-alumnos-que-participaron-de-la-quinta-escuela-de-lideres-juveniles","status":"publish","type":"post","link":"https:\/\/eltrabajo.cl\/portal\/certifican-a-alumnos-que-participaron-de-la-quinta-escuela-de-lideres-juveniles\/","title":{"rendered":"Certifican a alumnos que participaron de la Quinta Escuela de L\u00edderes Juveniles"},"content":{"rendered":"<figure id=\"attachment_61238\" aria-describedby=\"caption-attachment-61238\" style=\"width: 300px\" class=\"wp-caption alignleft\"><a href=\"https:\/\/i0.wp.com\/www.eltrabajo.cl\/portal\/wp-content\/uploads\/2015\/08\/Alcalde-y-Lideres-Juveniles.jpg\"><img data-recalc-dims=\"1\" loading=\"lazy\" decoding=\"async\" class=\"wp-image-61238 size-medium\" src=\"https:\/\/i0.wp.com\/www.eltrabajo.cl\/portal\/wp-content\/uploads\/2015\/08\/Alcalde-y-Lideres-Juveniles-300x197.jpg?resize=300%2C197\" alt=\"Junto al alcalde Freire est\u00e1n los 53 estudiantes de establecimientos municipalizados, particulares subvencionados y particulares pagados, que recibieron sus certificados de participaci\u00f3n.\" width=\"300\" height=\"197\" srcset=\"https:\/\/i0.wp.com\/eltrabajo.cl\/portal\/wp-content\/uploads\/2015\/08\/Alcalde-y-Lideres-Juveniles.jpg?resize=300%2C197&amp;ssl=1 300w, https:\/\/i0.wp.com\/eltrabajo.cl\/portal\/wp-content\/uploads\/2015\/08\/Alcalde-y-Lideres-Juveniles.jpg?resize=200%2C131&amp;ssl=1 200w, https:\/\/i0.wp.com\/eltrabajo.cl\/portal\/wp-content\/uploads\/2015\/08\/Alcalde-y-Lideres-Juveniles.jpg?resize=228%2C150&amp;ssl=1 228w, https:\/\/i0.wp.com\/eltrabajo.cl\/portal\/wp-content\/uploads\/2015\/08\/Alcalde-y-Lideres-Juveniles.jpg?resize=400%2C263&amp;ssl=1 400w, https:\/\/i0.wp.com\/eltrabajo.cl\/portal\/wp-content\/uploads\/2015\/08\/Alcalde-y-Lideres-Juveniles.jpg?w=530&amp;ssl=1 530w\" sizes=\"auto, (max-width: 300px) 100vw, 300px\" \/><\/a><figcaption id=\"caption-attachment-61238\" class=\"wp-caption-text\">Junto al alcalde Freire est\u00e1n los 53 estudiantes de establecimientos municipalizados, particulares subvencionados y particulares pagados, que recibieron sus certificados de participaci\u00f3n.<\/figcaption><\/figure>\n<ul>\n<li><strong>Alcalde Freire destac\u00f3 iniciativa impulsada por la Oficina de Protecci\u00f3n de Derechos y la Universidad de Valpara\u00edso, la que con el respaldo de la municipalidad ya ha certificado en sus cinco a\u00f1os a 201 l\u00edderes de San Felipe y de otros puntos del valle.<\/strong><\/li>\n<\/ul>\n<p>Como una enorme oportunidad para su desarrollo personal y dirigencial, calificaron los alumnos que en la ma\u00f1ana del viernes, en el marco de una ceremonia realizada en el Campus San Felipe de la Universidad de Valpara\u00edso, recibieron sus certificados tras participar en la quinta versi\u00f3n de la Escuela de L\u00edderes Juveniles impulsada por la Oficina de Protecci\u00f3n de Derechos y la casa de estudios superiores.<br \/>\nEn esta oportunidad, fueron 53 los estudiantes de establecimientos municipalizados, particulares subvencionados y particulares pagados, los que recibieron sus certificados de manos de las autoridades presentes en la actividad, hasta donde concurrieron con sus profesores, directores y familiares.<br \/>\nSeg\u00fan explic\u00f3 Francisca Hidalgo, asistente social coordinadora de la OPD, en estos cinco a\u00f1os de la Escuela de L\u00edderes Juveniles ya son 201 los estudiantes que se han certificado, cumpliendo con la asistencia a clases y con una activa participaci\u00f3n en cada sesi\u00f3n.<br \/>\n\u201cEstamos francamente felices como OPD y como municipio, certificar a estos 53 chicos, como l\u00edderes juveniles. Esta es una instancia pionera en la regi\u00f3n, que nos ha permitido fortalecer los espacios de participaci\u00f3n de los ni\u00f1os y adolescentes, con el respaldo de la Universidad de Valpara\u00edso\u201d, se\u00f1al\u00f3 la profesional.<br \/>\nEn este mismo sentido el alcalde Patricio Freire, manifest\u00f3 que \u201cla idea es que esta Escuela siga trabajando y pueda fortalecerse, para que as\u00ed puedan empoderar a\u00fan m\u00e1s a los ni\u00f1os y los adolescentes de San Felipe\u201d.<br \/>\nEl alcalde Freire destac\u00f3 que esta es una gran oportunidad que se genera, resaltando el hecho que ya son m\u00e1s de 200 los l\u00edderes juveniles que se han certificado, resaltando el que entre ellos figure Fernando Leiva, alumno del Liceo Roberto Humeres quien hoy en d\u00eda es uno de los consejeros regionales del Consejo Nacional de Infancia.<br \/>\nDesde la Universidad de Valpara\u00edso, la directora del Campus Mar\u00eda Ang\u00e9lica Colvin manifest\u00f3 su satisfacci\u00f3n por esta alianza que se genera con el municipio a trav\u00e9s de la OPD, para el desarrollo de una instancia de participaci\u00f3n y formaci\u00f3n de j\u00f3venes.<br \/>\nLos alumnos y alumnas participantes en tanto, manifestaron su alegr\u00eda por este espacio que abre la OPD y la Universidad para su desarrollo.<br \/>\n\u201cYo pienso que ya era un l\u00edder, pero me faltaban las herramientas para fortalecerme como tal y la Escuela me dio esas herramientas. Ha sido una experiencia muy bonita, donde tuve la ocasi\u00f3n de compartir con estudiantes de otros colegios, de hacer amigos, de aprender y poner en pr\u00e1ctica lo aprendido\u201d, se\u00f1al\u00f3 Dilan Vivanco Chand\u00eda, alumno del Liceo Roberto Humeres.<br \/>\nEn ese mismo sentido, la alumna del Colegio Vedruna, Sof\u00eda Urbina, agradeci\u00f3 la oportunidad que se present\u00f3 este a\u00f1o para integrarse a la Escuela de L\u00edderes Juveniles. \u201cAprend\u00ed mucho. Ya ten\u00eda una idea de c\u00f3mo era, porque a\u00f1os anteriores otras compa\u00f1eras hab\u00edan participado, pero era mucho mejor de c\u00f3mo me lo contaron. Me voy feliz y si vuelvo, creo que podr\u00e9 aprender much\u00edsimo m\u00e1s\u201d, se\u00f1al\u00f3.<br \/>\n\u201cEs una idea espectacular, que nos ampl\u00eda nuestra visi\u00f3n de mundo, los conocimientos que uno adquiere en el colegio o en la casa. Creo que es algo fant\u00e1stico\u201d, sentenci\u00f3 Mario Fernando Alvarado, alumno del Colegio Cervantino de Putaendo.<\/p>\n","protected":false},"excerpt":{"rendered":"<p>Alcalde Freire destac\u00f3 iniciativa impulsada por la Oficina de Protecci\u00f3n de Derechos y la Universidad de Valpara\u00edso, la que con el respaldo de la municipalidad ya ha certificado en sus cinco a\u00f1os&#8230;<\/p>\n","protected":false},"author":482,"featured_media":61238,"comment_status":"open","ping_status":"open","sticky":false,"template":"","format":"standard","meta":{"advanced_seo_description":"","jetpack_seo_html_title":"","jetpack_seo_noindex":false,"_jetpack_memberships_contains_paid_content":false,"footnotes":""},"categories":[1],"tags":[],"class_list":["post-61237","post","type-post","status-publish","format-standard","has-post-thumbnail","hentry","category-cronica"],"jetpack_featured_media_url":"https:\/\/i0.wp.com\/eltrabajo.cl\/portal\/wp-content\/uploads\/2015\/08\/Alcalde-y-Lideres-Juveniles.jpg?fit=530%2C348&ssl=1","jetpack_sharing_enabled":true,"jetpack_likes_enabled":true,"jetpack-related-posts":[],"_links":{"self":[{"href":"https:\/\/eltrabajo.cl\/portal\/wp-json\/wp\/v2\/posts\/61237","targetHints":{"allow":["GET"]}}],"collection":[{"href":"https:\/\/eltrabajo.cl\/portal\/wp-json\/wp\/v2\/posts"}],"about":[{"href":"https:\/\/eltrabajo.cl\/portal\/wp-json\/wp\/v2\/types\/post"}],"author":[{"embeddable":true,"href":"https:\/\/eltrabajo.cl\/portal\/wp-json\/wp\/v2\/users\/482"}],"replies":[{"embeddable":true,"href":"https:\/\/eltrabajo.cl\/portal\/wp-json\/wp\/v2\/comments?post=61237"}],"version-history":[{"count":0,"href":"https:\/\/eltrabajo.cl\/portal\/wp-json\/wp\/v2\/posts\/61237\/revisions"}],"wp:featuredmedia":[{"embeddable":true,"href":"https:\/\/eltrabajo.cl\/portal\/wp-json\/wp\/v2\/media\/61238"}],"wp:attachment":[{"href":"https:\/\/eltrabajo.cl\/portal\/wp-json\/wp\/v2\/media?parent=61237"}],"wp:term":[{"taxonomy":"category","embeddable":true,"href":"https:\/\/eltrabajo.cl\/portal\/wp-json\/wp\/v2\/categories?post=61237"},{"taxonomy":"post_tag","embeddable":true,"href":"https:\/\/eltrabajo.cl\/portal\/wp-json\/wp\/v2\/tags?post=61237"}],"curies":[{"name":"wp","href":"https:\/\/api.w.org\/{rel}","templated":true}]}}