{"id":61240,"date":"2015-08-24T09:14:32","date_gmt":"2015-08-24T12:14:32","guid":{"rendered":"http:\/\/www.eltrabajo.cl\/portal\/?p=61240"},"modified":"2015-08-24T09:14:32","modified_gmt":"2015-08-24T12:14:32","slug":"carabineros-cursa-mas-de-60-infracciones-por-exceso-de-velocidad-en-controles-vehiculares","status":"publish","type":"post","link":"https:\/\/eltrabajo.cl\/portal\/carabineros-cursa-mas-de-60-infracciones-por-exceso-de-velocidad-en-controles-vehiculares\/","title":{"rendered":"Carabineros cursa m\u00e1s de 60 infracciones por exceso de velocidad en controles vehiculares"},"content":{"rendered":"<figure id=\"attachment_61241\" aria-describedby=\"caption-attachment-61241\" style=\"width: 300px\" class=\"wp-caption alignleft\"><a href=\"https:\/\/i0.wp.com\/www.eltrabajo.cl\/portal\/wp-content\/uploads\/2015\/08\/CONTROLES-VEHICULARES-CARABINEROS-3.jpg\"><img data-recalc-dims=\"1\" loading=\"lazy\" decoding=\"async\" class=\"wp-image-61241 size-medium\" src=\"https:\/\/i0.wp.com\/www.eltrabajo.cl\/portal\/wp-content\/uploads\/2015\/08\/CONTROLES-VEHICULARES-CARABINEROS-3-300x197.jpg?resize=300%2C197\" alt=\"M\u00e1s de 60 infracciones cursaron Carabineros a automovilistas que no respetaron la velocidad permitida.\" width=\"300\" height=\"197\" srcset=\"https:\/\/i0.wp.com\/eltrabajo.cl\/portal\/wp-content\/uploads\/2015\/08\/CONTROLES-VEHICULARES-CARABINEROS-3.jpg?resize=300%2C197&amp;ssl=1 300w, https:\/\/i0.wp.com\/eltrabajo.cl\/portal\/wp-content\/uploads\/2015\/08\/CONTROLES-VEHICULARES-CARABINEROS-3.jpg?resize=200%2C131&amp;ssl=1 200w, https:\/\/i0.wp.com\/eltrabajo.cl\/portal\/wp-content\/uploads\/2015\/08\/CONTROLES-VEHICULARES-CARABINEROS-3.jpg?resize=228%2C150&amp;ssl=1 228w, https:\/\/i0.wp.com\/eltrabajo.cl\/portal\/wp-content\/uploads\/2015\/08\/CONTROLES-VEHICULARES-CARABINEROS-3.jpg?resize=400%2C263&amp;ssl=1 400w, https:\/\/i0.wp.com\/eltrabajo.cl\/portal\/wp-content\/uploads\/2015\/08\/CONTROLES-VEHICULARES-CARABINEROS-3.jpg?w=530&amp;ssl=1 530w\" sizes=\"auto, (max-width: 300px) 100vw, 300px\" \/><\/a><figcaption id=\"caption-attachment-61241\" class=\"wp-caption-text\">M\u00e1s de 60 infracciones cursaron Carabineros a automovilistas que no respetaron la velocidad permitida.<\/figcaption><\/figure>\n<p><strong>PUTAENDO.<\/strong>&#8211; Durante la realizaci\u00f3n de controles vehiculares en algunos sectores de la comuna, Carabineros de Putaendo curs\u00f3 m\u00e1s de 60 infracciones al tr\u00e1nsito por no respetar la velocidad m\u00e1xima.<br \/>\nAs\u00ed lo confirmo a nuestro medio el Teniente \u00c1ngelo Acevedo, quien precis\u00f3 que durante la tarde del viernes y el s\u00e1bado efectivamente se hab\u00edan cursado m\u00e1s de 60 infracciones por no respetar la velocidad m\u00e1xima permitida en carretera y otros caminos secundarios de la comuna, pues se trata de un plan de fiscalizaci\u00f3n que tiene por finalidad que los conductores logren comprender lo peligroso que para ellos y sus acompa\u00f1antes reviste viajar a exceso de velocidad, ya que en el \u00faltimo tiempo se pudo advertir que por ejemplo, en la carretera que une Putaendo con San Felipe los conductores estaban desarrollando velocidades alt\u00edsimas que fueron comprobadas con el radar toma velocidad que registr\u00f3 incluso a conductores viajando a mas de 115 kil\u00f3metros por hora en una zona autorizada cuyo l\u00edmite de velocidad es de 70 kil\u00f3metros.<br \/>\n\u00c1ngelo Acevedo expuso que como Carabineros saben que los conductores se molestan cuando son sancionados, pero sostuvo que velar por el cumplimiento de los l\u00edmites de velocidad en carreteras y caminos es una de las funciones de Carabineros, como tambi\u00e9n tienen la misi\u00f3n de evitar que se produzcan accidentes derivados de las altas velocidades, y por eso se est\u00e1n realizando controles de velocidades no tan s\u00f3lo en la ruta que une Putaendo con Cabildo y San Felipe, sino que tambi\u00e9n en caminos como Jos\u00e9 Antonio Salinas, Granallas y otros m\u00e1s, donde han sido los mismos vecinos y dirigentes los que han solicitado este tipo de controles debido a los riesgos que conllevan para muchas personas las altas velocidades de algunos veh\u00edculos.<br \/>\nPor \u00faltimo el oficial de Carabineros mencion\u00f3 que la ciudadan\u00eda puede estar tranquila, porque este tipo de fiscalizaciones no ha afectado los normales servicios policiales que a diario se atienden en la comuna, ya que los patrullajes preventivos se han desarrollado con normalidad, sobre todo durante el fin de semana, agregando que los controles vehiculares con el radar toma velocidad continuar\u00e1n en distintos horarios y sectores de la comuna.<br \/>\n<strong>Patricio Gallardo M.<\/strong><\/p>\n","protected":false},"excerpt":{"rendered":"<p>PUTAENDO.&#8211; Durante la realizaci\u00f3n de controles vehiculares en algunos sectores de la comuna, Carabineros de Putaendo curs\u00f3 m\u00e1s de 60 infracciones al tr\u00e1nsito por no respetar la velocidad m\u00e1xima. As\u00ed lo confirmo&#8230;<\/p>\n","protected":false},"author":482,"featured_media":61241,"comment_status":"open","ping_status":"open","sticky":false,"template":"","format":"standard","meta":{"advanced_seo_description":"","jetpack_seo_html_title":"","jetpack_seo_noindex":false,"_jetpack_memberships_contains_paid_content":false,"footnotes":""},"categories":[1],"tags":[],"class_list":["post-61240","post","type-post","status-publish","format-standard","has-post-thumbnail","hentry","category-cronica"],"jetpack_featured_media_url":"https:\/\/i0.wp.com\/eltrabajo.cl\/portal\/wp-content\/uploads\/2015\/08\/CONTROLES-VEHICULARES-CARABINEROS-3.jpg?fit=530%2C348&ssl=1","jetpack_sharing_enabled":true,"jetpack_likes_enabled":true,"jetpack-related-posts":[],"_links":{"self":[{"href":"https:\/\/eltrabajo.cl\/portal\/wp-json\/wp\/v2\/posts\/61240","targetHints":{"allow":["GET"]}}],"collection":[{"href":"https:\/\/eltrabajo.cl\/portal\/wp-json\/wp\/v2\/posts"}],"about":[{"href":"https:\/\/eltrabajo.cl\/portal\/wp-json\/wp\/v2\/types\/post"}],"author":[{"embeddable":true,"href":"https:\/\/eltrabajo.cl\/portal\/wp-json\/wp\/v2\/users\/482"}],"replies":[{"embeddable":true,"href":"https:\/\/eltrabajo.cl\/portal\/wp-json\/wp\/v2\/comments?post=61240"}],"version-history":[{"count":0,"href":"https:\/\/eltrabajo.cl\/portal\/wp-json\/wp\/v2\/posts\/61240\/revisions"}],"wp:featuredmedia":[{"embeddable":true,"href":"https:\/\/eltrabajo.cl\/portal\/wp-json\/wp\/v2\/media\/61241"}],"wp:attachment":[{"href":"https:\/\/eltrabajo.cl\/portal\/wp-json\/wp\/v2\/media?parent=61240"}],"wp:term":[{"taxonomy":"category","embeddable":true,"href":"https:\/\/eltrabajo.cl\/portal\/wp-json\/wp\/v2\/categories?post=61240"},{"taxonomy":"post_tag","embeddable":true,"href":"https:\/\/eltrabajo.cl\/portal\/wp-json\/wp\/v2\/tags?post=61240"}],"curies":[{"name":"wp","href":"https:\/\/api.w.org\/{rel}","templated":true}]}}