{"id":61246,"date":"2015-08-24T09:18:05","date_gmt":"2015-08-24T12:18:05","guid":{"rendered":"http:\/\/www.eltrabajo.cl\/portal\/?p=61246"},"modified":"2015-08-24T09:18:05","modified_gmt":"2015-08-24T12:18:05","slug":"con-show-de-cachureos-realizan-masiva-celebracion-de-dia-del-nino-en-san-felipe","status":"publish","type":"post","link":"https:\/\/eltrabajo.cl\/portal\/con-show-de-cachureos-realizan-masiva-celebracion-de-dia-del-nino-en-san-felipe\/","title":{"rendered":"Con show de Cachureos realizan masiva celebraci\u00f3n de D\u00eda del Ni\u00f1o en San Felipe"},"content":{"rendered":"<figure id=\"attachment_61247\" aria-describedby=\"caption-attachment-61247\" style=\"width: 300px\" class=\"wp-caption alignleft\"><a href=\"https:\/\/i0.wp.com\/www.eltrabajo.cl\/portal\/wp-content\/uploads\/2015\/08\/cachureos-1.jpg\"><img data-recalc-dims=\"1\" loading=\"lazy\" decoding=\"async\" class=\"wp-image-61247 size-medium\" src=\"https:\/\/i0.wp.com\/www.eltrabajo.cl\/portal\/wp-content\/uploads\/2015\/08\/cachureos-1-300x198.jpg?resize=300%2C198\" alt=\"Los ni\u00f1os disfrutaron de las canciones de Cachureos interpretadas por sus personajes m\u00e1s recordados.\" width=\"300\" height=\"198\" srcset=\"https:\/\/i0.wp.com\/eltrabajo.cl\/portal\/wp-content\/uploads\/2015\/08\/cachureos-1.jpg?resize=300%2C198&amp;ssl=1 300w, https:\/\/i0.wp.com\/eltrabajo.cl\/portal\/wp-content\/uploads\/2015\/08\/cachureos-1.jpg?resize=200%2C132&amp;ssl=1 200w, https:\/\/i0.wp.com\/eltrabajo.cl\/portal\/wp-content\/uploads\/2015\/08\/cachureos-1.jpg?resize=228%2C150&amp;ssl=1 228w, https:\/\/i0.wp.com\/eltrabajo.cl\/portal\/wp-content\/uploads\/2015\/08\/cachureos-1.jpg?resize=400%2C263&amp;ssl=1 400w, https:\/\/i0.wp.com\/eltrabajo.cl\/portal\/wp-content\/uploads\/2015\/08\/cachureos-1.jpg?w=530&amp;ssl=1 530w\" sizes=\"auto, (max-width: 300px) 100vw, 300px\" \/><\/a><figcaption id=\"caption-attachment-61247\" class=\"wp-caption-text\">Los ni\u00f1os disfrutaron de las canciones de Cachureos interpretadas por sus personajes m\u00e1s recordados.<\/figcaption><\/figure>\n<ul>\n<li><strong>Menores disfrutaron adem\u00e1s de juegos inflables, clownpamento y el mimo Tuga.<\/strong><\/li>\n<\/ul>\n<p>Unas 10 mil personas disfrutaron este domingo 23 de agosto con la presentaci\u00f3n de Cachureos, en la celebraci\u00f3n del d\u00eda del ni\u00f1o que organiz\u00f3 la Municipalidad de San Felipe.<br \/>\nLa actividad comenz\u00f3 pasadas las 11 horas, luego que miles de vecinos llegaran hasta el sector c\u00e9ntrico de la comuna, y todos con sus globos comenzaran a disfrutar de la presentaci\u00f3n de una de las agrupaciones infantiles m\u00e1s conocidas, tanto por ni\u00f1os y adultos. Precisamente fueron miles de ni\u00f1os que llegaron acompa\u00f1ados de sus pap\u00e1s, quienes cantaron todas las canciones interpretadas por los distintos personajes, recordando as\u00ed este show televisivo que se mantiene vigente despu\u00e9s de m\u00e1s de 20 a\u00f1os.<br \/>\nLa entretenci\u00f3n continu\u00f3 cuando varios vecinos subieron al escenario para participar de los concursos que hicieron re\u00edr a los asistentes.<br \/>\nMarcelo, el animador, se mostr\u00f3 feliz del recibimiento de los sanfelipe\u00f1os, se\u00f1alando que \u201chab\u00eda mucha gente y ese es un fen\u00f3meno que se repite a lo largo del pa\u00eds, ayer estuvimos en Molina y hab\u00eda tanta gente como hoy y pasa que los ni\u00f1os se entretienen con nuestras canciones, pero los gestores de esto son los pap\u00e1s que en su tiempo ve\u00edan a Cachureos y vi a varios pap\u00e1s llorando al t\u00e9rmino del show y lo bonito que los ni\u00f1os se han puesto fan\u00e1ticos del programa. Y estamos felices sin estar en la televisi\u00f3n porque preferimos recorrer nuestro pa\u00eds y disfrutar del cari\u00f1o de la gente y felices que nuestro trabajo sea reconocido\u201d.<\/p>\n<figure id=\"attachment_61248\" aria-describedby=\"caption-attachment-61248\" style=\"width: 300px\" class=\"wp-caption alignright\"><a href=\"https:\/\/i0.wp.com\/www.eltrabajo.cl\/portal\/wp-content\/uploads\/2015\/08\/cachureos3.jpg\"><img data-recalc-dims=\"1\" loading=\"lazy\" decoding=\"async\" class=\"wp-image-61248 size-medium\" src=\"https:\/\/i0.wp.com\/www.eltrabajo.cl\/portal\/wp-content\/uploads\/2015\/08\/cachureos3-300x197.jpg?resize=300%2C197\" alt=\"Fueron m\u00e1s de 10 mil personas, entre vecinos y autoridades, las que disfrutaron con la presentaci\u00f3n de Cachureos, en el marco de la celebraci\u00f3n del d\u00eda del ni\u00f1o.\" width=\"300\" height=\"197\" srcset=\"https:\/\/i0.wp.com\/eltrabajo.cl\/portal\/wp-content\/uploads\/2015\/08\/cachureos3.jpg?resize=300%2C197&amp;ssl=1 300w, https:\/\/i0.wp.com\/eltrabajo.cl\/portal\/wp-content\/uploads\/2015\/08\/cachureos3.jpg?resize=200%2C131&amp;ssl=1 200w, https:\/\/i0.wp.com\/eltrabajo.cl\/portal\/wp-content\/uploads\/2015\/08\/cachureos3.jpg?resize=228%2C150&amp;ssl=1 228w, https:\/\/i0.wp.com\/eltrabajo.cl\/portal\/wp-content\/uploads\/2015\/08\/cachureos3.jpg?resize=400%2C263&amp;ssl=1 400w, https:\/\/i0.wp.com\/eltrabajo.cl\/portal\/wp-content\/uploads\/2015\/08\/cachureos3.jpg?w=530&amp;ssl=1 530w\" sizes=\"auto, (max-width: 300px) 100vw, 300px\" \/><\/a><figcaption id=\"caption-attachment-61248\" class=\"wp-caption-text\">Fueron m\u00e1s de 10 mil personas, entre vecinos y autoridades, las que disfrutaron con la presentaci\u00f3n de Cachureos, en el marco de la celebraci\u00f3n del d\u00eda del ni\u00f1o.<\/figcaption><\/figure>\n<p>El gato Juanito, Epidemia, La Mosca y varios otros personajes cantaron todos los \u00e9xitos de este show que est\u00e1 pensado para toda la familia y que permite a los padres disfrutar junto a sus hijos de las canciones y los chistes con los que los m\u00e1s grandes disfrutaban cuando eran peque\u00f1os.<br \/>\nEl alcalde Patricio Freire junto a los concejales subieron al escenario al final del show para entregar un reconocimiento a todos los personajes que recibieron el cari\u00f1o de todos los asistentes.<br \/>\n\u201cEstamos muy contentos de disfrutar el d\u00eda del ni\u00f1o con Marcelo y Cachureos, un espect\u00e1culo que nos permiti\u00f3 recordar a todos las canciones y pasarlo muy bien en compa\u00f1\u00eda de la familia sanfelipe\u00f1a\u201d, dijo el alcalde Freire.<br \/>\nLa concejal Jeanette Sotomayor tambi\u00e9n se mostr\u00f3 muy feliz con la presentaci\u00f3n y se\u00f1al\u00f3 que \u201cvi ni\u00f1os muy felices y especialmente a los peque\u00f1os en sillas de ruedas, ellos disfrutaron mucho con las canciones y eso nos pone muy felices\u201d.<br \/>\nLa celebraci\u00f3n del d\u00eda del ni\u00f1o contempl\u00f3 adem\u00e1s juegos inflables, el recorrido por distintos sectores de la plaza de Armas de los integrantes de clownpamento, con sus cl\u00e1sicos personajes y la presentaci\u00f3n del Mimo Tuga, uno de los artistas callejeros de nuestro pa\u00eds m\u00e1s importante a nivel mundial que present\u00f3 su espect\u00e1culo por calle Merced. El curioso mimo de color naranja interactu\u00f3 con los vecinos que pasaban por el lugar, imitando a la gente, deteniendo autos y generando un ambiente de mucha alegr\u00eda y complicidad del improvisado p\u00fablico.<\/p>\n","protected":false},"excerpt":{"rendered":"<p>Menores disfrutaron adem\u00e1s de juegos inflables, clownpamento y el mimo Tuga. Unas 10 mil personas disfrutaron este domingo 23 de agosto con la presentaci\u00f3n de Cachureos, en la celebraci\u00f3n del d\u00eda del&#8230;<\/p>\n","protected":false},"author":482,"featured_media":61247,"comment_status":"open","ping_status":"open","sticky":false,"template":"","format":"standard","meta":{"advanced_seo_description":"","jetpack_seo_html_title":"","jetpack_seo_noindex":false,"_jetpack_memberships_contains_paid_content":false,"footnotes":""},"categories":[1],"tags":[],"class_list":["post-61246","post","type-post","status-publish","format-standard","has-post-thumbnail","hentry","category-cronica"],"jetpack_featured_media_url":"https:\/\/i0.wp.com\/eltrabajo.cl\/portal\/wp-content\/uploads\/2015\/08\/cachureos-1.jpg?fit=530%2C349&ssl=1","jetpack_sharing_enabled":true,"jetpack_likes_enabled":true,"jetpack-related-posts":[],"_links":{"self":[{"href":"https:\/\/eltrabajo.cl\/portal\/wp-json\/wp\/v2\/posts\/61246","targetHints":{"allow":["GET"]}}],"collection":[{"href":"https:\/\/eltrabajo.cl\/portal\/wp-json\/wp\/v2\/posts"}],"about":[{"href":"https:\/\/eltrabajo.cl\/portal\/wp-json\/wp\/v2\/types\/post"}],"author":[{"embeddable":true,"href":"https:\/\/eltrabajo.cl\/portal\/wp-json\/wp\/v2\/users\/482"}],"replies":[{"embeddable":true,"href":"https:\/\/eltrabajo.cl\/portal\/wp-json\/wp\/v2\/comments?post=61246"}],"version-history":[{"count":0,"href":"https:\/\/eltrabajo.cl\/portal\/wp-json\/wp\/v2\/posts\/61246\/revisions"}],"wp:featuredmedia":[{"embeddable":true,"href":"https:\/\/eltrabajo.cl\/portal\/wp-json\/wp\/v2\/media\/61247"}],"wp:attachment":[{"href":"https:\/\/eltrabajo.cl\/portal\/wp-json\/wp\/v2\/media?parent=61246"}],"wp:term":[{"taxonomy":"category","embeddable":true,"href":"https:\/\/eltrabajo.cl\/portal\/wp-json\/wp\/v2\/categories?post=61246"},{"taxonomy":"post_tag","embeddable":true,"href":"https:\/\/eltrabajo.cl\/portal\/wp-json\/wp\/v2\/tags?post=61246"}],"curies":[{"name":"wp","href":"https:\/\/api.w.org\/{rel}","templated":true}]}}