{"id":61250,"date":"2015-08-24T09:21:24","date_gmt":"2015-08-24T12:21:24","guid":{"rendered":"http:\/\/www.eltrabajo.cl\/portal\/?p=61250"},"modified":"2015-08-24T09:21:24","modified_gmt":"2015-08-24T12:21:24","slug":"exitoso-operativo-policial-para-evitar-carreras-clandestinas-en-santa-maria","status":"publish","type":"post","link":"https:\/\/eltrabajo.cl\/portal\/exitoso-operativo-policial-para-evitar-carreras-clandestinas-en-santa-maria\/","title":{"rendered":"Exitoso operativo policial para evitar carreras clandestinas en Santa Mar\u00eda"},"content":{"rendered":"<figure id=\"attachment_61251\" aria-describedby=\"caption-attachment-61251\" style=\"width: 300px\" class=\"wp-caption alignleft\"><a href=\"https:\/\/i0.wp.com\/www.eltrabajo.cl\/portal\/wp-content\/uploads\/2015\/08\/Contingente-Carabineros.jpg\"><img data-recalc-dims=\"1\" loading=\"lazy\" decoding=\"async\" class=\"wp-image-61251 size-medium\" src=\"https:\/\/i0.wp.com\/www.eltrabajo.cl\/portal\/wp-content\/uploads\/2015\/08\/Contingente-Carabineros-300x198.jpg?resize=300%2C198\" alt=\"Un importante contingente de Carabineros se traslad\u00f3 hasta la comuna de Santa Mar\u00eda para evitar la ocurrencia de carreras clandestinas. Durante los operativos se detuvo a personas que cometieron diversos delitos y se cursaron infracciones.\" width=\"300\" height=\"198\" srcset=\"https:\/\/i0.wp.com\/eltrabajo.cl\/portal\/wp-content\/uploads\/2015\/08\/Contingente-Carabineros.jpg?resize=300%2C198&amp;ssl=1 300w, https:\/\/i0.wp.com\/eltrabajo.cl\/portal\/wp-content\/uploads\/2015\/08\/Contingente-Carabineros.jpg?resize=200%2C132&amp;ssl=1 200w, https:\/\/i0.wp.com\/eltrabajo.cl\/portal\/wp-content\/uploads\/2015\/08\/Contingente-Carabineros.jpg?resize=228%2C150&amp;ssl=1 228w, https:\/\/i0.wp.com\/eltrabajo.cl\/portal\/wp-content\/uploads\/2015\/08\/Contingente-Carabineros.jpg?resize=400%2C263&amp;ssl=1 400w, https:\/\/i0.wp.com\/eltrabajo.cl\/portal\/wp-content\/uploads\/2015\/08\/Contingente-Carabineros.jpg?w=530&amp;ssl=1 530w\" sizes=\"auto, (max-width: 300px) 100vw, 300px\" \/><\/a><figcaption id=\"caption-attachment-61251\" class=\"wp-caption-text\">Un importante contingente de Carabineros se traslad\u00f3 hasta la comuna de Santa Mar\u00eda para evitar la ocurrencia de carreras clandestinas. Durante los operativos se detuvo a personas que cometieron diversos delitos y se cursaron infracciones.<\/figcaption><\/figure>\n<ul>\n<li><strong>En ronda extraordinaria Carabineros mult\u00f3 a personas que inger\u00edan alcohol en la v\u00eda p\u00fablica adem\u00e1s del retiro de circulaci\u00f3n de veh\u00edculos que no contaban con documentaci\u00f3n al d\u00eda. El objetivo policial apunta a brindar m\u00e1s seguridad a los vecinos de ese sector.<\/strong><\/li>\n<\/ul>\n<p>En el marco de un operativo extraordinario desplegado por Carabineros, un gran contingente de efectivos policiales se traslad\u00f3 hasta la comuna de Santa Mar\u00eda desde la medianoche del viernes, para fiscalizar las carreras automovil\u00edsticas clandestinas que, durante el \u00faltimo tiempo, han sido denunciadas reiteradas veces por los vecinos de esa localidad.<br \/>\nLa Comisario de Carabineros, Mayor Maureen Espinoza, evalu\u00f3 los patrullajes como exitosos tras obtener como resultados la detenci\u00f3n de un imputado por infracci\u00f3n a la Ley de Drogas y el retiro de circulaci\u00f3n de cuatro veh\u00edculos que no contaban con la documentaci\u00f3n legal al d\u00eda; adem\u00e1s la detenci\u00f3n de cuatro adolescentes que inger\u00edan bebidas alcoh\u00f3licas en la v\u00eda p\u00fablica, que insta a la preocupaci\u00f3n por parte de la polic\u00eda uniformada frente a la responsabilidad de los padres, entregando los antecedentes al Juzgado de Familia.<\/p>\n<figure id=\"attachment_61252\" aria-describedby=\"caption-attachment-61252\" style=\"width: 300px\" class=\"wp-caption alignright\"><a href=\"https:\/\/i0.wp.com\/www.eltrabajo.cl\/portal\/wp-content\/uploads\/2015\/08\/Droga-Santa-Maria.jpg\"><img data-recalc-dims=\"1\" loading=\"lazy\" decoding=\"async\" class=\"wp-image-61252 size-medium\" src=\"https:\/\/i0.wp.com\/www.eltrabajo.cl\/portal\/wp-content\/uploads\/2015\/08\/Droga-Santa-Maria-300x197.jpg?resize=300%2C197\" alt=\"Un sujeto de 23 a\u00f1os de edad fue detenido por Carabineros luego de encontrar en su poder 71 envoltorios de pasta base de coca\u00edna y dinero en efectivo.\" width=\"300\" height=\"197\" srcset=\"https:\/\/i0.wp.com\/eltrabajo.cl\/portal\/wp-content\/uploads\/2015\/08\/Droga-Santa-Maria.jpg?resize=300%2C197&amp;ssl=1 300w, https:\/\/i0.wp.com\/eltrabajo.cl\/portal\/wp-content\/uploads\/2015\/08\/Droga-Santa-Maria.jpg?resize=200%2C131&amp;ssl=1 200w, https:\/\/i0.wp.com\/eltrabajo.cl\/portal\/wp-content\/uploads\/2015\/08\/Droga-Santa-Maria.jpg?resize=228%2C150&amp;ssl=1 228w, https:\/\/i0.wp.com\/eltrabajo.cl\/portal\/wp-content\/uploads\/2015\/08\/Droga-Santa-Maria.jpg?resize=400%2C263&amp;ssl=1 400w, https:\/\/i0.wp.com\/eltrabajo.cl\/portal\/wp-content\/uploads\/2015\/08\/Droga-Santa-Maria.jpg?w=530&amp;ssl=1 530w\" sizes=\"auto, (max-width: 300px) 100vw, 300px\" \/><\/a><figcaption id=\"caption-attachment-61252\" class=\"wp-caption-text\">Un sujeto de 23 a\u00f1os de edad fue detenido por Carabineros luego de encontrar en su poder 71 envoltorios de pasta base de coca\u00edna y dinero en efectivo.<\/figcaption><\/figure>\n<p>El despliegue policial continu\u00f3 con infracciones a personas adultas que inger\u00edan alcohol en la v\u00eda p\u00fablica y un detenido por conducir en estado de ebriedad con 1.68 gramos de alcohol por litro de sangre. Durante el avance de las horas, Carabineros efectu\u00f3 patrullajes en el sector de Santa Filomena para evitar el surgimiento de carreras clandestinas a fin de mantener el orden y la seguridad de los vecinos.<br \/>\nEn este sentido, un hombre de 23 a\u00f1os de edad identificado como Juan Sebasti\u00e1n Lemus Puelles, domiciliado en la comuna de Santa Mar\u00eda, fue detenido por mantener en su poder 71 envoltorios de pasta base de coca\u00edna y $153.000 atribuibles a la comercializaci\u00f3n de estas sustancias il\u00edcitas. El imputado que ya hab\u00eda sido formalizado por delito de microtr\u00e1fico, se encontraba con el beneficio de libertad bajo firma quincenal, quedando a disposici\u00f3n de la Fiscal\u00eda para la investigaci\u00f3n de esta nueva falta.<\/p>\n<p><strong>AGRADECIMIENTOS P\u00daBLICOS<\/strong><br \/>\nAl concluir los operativos extraordinarios la Comisario de Carabineros, Mayor Maureen Espinoza, se mostr\u00f3 conforme con los resultados obtenidos en Santa Mar\u00eda, los que persiguen recuperar los espacios p\u00fablicos y brindar tranquilidad a los residentes de esa localidad.<br \/>\n\u201cEsta Comisario quiere realizar un p\u00fablico reconocimiento a mis carabineros, que pese a las exigencias y falta de recursos de personal y veh\u00edculos policiales, hacen un gran esfuerzo personal, comprometiendo sus m\u00e1ximas capacidades por acompa\u00f1ar a esta Oficial en su gesti\u00f3n y administraci\u00f3n en favor del resguardo de la ciudadan\u00eda\u201d, destac\u00f3.<br \/>\n<strong>Pablo Salinas Sald\u00edas<\/strong><\/p>\n","protected":false},"excerpt":{"rendered":"<p>En ronda extraordinaria Carabineros mult\u00f3 a personas que inger\u00edan alcohol en la v\u00eda p\u00fablica adem\u00e1s del retiro de circulaci\u00f3n de veh\u00edculos que no contaban con documentaci\u00f3n al d\u00eda. El objetivo policial apunta&#8230;<\/p>\n","protected":false},"author":482,"featured_media":61251,"comment_status":"open","ping_status":"open","sticky":false,"template":"","format":"standard","meta":{"advanced_seo_description":"","jetpack_seo_html_title":"","jetpack_seo_noindex":false,"_jetpack_memberships_contains_paid_content":false,"footnotes":""},"categories":[21],"tags":[],"class_list":["post-61250","post","type-post","status-publish","format-standard","has-post-thumbnail","hentry","category-policial"],"jetpack_featured_media_url":"https:\/\/i0.wp.com\/eltrabajo.cl\/portal\/wp-content\/uploads\/2015\/08\/Contingente-Carabineros.jpg?fit=530%2C349&ssl=1","jetpack_sharing_enabled":true,"jetpack_likes_enabled":true,"jetpack-related-posts":[],"_links":{"self":[{"href":"https:\/\/eltrabajo.cl\/portal\/wp-json\/wp\/v2\/posts\/61250","targetHints":{"allow":["GET"]}}],"collection":[{"href":"https:\/\/eltrabajo.cl\/portal\/wp-json\/wp\/v2\/posts"}],"about":[{"href":"https:\/\/eltrabajo.cl\/portal\/wp-json\/wp\/v2\/types\/post"}],"author":[{"embeddable":true,"href":"https:\/\/eltrabajo.cl\/portal\/wp-json\/wp\/v2\/users\/482"}],"replies":[{"embeddable":true,"href":"https:\/\/eltrabajo.cl\/portal\/wp-json\/wp\/v2\/comments?post=61250"}],"version-history":[{"count":0,"href":"https:\/\/eltrabajo.cl\/portal\/wp-json\/wp\/v2\/posts\/61250\/revisions"}],"wp:featuredmedia":[{"embeddable":true,"href":"https:\/\/eltrabajo.cl\/portal\/wp-json\/wp\/v2\/media\/61251"}],"wp:attachment":[{"href":"https:\/\/eltrabajo.cl\/portal\/wp-json\/wp\/v2\/media?parent=61250"}],"wp:term":[{"taxonomy":"category","embeddable":true,"href":"https:\/\/eltrabajo.cl\/portal\/wp-json\/wp\/v2\/categories?post=61250"},{"taxonomy":"post_tag","embeddable":true,"href":"https:\/\/eltrabajo.cl\/portal\/wp-json\/wp\/v2\/tags?post=61250"}],"curies":[{"name":"wp","href":"https:\/\/api.w.org\/{rel}","templated":true}]}}