{"id":61274,"date":"2015-08-24T09:34:39","date_gmt":"2015-08-24T12:34:39","guid":{"rendered":"http:\/\/www.eltrabajo.cl\/portal\/?p=61274"},"modified":"2015-08-24T09:34:39","modified_gmt":"2015-08-24T12:34:39","slug":"investigan-muerte-de-mujer-en-incendio-de-poblacion-ambrosio-ohiggins","status":"publish","type":"post","link":"https:\/\/eltrabajo.cl\/portal\/investigan-muerte-de-mujer-en-incendio-de-poblacion-ambrosio-ohiggins\/","title":{"rendered":"Investigan muerte de mujer en incendio de poblaci\u00f3n Ambrosio O\u2019Higgins"},"content":{"rendered":"<figure id=\"attachment_61275\" aria-describedby=\"caption-attachment-61275\" style=\"width: 300px\" class=\"wp-caption alignleft\"><a href=\"https:\/\/i0.wp.com\/www.eltrabajo.cl\/portal\/wp-content\/uploads\/2015\/08\/orellana-3.jpg\"><img data-recalc-dims=\"1\" loading=\"lazy\" decoding=\"async\" class=\"wp-image-61275 size-medium\" src=\"https:\/\/i0.wp.com\/www.eltrabajo.cl\/portal\/wp-content\/uploads\/2015\/08\/orellana-3-300x198.jpg?resize=300%2C198\" alt=\"Rosa Ib\u00e1\u00f1ez fue encontrada muerta en su domicilio con el 80% de su cuerpo quemado, las pericias del servicio m\u00e9dico legal dar\u00e1n cuenta de las causas de muerte. (Fotos exclusivas de nuestro medio asociado Los Andes Online, \u00fanico medio en el lugar).\" width=\"300\" height=\"198\" srcset=\"https:\/\/i0.wp.com\/eltrabajo.cl\/portal\/wp-content\/uploads\/2015\/08\/orellana-3.jpg?resize=300%2C198&amp;ssl=1 300w, https:\/\/i0.wp.com\/eltrabajo.cl\/portal\/wp-content\/uploads\/2015\/08\/orellana-3.jpg?resize=200%2C132&amp;ssl=1 200w, https:\/\/i0.wp.com\/eltrabajo.cl\/portal\/wp-content\/uploads\/2015\/08\/orellana-3.jpg?resize=228%2C150&amp;ssl=1 228w, https:\/\/i0.wp.com\/eltrabajo.cl\/portal\/wp-content\/uploads\/2015\/08\/orellana-3.jpg?resize=400%2C263&amp;ssl=1 400w, https:\/\/i0.wp.com\/eltrabajo.cl\/portal\/wp-content\/uploads\/2015\/08\/orellana-3.jpg?w=530&amp;ssl=1 530w\" sizes=\"auto, (max-width: 300px) 100vw, 300px\" \/><\/a><figcaption id=\"caption-attachment-61275\" class=\"wp-caption-text\">Rosa Ib\u00e1\u00f1ez fue encontrada muerta en su domicilio con el 80% de su cuerpo quemado, las pericias del servicio m\u00e9dico legal dar\u00e1n cuenta de las causas de muerte. (Fotos exclusivas de nuestro medio asociado Los Andes Online, \u00fanico medio en el lugar).<\/figcaption><\/figure>\n<ul>\n<li><strong>Cuerpo estaba en un 80% calcinado. Pareja de la v\u00edctima declar\u00f3 en calidad de testigo ante la Brigada de Homicidios.<\/strong><\/li>\n<\/ul>\n<p><strong>LOS ANDES.<\/strong>&#8211; Pericias cient\u00edficas deber\u00e1n determinar la causa de muerte de la mujer que pereci\u00f3 calcinada en el incendio que afect\u00f3 la madrugada del s\u00e1bado a un inmueble ubicado en la poblaci\u00f3n Ambrosio O\u2019Higgins.<br \/>\nAs\u00ed lo confirm\u00f3 a nuestro medio el fiscal adjunto Jorge Alfaro, quien en horas de la ma\u00f1ana se constituy\u00f3 en el lugar a fin de realizar las primeras diligencias que estuvieron a cargo de la Brigada de Homicidios y el Laboratorio de Criminal\u00edstica de la PDI.<br \/>\nEl persecutor se\u00f1al\u00f3 que se realiz\u00f3 un empadronamiento de testigos y tambi\u00e9n algunas diligencias para corroborar la identidad de la fallecida, que inicialmente fue individualizada como Rosa del Carmen Ib\u00e1\u00f1ez Mu\u00f1oz (37), pareja de Carlos Mendoza, uno de los due\u00f1os de casa.<br \/>\nEl fiscal Alfaro manifest\u00f3 que no hay certeza del origen del incendio, existiendo varias hip\u00f3tesis que deber\u00e1n ser corroboradas con las pericias correspondientes, as\u00ed como la existencia tambi\u00e9n de presuntos episodios de violencia intrafamiliar.<br \/>\n\u201cLa investigaci\u00f3n est\u00e1 orientada a determinar la causa de muerte y saber por qu\u00e9 se produjo el incendio. Hay aristas a establecer y los antecedentes que se recaben son relevantes como elementos de prueba o confrontaci\u00f3n con la realidad\u201d, expuso.<br \/>\nAgreg\u00f3 que por el momento no hay personas detenidas como presuntos responsables tanto del incendio como de la muerte de la mujer.<\/p>\n<figure id=\"attachment_61276\" aria-describedby=\"caption-attachment-61276\" style=\"width: 300px\" class=\"wp-caption alignright\"><a href=\"https:\/\/i0.wp.com\/www.eltrabajo.cl\/portal\/wp-content\/uploads\/2015\/08\/orella_fiscal_alfaro.jpg\"><img data-recalc-dims=\"1\" loading=\"lazy\" decoding=\"async\" class=\"wp-image-61276 size-medium\" src=\"https:\/\/i0.wp.com\/www.eltrabajo.cl\/portal\/wp-content\/uploads\/2015\/08\/orella_fiscal_alfaro-300x197.jpg?resize=300%2C197\" alt=\"El fiscal inform\u00f3 que no hay certeza del origen del incendio, por lo que las hip\u00f3tesis deber\u00e1n ser corroboradas con las pericias correspondientes.\" width=\"300\" height=\"197\" srcset=\"https:\/\/i0.wp.com\/eltrabajo.cl\/portal\/wp-content\/uploads\/2015\/08\/orella_fiscal_alfaro.jpg?resize=300%2C197&amp;ssl=1 300w, https:\/\/i0.wp.com\/eltrabajo.cl\/portal\/wp-content\/uploads\/2015\/08\/orella_fiscal_alfaro.jpg?resize=200%2C131&amp;ssl=1 200w, https:\/\/i0.wp.com\/eltrabajo.cl\/portal\/wp-content\/uploads\/2015\/08\/orella_fiscal_alfaro.jpg?resize=228%2C150&amp;ssl=1 228w, https:\/\/i0.wp.com\/eltrabajo.cl\/portal\/wp-content\/uploads\/2015\/08\/orella_fiscal_alfaro.jpg?resize=400%2C263&amp;ssl=1 400w, https:\/\/i0.wp.com\/eltrabajo.cl\/portal\/wp-content\/uploads\/2015\/08\/orella_fiscal_alfaro.jpg?w=530&amp;ssl=1 530w\" sizes=\"auto, (max-width: 300px) 100vw, 300px\" \/><\/a><figcaption id=\"caption-attachment-61276\" class=\"wp-caption-text\">El fiscal inform\u00f3 que no hay certeza del origen del incendio, por lo que las hip\u00f3tesis deber\u00e1n ser corroboradas con las pericias correspondientes.<\/figcaption><\/figure>\n<p>Por su parte, el jefe de la Brigada de Homicidios, Comisario Gino Guti\u00e9rrez, ratific\u00f3 que la pareja de la mujer solo declar\u00f3 en calidad de testigo y no se encuentra imputado, al menos en esta etapa de la investigaci\u00f3n, de ning\u00fan delito.<br \/>\nEl oficial puntualiz\u00f3 que la v\u00edctima ten\u00eda el 80% de su cuerpo calcinado por lo que la confirmaci\u00f3n de su identidad deber\u00e1 realizarse mediante pericias de ADN y la causa de la muerte deber\u00e1 establecerla la necropsia correspondiente.<br \/>\nA\u00f1adi\u00f3 que el cuerpo de la mujer se encontraba en uno de los dormitorios y se investiga si la muerte fue causada por asfixia del humo, el mismo fuego o su deceso ocurri\u00f3 antes del incendio por la acci\u00f3n de terceros.<br \/>\nPor ello el oficial sostuvo que ser\u00e1n claves las pericias qu\u00edmicas para establecer el punto donde se originaron las llamas y las razones por las cuales ella no pudo escapar y s\u00ed lo hizo su pareja.<br \/>\nSostuvo que algunos testigos observaron cuando el hombre sali\u00f3 de la casa en momentos que \u00e9sta ya se encontraba en llamas.<\/p>\n","protected":false},"excerpt":{"rendered":"<p>Cuerpo estaba en un 80% calcinado. Pareja de la v\u00edctima declar\u00f3 en calidad de testigo ante la Brigada de Homicidios. LOS ANDES.&#8211; Pericias cient\u00edficas deber\u00e1n determinar la causa de muerte de la&#8230;<\/p>\n","protected":false},"author":482,"featured_media":61275,"comment_status":"open","ping_status":"open","sticky":false,"template":"","format":"standard","meta":{"advanced_seo_description":"","jetpack_seo_html_title":"","jetpack_seo_noindex":false,"_jetpack_memberships_contains_paid_content":false,"footnotes":""},"categories":[21],"tags":[],"class_list":["post-61274","post","type-post","status-publish","format-standard","has-post-thumbnail","hentry","category-policial"],"jetpack_featured_media_url":"https:\/\/i0.wp.com\/eltrabajo.cl\/portal\/wp-content\/uploads\/2015\/08\/orellana-3.jpg?fit=530%2C349&ssl=1","jetpack_sharing_enabled":true,"jetpack_likes_enabled":true,"jetpack-related-posts":[],"_links":{"self":[{"href":"https:\/\/eltrabajo.cl\/portal\/wp-json\/wp\/v2\/posts\/61274","targetHints":{"allow":["GET"]}}],"collection":[{"href":"https:\/\/eltrabajo.cl\/portal\/wp-json\/wp\/v2\/posts"}],"about":[{"href":"https:\/\/eltrabajo.cl\/portal\/wp-json\/wp\/v2\/types\/post"}],"author":[{"embeddable":true,"href":"https:\/\/eltrabajo.cl\/portal\/wp-json\/wp\/v2\/users\/482"}],"replies":[{"embeddable":true,"href":"https:\/\/eltrabajo.cl\/portal\/wp-json\/wp\/v2\/comments?post=61274"}],"version-history":[{"count":0,"href":"https:\/\/eltrabajo.cl\/portal\/wp-json\/wp\/v2\/posts\/61274\/revisions"}],"wp:featuredmedia":[{"embeddable":true,"href":"https:\/\/eltrabajo.cl\/portal\/wp-json\/wp\/v2\/media\/61275"}],"wp:attachment":[{"href":"https:\/\/eltrabajo.cl\/portal\/wp-json\/wp\/v2\/media?parent=61274"}],"wp:term":[{"taxonomy":"category","embeddable":true,"href":"https:\/\/eltrabajo.cl\/portal\/wp-json\/wp\/v2\/categories?post=61274"},{"taxonomy":"post_tag","embeddable":true,"href":"https:\/\/eltrabajo.cl\/portal\/wp-json\/wp\/v2\/tags?post=61274"}],"curies":[{"name":"wp","href":"https:\/\/api.w.org\/{rel}","templated":true}]}}