{"id":6128,"date":"2011-11-15T09:09:40","date_gmt":"2011-11-15T13:09:40","guid":{"rendered":"http:\/\/www.eltrabajo.cl\/portal\/?p=6128"},"modified":"2011-11-15T09:09:40","modified_gmt":"2011-11-15T13:09:40","slug":"parten-trabajos-de-reparacion-en-cuartel-de-bomberos-de-guzmanes","status":"publish","type":"post","link":"https:\/\/eltrabajo.cl\/portal\/parten-trabajos-de-reparacion-en-cuartel-de-bomberos-de-guzmanes\/","title":{"rendered":"Parten trabajos de reparaci\u00f3n en cuartel de Bomberos de Guzmanes"},"content":{"rendered":"<figure id=\"attachment_6129\" aria-describedby=\"caption-attachment-6129\" style=\"width: 600px\" class=\"wp-caption alignnone\"><a href=\"http:\/\/www.eltrabajo.cl\/portal\/archives\/6128\/inicio-trabajos-reparaciones-cuartel-bomberos-gusmanez-3\" rel=\"attachment wp-att-6129\"><img data-recalc-dims=\"1\" loading=\"lazy\" decoding=\"async\" class=\"size-full wp-image-6129\" title=\"INICIO TRABAJOS REPARACIONES CUARTEL BOMBEROS GUSMANEZ (3)\" src=\"https:\/\/i0.wp.com\/www.eltrabajo.cl\/portal\/wp-content\/uploads\/2011\/11\/INICIO-TRABAJOS-REPARACIONES-CUARTEL-BOMBEROS-GUSMANEZ-3.jpg?resize=600%2C450\" alt=\"\" width=\"600\" height=\"450\" srcset=\"https:\/\/i0.wp.com\/eltrabajo.cl\/portal\/wp-content\/uploads\/2011\/11\/INICIO-TRABAJOS-REPARACIONES-CUARTEL-BOMBEROS-GUSMANEZ-3.jpg?w=600&amp;ssl=1 600w, https:\/\/i0.wp.com\/eltrabajo.cl\/portal\/wp-content\/uploads\/2011\/11\/INICIO-TRABAJOS-REPARACIONES-CUARTEL-BOMBEROS-GUSMANEZ-3.jpg?resize=200%2C150&amp;ssl=1 200w, https:\/\/i0.wp.com\/eltrabajo.cl\/portal\/wp-content\/uploads\/2011\/11\/INICIO-TRABAJOS-REPARACIONES-CUARTEL-BOMBEROS-GUSMANEZ-3.jpg?resize=300%2C225&amp;ssl=1 300w, https:\/\/i0.wp.com\/eltrabajo.cl\/portal\/wp-content\/uploads\/2011\/11\/INICIO-TRABAJOS-REPARACIONES-CUARTEL-BOMBEROS-GUSMANEZ-3.jpg?resize=150%2C112&amp;ssl=1 150w, https:\/\/i0.wp.com\/eltrabajo.cl\/portal\/wp-content\/uploads\/2011\/11\/INICIO-TRABAJOS-REPARACIONES-CUARTEL-BOMBEROS-GUSMANEZ-3.jpg?resize=400%2C300&amp;ssl=1 400w\" sizes=\"auto, (max-width: 600px) 100vw, 600px\" \/><\/a><figcaption id=\"caption-attachment-6129\" class=\"wp-caption-text\">Entre los trabajos que la empresa realizar\u00e1 en el cuartel de la Segunda Compa\u00f1\u00eda de Bomberos, se encuentra el encielado y reparaci\u00f3n de la sala de reuniones, adem\u00e1s de la construcci\u00f3n de dormitorios y ba\u00f1os.<\/figcaption><\/figure>\n<p><strong>PUTAENDO.-<\/strong> Este lunes tom\u00f3 posesi\u00f3n de los terrenos la empresa que ejecutar\u00e1 los trabajos de reparaci\u00f3n del cuartel de la Segunda Compa\u00f1\u00eda de Bomberos ubicada en la localidad de Guzmanes.<\/p>\n<p>El proyecto gestionado por la Direcci\u00f3n General de Bomberos de Putaendo y aprobado por Bomberos de Chile con una inversi\u00f3n de m\u00e1s de $13.500.000, permitir\u00e1 construir una loza de concreto en el lugar habilitado para el carro bomba, que hasta el momento es solo de maicillo, adem\u00e1s del encielado y reparaci\u00f3n de la sala de reuniones, junto con el nuevo piso de la misma, siendo lo m\u00e1s importante la construcci\u00f3n del \u00e1rea de dormitorios y de ba\u00f1os, ya que esta compa\u00f1\u00eda no contaba con servicios higi\u00e9nicos.<\/p>\n<p>Aldo Silva, Tesorero de la compa\u00f1\u00eda, indic\u00f3 a nuestro medio su alegr\u00eda por tan importante proyecto adjudicado, pues asegur\u00f3 que por muchos a\u00f1os Bomberos de Guzmanes trat\u00f3 de conseguir los recursos para la construcci\u00f3n de ba\u00f1os para hombres y mujeres, lo que sumado a la completa reparaci\u00f3n a la que ser\u00e1 sometido el cuartel, era todo un logro, agradeciendo la disposici\u00f3n del directorio general de Bomberos de Putaendo por haber impulsado tan importante proyecto.<\/p>\n<p>Durante los pr\u00f3ximos d\u00edas deber\u00edan comenzar tambi\u00e9n las obras de reparaci\u00f3n y remodelaci\u00f3n de la cocina de Bomberos de la Primera Compa\u00f1\u00eda, ubicada en el cuartel central de calle Camus, y la reparaci\u00f3n de la sala de vestuario del personal de esa compa\u00f1\u00eda, inversi\u00f3n que tambi\u00e9n bordear\u00eda los $14.000.000, gestionados y conseguidos a trav\u00e9s de Bomberos de Chile.<\/p>\n<p><strong>Patricio Gallardo M.<\/strong><\/p>\n","protected":false},"excerpt":{"rendered":"<p>PUTAENDO.- Este lunes tom\u00f3 posesi\u00f3n de los terrenos la empresa que ejecutar\u00e1 los trabajos de reparaci\u00f3n del cuartel de la Segunda Compa\u00f1\u00eda de Bomberos ubicada en la localidad de Guzmanes. El proyecto&#8230;<\/p>\n","protected":false},"author":482,"featured_media":6129,"comment_status":"open","ping_status":"open","sticky":false,"template":"","format":"standard","meta":{"advanced_seo_description":"","jetpack_seo_html_title":"","jetpack_seo_noindex":false,"_jetpack_memberships_contains_paid_content":false,"footnotes":""},"categories":[15],"tags":[],"class_list":["post-6128","post","type-post","status-publish","format-standard","has-post-thumbnail","hentry","category-comunidad"],"jetpack_featured_media_url":"https:\/\/i0.wp.com\/eltrabajo.cl\/portal\/wp-content\/uploads\/2011\/11\/INICIO-TRABAJOS-REPARACIONES-CUARTEL-BOMBEROS-GUSMANEZ-3.jpg?fit=600%2C450&ssl=1","jetpack_sharing_enabled":true,"jetpack_likes_enabled":true,"jetpack-related-posts":[],"_links":{"self":[{"href":"https:\/\/eltrabajo.cl\/portal\/wp-json\/wp\/v2\/posts\/6128","targetHints":{"allow":["GET"]}}],"collection":[{"href":"https:\/\/eltrabajo.cl\/portal\/wp-json\/wp\/v2\/posts"}],"about":[{"href":"https:\/\/eltrabajo.cl\/portal\/wp-json\/wp\/v2\/types\/post"}],"author":[{"embeddable":true,"href":"https:\/\/eltrabajo.cl\/portal\/wp-json\/wp\/v2\/users\/482"}],"replies":[{"embeddable":true,"href":"https:\/\/eltrabajo.cl\/portal\/wp-json\/wp\/v2\/comments?post=6128"}],"version-history":[{"count":0,"href":"https:\/\/eltrabajo.cl\/portal\/wp-json\/wp\/v2\/posts\/6128\/revisions"}],"wp:featuredmedia":[{"embeddable":true,"href":"https:\/\/eltrabajo.cl\/portal\/wp-json\/wp\/v2\/media\/6129"}],"wp:attachment":[{"href":"https:\/\/eltrabajo.cl\/portal\/wp-json\/wp\/v2\/media?parent=6128"}],"wp:term":[{"taxonomy":"category","embeddable":true,"href":"https:\/\/eltrabajo.cl\/portal\/wp-json\/wp\/v2\/categories?post=6128"},{"taxonomy":"post_tag","embeddable":true,"href":"https:\/\/eltrabajo.cl\/portal\/wp-json\/wp\/v2\/tags?post=6128"}],"curies":[{"name":"wp","href":"https:\/\/api.w.org\/{rel}","templated":true}]}}