{"id":61281,"date":"2015-08-25T09:28:35","date_gmt":"2015-08-25T12:28:35","guid":{"rendered":"http:\/\/www.eltrabajo.cl\/portal\/?p=61281"},"modified":"2015-08-25T09:48:49","modified_gmt":"2015-08-25T12:48:49","slug":"celebran-dia-del-campesino-en-estadio-de-san-felipe","status":"publish","type":"post","link":"https:\/\/eltrabajo.cl\/portal\/celebran-dia-del-campesino-en-estadio-de-san-felipe\/","title":{"rendered":"Celebran D\u00eda del Campesino en Estadio de San Felipe"},"content":{"rendered":"<figure id=\"attachment_61282\" aria-describedby=\"caption-attachment-61282\" style=\"width: 300px\" class=\"wp-caption alignleft\"><a href=\"https:\/\/i0.wp.com\/www.eltrabajo.cl\/portal\/wp-content\/uploads\/2015\/08\/PRESENTACI%C3%93N-DE-BAILE.jpg\"><img data-recalc-dims=\"1\" loading=\"lazy\" decoding=\"async\" class=\"wp-image-61282 size-medium\" src=\"https:\/\/i0.wp.com\/www.eltrabajo.cl\/portal\/wp-content\/uploads\/2015\/08\/PRESENTACI%C3%93N-DE-BAILE-300x198.jpg?resize=300%2C198\" alt=\"Las celebraciones se extendieron hasta las 18 horas y cont\u00f3 con la participaci\u00f3n de grupos de baile, m\u00fasica andina, ranchera, payadores, entre otros.\" width=\"300\" height=\"198\" srcset=\"https:\/\/i0.wp.com\/eltrabajo.cl\/portal\/wp-content\/uploads\/2015\/08\/PRESENTACI%C3%93N-DE-BAILE.jpg?resize=300%2C198&amp;ssl=1 300w, https:\/\/i0.wp.com\/eltrabajo.cl\/portal\/wp-content\/uploads\/2015\/08\/PRESENTACI%C3%93N-DE-BAILE.jpg?resize=200%2C132&amp;ssl=1 200w, https:\/\/i0.wp.com\/eltrabajo.cl\/portal\/wp-content\/uploads\/2015\/08\/PRESENTACI%C3%93N-DE-BAILE.jpg?resize=228%2C150&amp;ssl=1 228w, https:\/\/i0.wp.com\/eltrabajo.cl\/portal\/wp-content\/uploads\/2015\/08\/PRESENTACI%C3%93N-DE-BAILE.jpg?resize=400%2C263&amp;ssl=1 400w, https:\/\/i0.wp.com\/eltrabajo.cl\/portal\/wp-content\/uploads\/2015\/08\/PRESENTACI%C3%93N-DE-BAILE.jpg?w=530&amp;ssl=1 530w\" sizes=\"auto, (max-width: 300px) 100vw, 300px\" \/><\/a><figcaption id=\"caption-attachment-61282\" class=\"wp-caption-text\">Las celebraciones se extendieron hasta las 18 horas y cont\u00f3 con la participaci\u00f3n de grupos de baile, m\u00fasica andina, ranchera, payadores, entre otros.<\/figcaption><\/figure>\n<ul>\n<li><strong>La actividad convoc\u00f3 a trabajadores de la tierra y sus familias. Se disfrut\u00f3 de grupos folcl\u00f3ricos, juegos t\u00edpicos y una muestra de los productos de los emprendedores de Prodesal, correspondientes a las provincias de Los Andes y San Felipe.<\/strong><\/li>\n<\/ul>\n<p>Diversas autoridades llegaron a festejar el d\u00eda del campesino provincial, una celebraci\u00f3n que ya se ha hecho una tradici\u00f3n en el Valle de Aconcagua y que en esta oportunidad tuvo lugar en el Estadio fiscal de San Felipe. Las actividades comenzaron desde muy temprano con competencias de juegos t\u00edpicos y tambi\u00e9n de cueca. Por su parte los usuarios de Prodesal, de las distintas comunas, pudieron exhibir sus productos y ponerlos a la venta en la feria ubicada a un costado del estadio.<br \/>\nPresentes en la actividad estuvieron el Director de Indap Valpara\u00edso, Helmut Hinrichsen y la jefa del \u00e1rea Indap San Felipe; el alcalde de San Felipe Patricio Freire; en representaci\u00f3n del Gobernador de Eduardo Le\u00f3n, el jefe territorial, Juan Pablo Morales; Alcaldes de diferentes comunas; y, como marco de la celebraci\u00f3n una gran cantidad de asistentes.<br \/>\nEn dicho evento, Hinrichsen comunic\u00f3 una importante noticia: \u201cHemos presentado una bater\u00eda de proyectos para estas dos provincias y pr\u00e1cticamente el 70% de esos recursos se van a concentrar ac\u00e1. Son m\u00e1s de mil millones de pesos y eso va a significar sacar adelante importantes obras de riego\u201d.<\/p>\n<figure id=\"attachment_61283\" aria-describedby=\"caption-attachment-61283\" style=\"width: 300px\" class=\"wp-caption alignright\"><a href=\"https:\/\/i0.wp.com\/www.eltrabajo.cl\/portal\/wp-content\/uploads\/2015\/08\/AUTORIDADES.jpg\"><img data-recalc-dims=\"1\" loading=\"lazy\" decoding=\"async\" class=\"wp-image-61283 size-medium\" src=\"https:\/\/i0.wp.com\/www.eltrabajo.cl\/portal\/wp-content\/uploads\/2015\/08\/AUTORIDADES-300x198.jpg?resize=300%2C198\" alt=\"Diversas autoridades de Aconcagua participaron de la celebraci\u00f3n del d\u00eda del campesino, en el estadio de San Felipe.\" width=\"300\" height=\"198\" srcset=\"https:\/\/i0.wp.com\/eltrabajo.cl\/portal\/wp-content\/uploads\/2015\/08\/AUTORIDADES.jpg?resize=300%2C198&amp;ssl=1 300w, https:\/\/i0.wp.com\/eltrabajo.cl\/portal\/wp-content\/uploads\/2015\/08\/AUTORIDADES.jpg?resize=200%2C132&amp;ssl=1 200w, https:\/\/i0.wp.com\/eltrabajo.cl\/portal\/wp-content\/uploads\/2015\/08\/AUTORIDADES.jpg?resize=227%2C150&amp;ssl=1 227w, https:\/\/i0.wp.com\/eltrabajo.cl\/portal\/wp-content\/uploads\/2015\/08\/AUTORIDADES.jpg?resize=400%2C264&amp;ssl=1 400w, https:\/\/i0.wp.com\/eltrabajo.cl\/portal\/wp-content\/uploads\/2015\/08\/AUTORIDADES.jpg?w=530&amp;ssl=1 530w\" sizes=\"auto, (max-width: 300px) 100vw, 300px\" \/><\/a><figcaption id=\"caption-attachment-61283\" class=\"wp-caption-text\">Diversas autoridades de Aconcagua participaron de la celebraci\u00f3n del d\u00eda del campesino, en el estadio de San Felipe.<\/figcaption><\/figure>\n<p>Esta celebraci\u00f3n familiar se extendi\u00f3 hasta las 18 horas y cont\u00f3 con la participaci\u00f3n de grupos de baile, m\u00fasica andina, ranchera, payadores, entre otros.<br \/>\nLa otra buena noticia entregada por el director de Indap, es que en las pr\u00f3ximas semanas se va a establecer una oficina en Los Andes, ya que muchos trabajadores se abocaban s\u00f3lo en San Felipe y ya era necesaria otra oficina para atender de mejor manera a los usuarios y tambi\u00e9n por la distancia.<br \/>\nLa Gobernadora de Los Andes destac\u00f3 en esta celebraci\u00f3n la muestra de m\u00fasica, bailes y productos, ya que de esta manera los campesinos aportan a la cultura y contribuyen en el desarrollo local y en la identidad de los pueblos. \u201cValorar lo que significa para las campesinas el haber avanzado, desde mano de obra que era considerada la mujer para la agricultura, ahora a ser emprendedora y hacer sus propios cultivos y desarrollarse en el \u00e1rea como peque\u00f1a agricultora, lo que es s\u00faper importante para nuestra presidenta ya que ella quiere igualdad y en verdad el eslogan de Indap es \u2018Desarrollo rural inclusivo\u2019, para que tambi\u00e9n avancemos juntos en el desarrollo de la regi\u00f3n\u201d destac\u00f3 Mar\u00eda Victoria Rodr\u00edguez.<\/p>\n","protected":false},"excerpt":{"rendered":"<p>La actividad convoc\u00f3 a trabajadores de la tierra y sus familias. Se disfrut\u00f3 de grupos folcl\u00f3ricos, juegos t\u00edpicos y una muestra de los productos de los emprendedores de Prodesal, correspondientes a las&#8230;<\/p>\n","protected":false},"author":482,"featured_media":61282,"comment_status":"open","ping_status":"open","sticky":false,"template":"","format":"standard","meta":{"advanced_seo_description":"","jetpack_seo_html_title":"","jetpack_seo_noindex":false,"_jetpack_memberships_contains_paid_content":false,"footnotes":""},"categories":[15],"tags":[],"class_list":["post-61281","post","type-post","status-publish","format-standard","has-post-thumbnail","hentry","category-comunidad"],"jetpack_featured_media_url":"https:\/\/i0.wp.com\/eltrabajo.cl\/portal\/wp-content\/uploads\/2015\/08\/PRESENTACI%C3%93N-DE-BAILE.jpg?fit=530%2C349&ssl=1","jetpack_sharing_enabled":true,"jetpack_likes_enabled":true,"jetpack-related-posts":[],"_links":{"self":[{"href":"https:\/\/eltrabajo.cl\/portal\/wp-json\/wp\/v2\/posts\/61281","targetHints":{"allow":["GET"]}}],"collection":[{"href":"https:\/\/eltrabajo.cl\/portal\/wp-json\/wp\/v2\/posts"}],"about":[{"href":"https:\/\/eltrabajo.cl\/portal\/wp-json\/wp\/v2\/types\/post"}],"author":[{"embeddable":true,"href":"https:\/\/eltrabajo.cl\/portal\/wp-json\/wp\/v2\/users\/482"}],"replies":[{"embeddable":true,"href":"https:\/\/eltrabajo.cl\/portal\/wp-json\/wp\/v2\/comments?post=61281"}],"version-history":[{"count":0,"href":"https:\/\/eltrabajo.cl\/portal\/wp-json\/wp\/v2\/posts\/61281\/revisions"}],"wp:featuredmedia":[{"embeddable":true,"href":"https:\/\/eltrabajo.cl\/portal\/wp-json\/wp\/v2\/media\/61282"}],"wp:attachment":[{"href":"https:\/\/eltrabajo.cl\/portal\/wp-json\/wp\/v2\/media?parent=61281"}],"wp:term":[{"taxonomy":"category","embeddable":true,"href":"https:\/\/eltrabajo.cl\/portal\/wp-json\/wp\/v2\/categories?post=61281"},{"taxonomy":"post_tag","embeddable":true,"href":"https:\/\/eltrabajo.cl\/portal\/wp-json\/wp\/v2\/tags?post=61281"}],"curies":[{"name":"wp","href":"https:\/\/api.w.org\/{rel}","templated":true}]}}