{"id":61285,"date":"2015-08-25T09:30:00","date_gmt":"2015-08-25T12:30:00","guid":{"rendered":"http:\/\/www.eltrabajo.cl\/portal\/?p=61285"},"modified":"2015-08-25T09:30:00","modified_gmt":"2015-08-25T12:30:00","slug":"intervienen-a-ocho-familias-a-traves-de-programa-de-habitabilidad","status":"publish","type":"post","link":"https:\/\/eltrabajo.cl\/portal\/intervienen-a-ocho-familias-a-traves-de-programa-de-habitabilidad\/","title":{"rendered":"Intervienen a ocho familias a trav\u00e9s de programa de habitabilidad"},"content":{"rendered":"<figure id=\"attachment_61286\" aria-describedby=\"caption-attachment-61286\" style=\"width: 300px\" class=\"wp-caption alignleft\"><a href=\"https:\/\/i0.wp.com\/www.eltrabajo.cl\/portal\/wp-content\/uploads\/2015\/08\/Camila-Aragon.jpg\"><img data-recalc-dims=\"1\" loading=\"lazy\" decoding=\"async\" class=\"wp-image-61286 size-medium\" src=\"https:\/\/i0.wp.com\/www.eltrabajo.cl\/portal\/wp-content\/uploads\/2015\/08\/Camila-Aragon-300x198.jpg?resize=300%2C198\" alt=\"Camila Arag\u00f3n, directora del Departamento de Desarrollo Comunitario de la Municipalidad de Panquehue.\" width=\"300\" height=\"198\" srcset=\"https:\/\/i0.wp.com\/eltrabajo.cl\/portal\/wp-content\/uploads\/2015\/08\/Camila-Aragon.jpg?resize=300%2C198&amp;ssl=1 300w, https:\/\/i0.wp.com\/eltrabajo.cl\/portal\/wp-content\/uploads\/2015\/08\/Camila-Aragon.jpg?resize=200%2C132&amp;ssl=1 200w, https:\/\/i0.wp.com\/eltrabajo.cl\/portal\/wp-content\/uploads\/2015\/08\/Camila-Aragon.jpg?resize=228%2C150&amp;ssl=1 228w, https:\/\/i0.wp.com\/eltrabajo.cl\/portal\/wp-content\/uploads\/2015\/08\/Camila-Aragon.jpg?resize=400%2C263&amp;ssl=1 400w, https:\/\/i0.wp.com\/eltrabajo.cl\/portal\/wp-content\/uploads\/2015\/08\/Camila-Aragon.jpg?w=530&amp;ssl=1 530w\" sizes=\"auto, (max-width: 300px) 100vw, 300px\" \/><\/a><figcaption id=\"caption-attachment-61286\" class=\"wp-caption-text\">Camila Arag\u00f3n, directora del Departamento de Desarrollo Comunitario de la Municipalidad de Panquehue.<\/figcaption><\/figure>\n<ul>\n<li><strong>De acuerdo a lo informado por la Directora de la Desarrollo Comunitario, el programa considera mejoras en la estructura de sus viviendas como la entrega de equipamiento.<\/strong><\/li>\n<\/ul>\n<p><strong>PANQUEHUE<\/strong>.- Un total de 8 familias de la comuna ser\u00e1n intervenidas este a\u00f1o a trav\u00e9s del programa de habitabilidad, que consiste en poder mejorar las condiciones de vida a familias que pertenecen al plan Chile Solidario o Ingreso \u00c9tico Familiar.<br \/>\nDe acuerdo a lo informado por la Directora del Departamento de Desarrollo Comunitario de la Municipalidad de Panquehue, Camila Arag\u00f3n, todos los a\u00f1os la corporaci\u00f3n edilicia postula a este proyecto y en comparaci\u00f3n con el a\u00f1o pasado, en esta ocasi\u00f3n se aument\u00f3 en dos las familias beneficiadas.<br \/>\nDijo que se trata de un beneficio integral, el que considera mejoras considerables en sus viviendas, adem\u00e1s de la entrega de equipamiento y as\u00ed las familias puedan tener un mejor bienestar.<br \/>\n\u00abLas familias seleccionadas deben como requisito pertenecer al programa ingreso \u00e9tico familiar o Chile Solidario, que est\u00e9n siendo intervenidas o hayan egresado. Nosotros como Departamento de Desarrollo Comunitario, tenemos una gama de familias, pero debemos hacer una selecci\u00f3n de acuerdo a la situaci\u00f3n en que viva cada una de ellas\u00bb.<br \/>\nAhora los beneficios que considera el programa est\u00e1n los talleres de h\u00e1bitos, que son ejecutados por la encargada de apoyo social, que en este caso es la asistente social Patricia Gonz\u00e1lez. A todo esto le sumamos el mejoramiento de las viviendas de las familias, por ejemplo las techumbres de las casas, el forrado completo de estas, la iluminaci\u00f3n, como tambi\u00e9n incorporar lo que se denomina la entrega de equipamiento b\u00e1sico, lo que depender\u00e1 de la realidad de cada una de las familias insertas en el programa.<br \/>\nAgreg\u00f3 Camila Arag\u00f3n que se espera para las pr\u00f3ximas semanas hacer el lanzamiento oficial de este programa de intervenci\u00f3n.<\/p>\n","protected":false},"excerpt":{"rendered":"<p>De acuerdo a lo informado por la Directora de la Desarrollo Comunitario, el programa considera mejoras en la estructura de sus viviendas como la entrega de equipamiento. PANQUEHUE.- Un total de 8&#8230;<\/p>\n","protected":false},"author":482,"featured_media":61286,"comment_status":"open","ping_status":"open","sticky":false,"template":"","format":"standard","meta":{"advanced_seo_description":"","jetpack_seo_html_title":"","jetpack_seo_noindex":false,"_jetpack_memberships_contains_paid_content":false,"footnotes":""},"categories":[15],"tags":[],"class_list":["post-61285","post","type-post","status-publish","format-standard","has-post-thumbnail","hentry","category-comunidad"],"jetpack_featured_media_url":"https:\/\/i0.wp.com\/eltrabajo.cl\/portal\/wp-content\/uploads\/2015\/08\/Camila-Aragon.jpg?fit=530%2C349&ssl=1","jetpack_sharing_enabled":true,"jetpack_likes_enabled":true,"jetpack-related-posts":[],"_links":{"self":[{"href":"https:\/\/eltrabajo.cl\/portal\/wp-json\/wp\/v2\/posts\/61285","targetHints":{"allow":["GET"]}}],"collection":[{"href":"https:\/\/eltrabajo.cl\/portal\/wp-json\/wp\/v2\/posts"}],"about":[{"href":"https:\/\/eltrabajo.cl\/portal\/wp-json\/wp\/v2\/types\/post"}],"author":[{"embeddable":true,"href":"https:\/\/eltrabajo.cl\/portal\/wp-json\/wp\/v2\/users\/482"}],"replies":[{"embeddable":true,"href":"https:\/\/eltrabajo.cl\/portal\/wp-json\/wp\/v2\/comments?post=61285"}],"version-history":[{"count":0,"href":"https:\/\/eltrabajo.cl\/portal\/wp-json\/wp\/v2\/posts\/61285\/revisions"}],"wp:featuredmedia":[{"embeddable":true,"href":"https:\/\/eltrabajo.cl\/portal\/wp-json\/wp\/v2\/media\/61286"}],"wp:attachment":[{"href":"https:\/\/eltrabajo.cl\/portal\/wp-json\/wp\/v2\/media?parent=61285"}],"wp:term":[{"taxonomy":"category","embeddable":true,"href":"https:\/\/eltrabajo.cl\/portal\/wp-json\/wp\/v2\/categories?post=61285"},{"taxonomy":"post_tag","embeddable":true,"href":"https:\/\/eltrabajo.cl\/portal\/wp-json\/wp\/v2\/tags?post=61285"}],"curies":[{"name":"wp","href":"https:\/\/api.w.org\/{rel}","templated":true}]}}