{"id":61288,"date":"2015-08-25T09:30:48","date_gmt":"2015-08-25T12:30:48","guid":{"rendered":"http:\/\/www.eltrabajo.cl\/portal\/?p=61288"},"modified":"2015-08-25T09:30:48","modified_gmt":"2015-08-25T12:30:48","slug":"cruz-roja-san-felipe-celebra-hoy-oficialmente-sus-95-anos-de-existencia","status":"publish","type":"post","link":"https:\/\/eltrabajo.cl\/portal\/cruz-roja-san-felipe-celebra-hoy-oficialmente-sus-95-anos-de-existencia\/","title":{"rendered":"Cruz Roja San Felipe celebra hoy oficialmente sus 95 a\u00f1os de existencia"},"content":{"rendered":"<figure id=\"attachment_61289\" aria-describedby=\"caption-attachment-61289\" style=\"width: 300px\" class=\"wp-caption alignleft\"><a href=\"https:\/\/i0.wp.com\/www.eltrabajo.cl\/portal\/wp-content\/uploads\/2015\/08\/cruz-roja-dir.jpg\"><img data-recalc-dims=\"1\" loading=\"lazy\" decoding=\"async\" class=\"wp-image-61289 size-medium\" src=\"https:\/\/i0.wp.com\/www.eltrabajo.cl\/portal\/wp-content\/uploads\/2015\/08\/cruz-roja-dir-300x198.jpg?resize=300%2C198\" alt=\"En la foto, la Presidenta de Cruz Roja Filial San Felipe, acompa\u00f1ada de Adultos Mayores y voluntarias.\" width=\"300\" height=\"198\" srcset=\"https:\/\/i0.wp.com\/eltrabajo.cl\/portal\/wp-content\/uploads\/2015\/08\/cruz-roja-dir.jpg?resize=300%2C198&amp;ssl=1 300w, https:\/\/i0.wp.com\/eltrabajo.cl\/portal\/wp-content\/uploads\/2015\/08\/cruz-roja-dir.jpg?resize=200%2C132&amp;ssl=1 200w, https:\/\/i0.wp.com\/eltrabajo.cl\/portal\/wp-content\/uploads\/2015\/08\/cruz-roja-dir.jpg?resize=228%2C150&amp;ssl=1 228w, https:\/\/i0.wp.com\/eltrabajo.cl\/portal\/wp-content\/uploads\/2015\/08\/cruz-roja-dir.jpg?resize=400%2C263&amp;ssl=1 400w, https:\/\/i0.wp.com\/eltrabajo.cl\/portal\/wp-content\/uploads\/2015\/08\/cruz-roja-dir.jpg?w=530&amp;ssl=1 530w\" sizes=\"auto, (max-width: 300px) 100vw, 300px\" \/><\/a><figcaption id=\"caption-attachment-61289\" class=\"wp-caption-text\">En la foto, la Presidenta de Cruz Roja Filial San Felipe, acompa\u00f1ada de Adultos Mayores y voluntarias.<\/figcaption><\/figure>\n<p>Fue un d\u00eda viernes 20 de Agosto del a\u00f1o 1920 cuando el Dr. Luis Guajardo Guerrero da comienzo a esta gran labor de voluntarios llamada Cruz Roja Filial San Felipe, instituci\u00f3n que se ha mantenido hasta el d\u00eda de hoy y cuya principal misi\u00f3n es \u201cMitigar el sufrimiento humano y mejorar la calidad de vida de las personas, convirti\u00e9ndolas en los principales actores en la protecci\u00f3n y recuperaci\u00f3n de su seguridad y de su salud\u201d.<br \/>\nDicho acontecimiento se celebrar\u00e1 en forma oficial hoy martes 25 de agosto, a las 18 horas, cuando toda la familia de Cruz Roja San Felipe se re\u00fana en el Teatro Municipal, en un acto que ser\u00e1 presidido por la Presidenta de la instituci\u00f3n, Mar\u00eda G\u00f3mez Ruiz, y donde se contar\u00e1 con la presencia del Presidente Nacional de Cruz Roja, Patricio Acosta, y la Presidenta Regional de la instituci\u00f3n, Francisca Valiente, adem\u00e1s de Directores. En la oportunidad la Presidenta Mar\u00eda G\u00f3mez Ruiz, dar\u00e1 a conocer a la comunidad las actividades que han desarrollado en este a\u00f1o.<br \/>\nCon motivo de este nuevo aniversario, la Presidenta Mar\u00eda G\u00f3mez Ru\u00edz envi\u00f3 un afectuoso saluda a todo el voluntariado, al Centro Integral de Adultos Mayores, juventud, y Unidad Escolar Alonso de Ercilla. \u00abCruz Roja es una y de todos por lo que le invitamos a ser parte de nuestro voluntariado. Le esperamos en Prat 11, sede de nuestra filial\u00bb, se\u00f1al\u00f3 finalmente la presidenta.<\/p>\n","protected":false},"excerpt":{"rendered":"<p>Fue un d\u00eda viernes 20 de Agosto del a\u00f1o 1920 cuando el Dr. Luis Guajardo Guerrero da comienzo a esta gran labor de voluntarios llamada Cruz Roja Filial San Felipe, instituci\u00f3n que&#8230;<\/p>\n","protected":false},"author":482,"featured_media":61289,"comment_status":"open","ping_status":"open","sticky":false,"template":"","format":"standard","meta":{"advanced_seo_description":"","jetpack_seo_html_title":"","jetpack_seo_noindex":false,"_jetpack_memberships_contains_paid_content":false,"footnotes":""},"categories":[15],"tags":[],"class_list":["post-61288","post","type-post","status-publish","format-standard","has-post-thumbnail","hentry","category-comunidad"],"jetpack_featured_media_url":"https:\/\/i0.wp.com\/eltrabajo.cl\/portal\/wp-content\/uploads\/2015\/08\/cruz-roja-dir.jpg?fit=530%2C349&ssl=1","jetpack_sharing_enabled":true,"jetpack_likes_enabled":true,"jetpack-related-posts":[],"_links":{"self":[{"href":"https:\/\/eltrabajo.cl\/portal\/wp-json\/wp\/v2\/posts\/61288","targetHints":{"allow":["GET"]}}],"collection":[{"href":"https:\/\/eltrabajo.cl\/portal\/wp-json\/wp\/v2\/posts"}],"about":[{"href":"https:\/\/eltrabajo.cl\/portal\/wp-json\/wp\/v2\/types\/post"}],"author":[{"embeddable":true,"href":"https:\/\/eltrabajo.cl\/portal\/wp-json\/wp\/v2\/users\/482"}],"replies":[{"embeddable":true,"href":"https:\/\/eltrabajo.cl\/portal\/wp-json\/wp\/v2\/comments?post=61288"}],"version-history":[{"count":0,"href":"https:\/\/eltrabajo.cl\/portal\/wp-json\/wp\/v2\/posts\/61288\/revisions"}],"wp:featuredmedia":[{"embeddable":true,"href":"https:\/\/eltrabajo.cl\/portal\/wp-json\/wp\/v2\/media\/61289"}],"wp:attachment":[{"href":"https:\/\/eltrabajo.cl\/portal\/wp-json\/wp\/v2\/media?parent=61288"}],"wp:term":[{"taxonomy":"category","embeddable":true,"href":"https:\/\/eltrabajo.cl\/portal\/wp-json\/wp\/v2\/categories?post=61288"},{"taxonomy":"post_tag","embeddable":true,"href":"https:\/\/eltrabajo.cl\/portal\/wp-json\/wp\/v2\/tags?post=61288"}],"curies":[{"name":"wp","href":"https:\/\/api.w.org\/{rel}","templated":true}]}}