{"id":61291,"date":"2015-08-25T09:35:10","date_gmt":"2015-08-25T12:35:10","guid":{"rendered":"http:\/\/www.eltrabajo.cl\/portal\/?p=61291"},"modified":"2015-08-25T09:35:10","modified_gmt":"2015-08-25T12:35:10","slug":"abren-inscripcion-para-diez-cursos-en-el-ciem-aconcagua","status":"publish","type":"post","link":"https:\/\/eltrabajo.cl\/portal\/abren-inscripcion-para-diez-cursos-en-el-ciem-aconcagua\/","title":{"rendered":"Abren inscripci\u00f3n para diez cursos en el Ciem Aconcagua"},"content":{"rendered":"<figure id=\"attachment_61292\" aria-describedby=\"caption-attachment-61292\" style=\"width: 300px\" class=\"wp-caption alignleft\"><a href=\"https:\/\/i0.wp.com\/www.eltrabajo.cl\/portal\/wp-content\/uploads\/2015\/08\/Olivia-Ramirez.jpg\"><img data-recalc-dims=\"1\" loading=\"lazy\" decoding=\"async\" class=\"wp-image-61292 size-medium\" src=\"https:\/\/i0.wp.com\/www.eltrabajo.cl\/portal\/wp-content\/uploads\/2015\/08\/Olivia-Ramirez-300x197.jpg?resize=300%2C197\" alt=\"Encargada de talleres del Ciem, Olivia Ram\u00edrez.\" width=\"300\" height=\"197\" srcset=\"https:\/\/i0.wp.com\/eltrabajo.cl\/portal\/wp-content\/uploads\/2015\/08\/Olivia-Ramirez.jpg?resize=300%2C197&amp;ssl=1 300w, https:\/\/i0.wp.com\/eltrabajo.cl\/portal\/wp-content\/uploads\/2015\/08\/Olivia-Ramirez.jpg?resize=200%2C131&amp;ssl=1 200w, https:\/\/i0.wp.com\/eltrabajo.cl\/portal\/wp-content\/uploads\/2015\/08\/Olivia-Ramirez.jpg?resize=228%2C150&amp;ssl=1 228w, https:\/\/i0.wp.com\/eltrabajo.cl\/portal\/wp-content\/uploads\/2015\/08\/Olivia-Ramirez.jpg?resize=400%2C263&amp;ssl=1 400w, https:\/\/i0.wp.com\/eltrabajo.cl\/portal\/wp-content\/uploads\/2015\/08\/Olivia-Ramirez.jpg?w=530&amp;ssl=1 530w\" sizes=\"auto, (max-width: 300px) 100vw, 300px\" \/><\/a><figcaption id=\"caption-attachment-61292\" class=\"wp-caption-text\">Encargada de talleres del Ciem, Olivia Ram\u00edrez.<\/figcaption><\/figure>\n<p>Ya se abrieron las inscripciones al p\u00fablico para los cursos y talleres de forja, orfebrer\u00eda, papel reciclado, mosaico, fotograf\u00eda, encuadernaci\u00f3n, fieltro y telar, cer\u00e1mica, crochet y cocina. Capacitaciones que se estar\u00e1n realizando en el Ciem Aconcagua de Almendral.<br \/>\n\u00abEste es el segundo semestre, ya que en abril de este a\u00f1o iniciaron estos cursos, ahora corresponde a esta nueva etapa. El m\u00ednimo para cada curso es de cuatro personas, y el m\u00e1ximo son ocho alumnos\u00bb, explic\u00f3 a Diario El Trabajo la encargada de talleres del Ciem, Olivia Ram\u00edrez.<br \/>\nSeg\u00fan lo reportado por Ram\u00edrez, ser\u00e1 durante la primera semana de septiembre cuando den inicio los talleres.<br \/>\n\u00abEl valor de cada inscripci\u00f3n es de $3.000, el coste total de los cursos con m\u00e1s demanda es de $135.000, que son Orfebre y Forja, los dem\u00e1s cursos son m\u00e1s baratos, se pagan por mes y duran tres meses\u00bb, agreg\u00f3 la encargada. Los interesados en aprender estos oficios pueden llamar al fono 253 6649.<\/p>\n<div class=\"tiled-gallery type-rectangular tiled-gallery-unresized\" data-original-width=\"640\" data-carousel-extra='null' itemscope itemtype=\"http:\/\/schema.org\/ImageGallery\" > <div class=\"gallery-row\" style=\"width: 640px; height: 211px;\" data-original-width=\"640\" data-original-height=\"211\" > <div class=\"gallery-group images-1\" style=\"width: 320px; height: 211px;\" data-original-width=\"320\" data-original-height=\"211\" > <div class=\"tiled-gallery-item tiled-gallery-item-large\" itemprop=\"associatedMedia\" itemscope itemtype=\"http:\/\/schema.org\/ImageObject\"> <a href=\"https:\/\/eltrabajo.cl\/portal\/abren-inscripcion-para-diez-cursos-en-el-ciem-aconcagua\/carlos-anderle-2\/\" border=\"0\" itemprop=\"url\"> <meta itemprop=\"width\" content=\"316\"> <meta itemprop=\"height\" content=\"207\"> <img decoding=\"async\" class=\"\" data-attachment-id=\"61295\" data-orig-file=\"https:\/\/eltrabajo.cl\/portal\/wp-content\/uploads\/2015\/08\/Carlos-Anderle1.jpg\" data-orig-size=\"530,348\" data-comments-opened=\"1\" data-image-meta=\"{&quot;aperture&quot;:&quot;0&quot;,&quot;credit&quot;:&quot;&quot;,&quot;camera&quot;:&quot;&quot;,&quot;caption&quot;:&quot;&quot;,&quot;created_timestamp&quot;:&quot;0&quot;,&quot;copyright&quot;:&quot;&quot;,&quot;focal_length&quot;:&quot;0&quot;,&quot;iso&quot;:&quot;0&quot;,&quot;shutter_speed&quot;:&quot;0&quot;,&quot;title&quot;:&quot;&quot;,&quot;orientation&quot;:&quot;0&quot;}\" data-image-title=\"Carlos Anderle\" data-image-description=\"&lt;p&gt;Carlos Anderle Flores es un alumno avanzado del taller de Forja, lo que sabe lo aprende en estos talleres.&lt;\/p&gt; \" data-medium-file=\"https:\/\/i0.wp.com\/eltrabajo.cl\/portal\/wp-content\/uploads\/2015\/08\/Carlos-Anderle1.jpg?fit=300%2C197&#038;ssl=1\" data-large-file=\"https:\/\/i0.wp.com\/eltrabajo.cl\/portal\/wp-content\/uploads\/2015\/08\/Carlos-Anderle1.jpg?fit=530%2C348&#038;ssl=1\" src=\"https:\/\/i0.wp.com\/eltrabajo.cl\/portal\/wp-content\/uploads\/2015\/08\/Carlos-Anderle1.jpg?w=316&#038;h=207&#038;ssl=1\" srcset=\"https:\/\/i0.wp.com\/eltrabajo.cl\/portal\/wp-content\/uploads\/2015\/08\/Carlos-Anderle1.jpg?w=530&amp;ssl=1 530w, https:\/\/i0.wp.com\/eltrabajo.cl\/portal\/wp-content\/uploads\/2015\/08\/Carlos-Anderle1.jpg?resize=200%2C131&amp;ssl=1 200w, https:\/\/i0.wp.com\/eltrabajo.cl\/portal\/wp-content\/uploads\/2015\/08\/Carlos-Anderle1.jpg?resize=300%2C197&amp;ssl=1 300w, https:\/\/i0.wp.com\/eltrabajo.cl\/portal\/wp-content\/uploads\/2015\/08\/Carlos-Anderle1.jpg?resize=228%2C150&amp;ssl=1 228w, https:\/\/i0.wp.com\/eltrabajo.cl\/portal\/wp-content\/uploads\/2015\/08\/Carlos-Anderle1.jpg?resize=400%2C263&amp;ssl=1 400w\" width=\"316\" height=\"207\" loading=\"lazy\" data-original-width=\"316\" data-original-height=\"207\" itemprop=\"http:\/\/schema.org\/image\" title=\"Carlos Anderle\" alt=\"Carlos Anderle Flores es un alumno avanzado del taller de Forja, lo que sabe lo aprende en estos talleres.\" style=\"width: 316px; height: 207px;\" \/> <\/a> <div class=\"tiled-gallery-caption\" itemprop=\"caption description\"> Carlos Anderle Flores es un alumno avanzado del taller de Forja, lo que sabe lo aprende en estos talleres. <\/div> <\/div> <\/div> <!-- close group --> <div class=\"gallery-group images-1\" style=\"width: 320px; height: 211px;\" data-original-width=\"320\" data-original-height=\"211\" > <div class=\"tiled-gallery-item tiled-gallery-item-large\" itemprop=\"associatedMedia\" itemscope itemtype=\"http:\/\/schema.org\/ImageObject\"> <a href=\"https:\/\/eltrabajo.cl\/portal\/abren-inscripcion-para-diez-cursos-en-el-ciem-aconcagua\/memo1-2\/\" border=\"0\" itemprop=\"url\"> <meta itemprop=\"width\" content=\"316\"> <meta itemprop=\"height\" content=\"207\"> <img decoding=\"async\" class=\"\" data-attachment-id=\"61296\" data-orig-file=\"https:\/\/eltrabajo.cl\/portal\/wp-content\/uploads\/2015\/08\/Memo11.jpg\" data-orig-size=\"530,348\" data-comments-opened=\"1\" data-image-meta=\"{&quot;aperture&quot;:&quot;0&quot;,&quot;credit&quot;:&quot;&quot;,&quot;camera&quot;:&quot;&quot;,&quot;caption&quot;:&quot;&quot;,&quot;created_timestamp&quot;:&quot;0&quot;,&quot;copyright&quot;:&quot;&quot;,&quot;focal_length&quot;:&quot;0&quot;,&quot;iso&quot;:&quot;0&quot;,&quot;shutter_speed&quot;:&quot;0&quot;,&quot;title&quot;:&quot;&quot;,&quot;orientation&quot;:&quot;0&quot;}\" data-image-title=\"Memo1\" data-image-description=\"&lt;p&gt;Guillermo Gald\u00e1mez es profesor en el taller de forja, le acompa\u00f1a su alumno Ricardo Lauriani.&lt;\/p&gt; \" data-medium-file=\"https:\/\/i0.wp.com\/eltrabajo.cl\/portal\/wp-content\/uploads\/2015\/08\/Memo11.jpg?fit=300%2C197&#038;ssl=1\" data-large-file=\"https:\/\/i0.wp.com\/eltrabajo.cl\/portal\/wp-content\/uploads\/2015\/08\/Memo11.jpg?fit=530%2C348&#038;ssl=1\" src=\"https:\/\/i0.wp.com\/eltrabajo.cl\/portal\/wp-content\/uploads\/2015\/08\/Memo11.jpg?w=316&#038;h=207&#038;ssl=1\" srcset=\"https:\/\/i0.wp.com\/eltrabajo.cl\/portal\/wp-content\/uploads\/2015\/08\/Memo11.jpg?w=530&amp;ssl=1 530w, https:\/\/i0.wp.com\/eltrabajo.cl\/portal\/wp-content\/uploads\/2015\/08\/Memo11.jpg?resize=200%2C131&amp;ssl=1 200w, https:\/\/i0.wp.com\/eltrabajo.cl\/portal\/wp-content\/uploads\/2015\/08\/Memo11.jpg?resize=300%2C197&amp;ssl=1 300w, https:\/\/i0.wp.com\/eltrabajo.cl\/portal\/wp-content\/uploads\/2015\/08\/Memo11.jpg?resize=228%2C150&amp;ssl=1 228w, https:\/\/i0.wp.com\/eltrabajo.cl\/portal\/wp-content\/uploads\/2015\/08\/Memo11.jpg?resize=400%2C263&amp;ssl=1 400w\" width=\"316\" height=\"207\" loading=\"lazy\" data-original-width=\"316\" data-original-height=\"207\" itemprop=\"http:\/\/schema.org\/image\" title=\"Memo1\" alt=\"Guillermo Gald\u00e1mez es profesor en el taller de forja, le acompa\u00f1a su alumno Ricardo Lauriani.\" style=\"width: 316px; height: 207px;\" \/> <\/a> <div class=\"tiled-gallery-caption\" itemprop=\"caption description\"> Guillermo Gald\u00e1mez es profesor en el taller de forja, le acompa\u00f1a su alumno Ricardo Lauriani. <\/div> <\/div> <\/div> <!-- close group --> <\/div> <!-- close row --> <\/div>\n","protected":false},"excerpt":{"rendered":"<p>Ya se abrieron las inscripciones al p\u00fablico para los cursos y talleres de forja, orfebrer\u00eda, papel reciclado, mosaico, fotograf\u00eda, encuadernaci\u00f3n, fieltro y telar, cer\u00e1mica, crochet y cocina. Capacitaciones que se estar\u00e1n realizando&#8230;<\/p>\n","protected":false},"author":482,"featured_media":61292,"comment_status":"open","ping_status":"open","sticky":false,"template":"","format":"standard","meta":{"advanced_seo_description":"","jetpack_seo_html_title":"","jetpack_seo_noindex":false,"_jetpack_memberships_contains_paid_content":false,"footnotes":""},"categories":[15],"tags":[],"class_list":["post-61291","post","type-post","status-publish","format-standard","has-post-thumbnail","hentry","category-comunidad"],"jetpack_featured_media_url":"https:\/\/i0.wp.com\/eltrabajo.cl\/portal\/wp-content\/uploads\/2015\/08\/Olivia-Ramirez.jpg?fit=530%2C348&ssl=1","jetpack_sharing_enabled":true,"jetpack_likes_enabled":true,"jetpack-related-posts":[],"_links":{"self":[{"href":"https:\/\/eltrabajo.cl\/portal\/wp-json\/wp\/v2\/posts\/61291","targetHints":{"allow":["GET"]}}],"collection":[{"href":"https:\/\/eltrabajo.cl\/portal\/wp-json\/wp\/v2\/posts"}],"about":[{"href":"https:\/\/eltrabajo.cl\/portal\/wp-json\/wp\/v2\/types\/post"}],"author":[{"embeddable":true,"href":"https:\/\/eltrabajo.cl\/portal\/wp-json\/wp\/v2\/users\/482"}],"replies":[{"embeddable":true,"href":"https:\/\/eltrabajo.cl\/portal\/wp-json\/wp\/v2\/comments?post=61291"}],"version-history":[{"count":0,"href":"https:\/\/eltrabajo.cl\/portal\/wp-json\/wp\/v2\/posts\/61291\/revisions"}],"wp:featuredmedia":[{"embeddable":true,"href":"https:\/\/eltrabajo.cl\/portal\/wp-json\/wp\/v2\/media\/61292"}],"wp:attachment":[{"href":"https:\/\/eltrabajo.cl\/portal\/wp-json\/wp\/v2\/media?parent=61291"}],"wp:term":[{"taxonomy":"category","embeddable":true,"href":"https:\/\/eltrabajo.cl\/portal\/wp-json\/wp\/v2\/categories?post=61291"},{"taxonomy":"post_tag","embeddable":true,"href":"https:\/\/eltrabajo.cl\/portal\/wp-json\/wp\/v2\/tags?post=61291"}],"curies":[{"name":"wp","href":"https:\/\/api.w.org\/{rel}","templated":true}]}}