{"id":61298,"date":"2015-08-25T09:36:27","date_gmt":"2015-08-25T12:36:27","guid":{"rendered":"http:\/\/www.eltrabajo.cl\/portal\/?p=61298"},"modified":"2015-08-25T09:36:27","modified_gmt":"2015-08-25T12:36:27","slug":"nuevamente-realizan-tours-gratuitos-en-el-valle-de-aconcagua","status":"publish","type":"post","link":"https:\/\/eltrabajo.cl\/portal\/nuevamente-realizan-tours-gratuitos-en-el-valle-de-aconcagua\/","title":{"rendered":"Nuevamente realizan tours gratuitos en el Valle de Aconcagua"},"content":{"rendered":"<figure id=\"attachment_61299\" aria-describedby=\"caption-attachment-61299\" style=\"width: 300px\" class=\"wp-caption alignleft\"><a href=\"https:\/\/i0.wp.com\/www.eltrabajo.cl\/portal\/wp-content\/uploads\/2015\/08\/Tour-san-felipe.jpg\"><img data-recalc-dims=\"1\" loading=\"lazy\" decoding=\"async\" class=\"wp-image-61299 size-medium\" src=\"https:\/\/i0.wp.com\/www.eltrabajo.cl\/portal\/wp-content\/uploads\/2015\/08\/Tour-san-felipe-300x198.jpg?resize=300%2C198\" alt=\"Estos tours est\u00e1n dirigidos a toda la comunidad del Valle de Aconcagua, basta con inscribirse para participar en los viajes.\" width=\"300\" height=\"198\" srcset=\"https:\/\/i0.wp.com\/eltrabajo.cl\/portal\/wp-content\/uploads\/2015\/08\/Tour-san-felipe.jpg?resize=300%2C198&amp;ssl=1 300w, https:\/\/i0.wp.com\/eltrabajo.cl\/portal\/wp-content\/uploads\/2015\/08\/Tour-san-felipe.jpg?resize=200%2C132&amp;ssl=1 200w, https:\/\/i0.wp.com\/eltrabajo.cl\/portal\/wp-content\/uploads\/2015\/08\/Tour-san-felipe.jpg?resize=228%2C150&amp;ssl=1 228w, https:\/\/i0.wp.com\/eltrabajo.cl\/portal\/wp-content\/uploads\/2015\/08\/Tour-san-felipe.jpg?resize=400%2C263&amp;ssl=1 400w, https:\/\/i0.wp.com\/eltrabajo.cl\/portal\/wp-content\/uploads\/2015\/08\/Tour-san-felipe.jpg?w=530&amp;ssl=1 530w\" sizes=\"auto, (max-width: 300px) 100vw, 300px\" \/><\/a><figcaption id=\"caption-attachment-61299\" class=\"wp-caption-text\">Estos tours est\u00e1n dirigidos a toda la comunidad del Valle de Aconcagua, basta con inscribirse para participar en los viajes.<\/figcaption><\/figure>\n<p>En su segundo a\u00f1o de ejecuci\u00f3n se encuentra el programa de tours gratuitos y guiados que lleva acabo el Departamento de Cultura de la Municipalidad de San Felipe.<br \/>\nSin duda el tour de este mes de agosto ha sido uno de los m\u00e1s interesantes, porque se visit\u00f3 el campo de f\u00f3siles de estromatolitos de La Giganta. Un lugar de vistas hermosas y sobre todo, un campo de f\u00f3siles de una \u00e9poca de mar de poca profundidad, f\u00f3siles que a\u00fan se encuentran en el lugar, con posibilidades de al menos tener 80 millones de a\u00f1os de antig\u00fcedad, datos que se verificar\u00e1n con la asistencia de expertos y que podr\u00edan ir m\u00e1s atr\u00e1s en el tiempo.<br \/>\nEl campo de f\u00f3siles sali\u00f3 a la luz p\u00fablica hace 2 a\u00f1os cuando Rafael Mercado Vilches, un joven de 12 a\u00f1os entonces, y asistente de su padre, el comunicador e investigador Roberto Mercado Aced recogi\u00f3 una extra\u00f1a pieza f\u00f3sil que era poco identificable. La posterior investigaci\u00f3n determin\u00f3 el lugar exacto de la procedencia del f\u00f3sil, lo que llevo a comprender que se trataba de una colonia de estromatolitos, un alga que fue la primera en efectuar fotos\u00edntesis, liberando ox\u00edgeno a la atmosfera y mares.<br \/>\nPara Carmen Gloria Aravena, acad\u00e9mico de la Universidad de Valpara\u00edso y asistente al tour, lo encontrado es un verdadero tesoro. \u201cEl tour fue mucho m\u00e1s de lo que yo esperaba, yo creo que ac\u00e1 hay una gran riqueza cultural, arqueol\u00f3gica y paleontol\u00f3gica que debe ser aprovechada por las universidades que est\u00e1n aqu\u00ed en la zona. Yo ya hab\u00eda o\u00eddo hablar de los estromatolitos, pero no imaginaba que pudiera haber ac\u00e1. Creo que es una muy buena posibilidad de estudiar a fondo lo hallado y compararlo con lo descubierto en otros pa\u00edses. Lo encuentro maravilloso\u201d.<br \/>\nCon 24 salidas al a\u00f1o a 12 lugares distintos, el tour est\u00e1 dirigido al com\u00fan de la gente y basta inscribirse al fono 2509082 o enviar un correo electr\u00f3nico a cultura@sanfe.cl, para ocupar uno de los 44 cupos por viaje. No importa si el usuario es de San Felipe o no, eso no es requisito, pero hay que inscribirse los primeros 5 d\u00edas del mes porque la demanda para asistir es muy alta.<br \/>\nCabe destacar que el domingo 30 se llevar\u00e1 acabo otro tour al mismo lugar, que es el segundo viaje del mes de Agosto. Y el 5 y 27 de Septiembre hay dos viajes a conocer y recorrer el Caj\u00f3n del Zaino, uno de los tres ecosistemas m\u00e1s ricos del Valle de Aconcagua.<\/p>\n","protected":false},"excerpt":{"rendered":"<p>En su segundo a\u00f1o de ejecuci\u00f3n se encuentra el programa de tours gratuitos y guiados que lleva acabo el Departamento de Cultura de la Municipalidad de San Felipe. Sin duda el tour&#8230;<\/p>\n","protected":false},"author":482,"featured_media":61299,"comment_status":"open","ping_status":"open","sticky":false,"template":"","format":"standard","meta":{"advanced_seo_description":"","jetpack_seo_html_title":"","jetpack_seo_noindex":false,"_jetpack_memberships_contains_paid_content":false,"footnotes":""},"categories":[15],"tags":[],"class_list":["post-61298","post","type-post","status-publish","format-standard","has-post-thumbnail","hentry","category-comunidad"],"jetpack_featured_media_url":"https:\/\/i0.wp.com\/eltrabajo.cl\/portal\/wp-content\/uploads\/2015\/08\/Tour-san-felipe.jpg?fit=530%2C349&ssl=1","jetpack_sharing_enabled":true,"jetpack_likes_enabled":true,"jetpack-related-posts":[],"_links":{"self":[{"href":"https:\/\/eltrabajo.cl\/portal\/wp-json\/wp\/v2\/posts\/61298","targetHints":{"allow":["GET"]}}],"collection":[{"href":"https:\/\/eltrabajo.cl\/portal\/wp-json\/wp\/v2\/posts"}],"about":[{"href":"https:\/\/eltrabajo.cl\/portal\/wp-json\/wp\/v2\/types\/post"}],"author":[{"embeddable":true,"href":"https:\/\/eltrabajo.cl\/portal\/wp-json\/wp\/v2\/users\/482"}],"replies":[{"embeddable":true,"href":"https:\/\/eltrabajo.cl\/portal\/wp-json\/wp\/v2\/comments?post=61298"}],"version-history":[{"count":0,"href":"https:\/\/eltrabajo.cl\/portal\/wp-json\/wp\/v2\/posts\/61298\/revisions"}],"wp:featuredmedia":[{"embeddable":true,"href":"https:\/\/eltrabajo.cl\/portal\/wp-json\/wp\/v2\/media\/61299"}],"wp:attachment":[{"href":"https:\/\/eltrabajo.cl\/portal\/wp-json\/wp\/v2\/media?parent=61298"}],"wp:term":[{"taxonomy":"category","embeddable":true,"href":"https:\/\/eltrabajo.cl\/portal\/wp-json\/wp\/v2\/categories?post=61298"},{"taxonomy":"post_tag","embeddable":true,"href":"https:\/\/eltrabajo.cl\/portal\/wp-json\/wp\/v2\/tags?post=61298"}],"curies":[{"name":"wp","href":"https:\/\/api.w.org\/{rel}","templated":true}]}}