{"id":61301,"date":"2015-08-25T09:37:34","date_gmt":"2015-08-25T12:37:34","guid":{"rendered":"http:\/\/www.eltrabajo.cl\/portal\/?p=61301"},"modified":"2015-08-25T09:37:34","modified_gmt":"2015-08-25T12:37:34","slug":"estudiantes-escuela-agricola-participaran-en-competencia-nacional-de-debate","status":"publish","type":"post","link":"https:\/\/eltrabajo.cl\/portal\/estudiantes-escuela-agricola-participaran-en-competencia-nacional-de-debate\/","title":{"rendered":"Estudiantes Escuela Agr\u00edcola participar\u00e1n en Competencia Nacional de Debate"},"content":{"rendered":"<figure id=\"attachment_61302\" aria-describedby=\"caption-attachment-61302\" style=\"width: 300px\" class=\"wp-caption alignleft\"><a href=\"https:\/\/i0.wp.com\/www.eltrabajo.cl\/portal\/wp-content\/uploads\/2015\/08\/Debate-alumnas-escuela-Agricola.jpg\"><img data-recalc-dims=\"1\" loading=\"lazy\" decoding=\"async\" class=\"wp-image-61302 size-medium\" src=\"https:\/\/i0.wp.com\/www.eltrabajo.cl\/portal\/wp-content\/uploads\/2015\/08\/Debate-alumnas-escuela-Agricola-300x198.jpg?resize=300%2C198\" alt=\"Las representantes de la Escuela Agr\u00edcola son: Camila Jim\u00e9nez, Kamila Oses, Danyxa Mu\u00f1oz, Graciela Gonz\u00e1lez y Damisela Morales, junto a su profesora Marcela Gallegos.\" width=\"300\" height=\"198\" srcset=\"https:\/\/i0.wp.com\/eltrabajo.cl\/portal\/wp-content\/uploads\/2015\/08\/Debate-alumnas-escuela-Agricola.jpg?resize=300%2C198&amp;ssl=1 300w, https:\/\/i0.wp.com\/eltrabajo.cl\/portal\/wp-content\/uploads\/2015\/08\/Debate-alumnas-escuela-Agricola.jpg?resize=200%2C132&amp;ssl=1 200w, https:\/\/i0.wp.com\/eltrabajo.cl\/portal\/wp-content\/uploads\/2015\/08\/Debate-alumnas-escuela-Agricola.jpg?resize=227%2C150&amp;ssl=1 227w, https:\/\/i0.wp.com\/eltrabajo.cl\/portal\/wp-content\/uploads\/2015\/08\/Debate-alumnas-escuela-Agricola.jpg?resize=400%2C264&amp;ssl=1 400w, https:\/\/i0.wp.com\/eltrabajo.cl\/portal\/wp-content\/uploads\/2015\/08\/Debate-alumnas-escuela-Agricola.jpg?w=530&amp;ssl=1 530w\" sizes=\"auto, (max-width: 300px) 100vw, 300px\" \/><\/a><figcaption id=\"caption-attachment-61302\" class=\"wp-caption-text\">Las representantes de la Escuela Agr\u00edcola son: Camila Jim\u00e9nez, Kamila Oses, Danyxa Mu\u00f1oz, Graciela Gonz\u00e1lez y Damisela Morales, junto a su profesora Marcela Gallegos.<\/figcaption><\/figure>\n<p>Durante la presente semana, las alumnas de la Escuela Agr\u00edcola de San Felipe; Camila Jim\u00e9nez, Kamila Oses, Danyxa Mu\u00f1oz, Graciela Gonz\u00e1lez y Damisela Morales que, junto a su profesora Sra. Marcela Gallegos, participar\u00e1n en la Competencia Nacional de Debate, perteneciente a la Red de Establecimientos SNA Educa.<br \/>\nDicha competencia se realizar\u00e1 en la ciudad de La Uni\u00f3n, los d\u00edas 27 y 28 de Agosto.<br \/>\nLa actividad cuenta con los 21 colegios pertenecientes a la Red SNA Educa, para ello, las alumnas viajaran desde Santiago a Puerto Montt en la l\u00ednea a\u00e9rea Lan Chile, para luego dirigirse v\u00eda terrestre a la ciudad de La Uni\u00f3n.<br \/>\nAdem\u00e1s de la Competencia, se tiene contemplado un tour por la Ciudad de Valdivia, Niebla y sus alrededores.<\/p>\n","protected":false},"excerpt":{"rendered":"<p>Durante la presente semana, las alumnas de la Escuela Agr\u00edcola de San Felipe; Camila Jim\u00e9nez, Kamila Oses, Danyxa Mu\u00f1oz, Graciela Gonz\u00e1lez y Damisela Morales que, junto a su profesora Sra. Marcela Gallegos,&#8230;<\/p>\n","protected":false},"author":482,"featured_media":61302,"comment_status":"open","ping_status":"open","sticky":false,"template":"","format":"standard","meta":{"advanced_seo_description":"","jetpack_seo_html_title":"","jetpack_seo_noindex":false,"_jetpack_memberships_contains_paid_content":false,"footnotes":""},"categories":[1],"tags":[],"class_list":["post-61301","post","type-post","status-publish","format-standard","has-post-thumbnail","hentry","category-cronica"],"jetpack_featured_media_url":"https:\/\/i0.wp.com\/eltrabajo.cl\/portal\/wp-content\/uploads\/2015\/08\/Debate-alumnas-escuela-Agricola.jpg?fit=530%2C350&ssl=1","jetpack_sharing_enabled":true,"jetpack_likes_enabled":true,"jetpack-related-posts":[],"_links":{"self":[{"href":"https:\/\/eltrabajo.cl\/portal\/wp-json\/wp\/v2\/posts\/61301","targetHints":{"allow":["GET"]}}],"collection":[{"href":"https:\/\/eltrabajo.cl\/portal\/wp-json\/wp\/v2\/posts"}],"about":[{"href":"https:\/\/eltrabajo.cl\/portal\/wp-json\/wp\/v2\/types\/post"}],"author":[{"embeddable":true,"href":"https:\/\/eltrabajo.cl\/portal\/wp-json\/wp\/v2\/users\/482"}],"replies":[{"embeddable":true,"href":"https:\/\/eltrabajo.cl\/portal\/wp-json\/wp\/v2\/comments?post=61301"}],"version-history":[{"count":0,"href":"https:\/\/eltrabajo.cl\/portal\/wp-json\/wp\/v2\/posts\/61301\/revisions"}],"wp:featuredmedia":[{"embeddable":true,"href":"https:\/\/eltrabajo.cl\/portal\/wp-json\/wp\/v2\/media\/61302"}],"wp:attachment":[{"href":"https:\/\/eltrabajo.cl\/portal\/wp-json\/wp\/v2\/media?parent=61301"}],"wp:term":[{"taxonomy":"category","embeddable":true,"href":"https:\/\/eltrabajo.cl\/portal\/wp-json\/wp\/v2\/categories?post=61301"},{"taxonomy":"post_tag","embeddable":true,"href":"https:\/\/eltrabajo.cl\/portal\/wp-json\/wp\/v2\/tags?post=61301"}],"curies":[{"name":"wp","href":"https:\/\/api.w.org\/{rel}","templated":true}]}}