{"id":61304,"date":"2015-08-25T09:38:26","date_gmt":"2015-08-25T12:38:26","guid":{"rendered":"http:\/\/www.eltrabajo.cl\/portal\/?p=61304"},"modified":"2015-08-25T09:38:26","modified_gmt":"2015-08-25T12:38:26","slug":"edil-de-santa-maria-nuevamente-alcanza-primer-lugar-en-encuesta-regional","status":"publish","type":"post","link":"https:\/\/eltrabajo.cl\/portal\/edil-de-santa-maria-nuevamente-alcanza-primer-lugar-en-encuesta-regional\/","title":{"rendered":"Edil de Santa Mar\u00eda nuevamente alcanza primer lugar en encuesta regional"},"content":{"rendered":"<figure id=\"attachment_61305\" aria-describedby=\"caption-attachment-61305\" style=\"width: 300px\" class=\"wp-caption alignleft\"><a href=\"https:\/\/i0.wp.com\/www.eltrabajo.cl\/portal\/wp-content\/uploads\/2015\/08\/Alcalde-Zurita.jpg\"><img data-recalc-dims=\"1\" loading=\"lazy\" decoding=\"async\" class=\"wp-image-61305 size-medium\" src=\"https:\/\/i0.wp.com\/www.eltrabajo.cl\/portal\/wp-content\/uploads\/2015\/08\/Alcalde-Zurita-300x198.jpg?resize=300%2C198\" alt=\"La gesti\u00f3n del alcalde Zurita fue nuevamente destacada, alcanzando el primer lugar en la encuesta regional, posicion\u00e1ndolo sobre otros 36 ediles.\" width=\"300\" height=\"198\" srcset=\"https:\/\/i0.wp.com\/eltrabajo.cl\/portal\/wp-content\/uploads\/2015\/08\/Alcalde-Zurita.jpg?resize=300%2C198&amp;ssl=1 300w, https:\/\/i0.wp.com\/eltrabajo.cl\/portal\/wp-content\/uploads\/2015\/08\/Alcalde-Zurita.jpg?resize=200%2C132&amp;ssl=1 200w, https:\/\/i0.wp.com\/eltrabajo.cl\/portal\/wp-content\/uploads\/2015\/08\/Alcalde-Zurita.jpg?resize=228%2C150&amp;ssl=1 228w, https:\/\/i0.wp.com\/eltrabajo.cl\/portal\/wp-content\/uploads\/2015\/08\/Alcalde-Zurita.jpg?resize=400%2C263&amp;ssl=1 400w, https:\/\/i0.wp.com\/eltrabajo.cl\/portal\/wp-content\/uploads\/2015\/08\/Alcalde-Zurita.jpg?w=530&amp;ssl=1 530w\" sizes=\"auto, (max-width: 300px) 100vw, 300px\" \/><\/a><figcaption id=\"caption-attachment-61305\" class=\"wp-caption-text\">La gesti\u00f3n del alcalde Zurita fue nuevamente destacada, alcanzando el primer lugar en la encuesta regional, posicion\u00e1ndolo sobre otros 36 ediles.<\/figcaption><\/figure>\n<p><strong>SANTA MAR\u00cdA.<\/strong>&#8211; La m\u00e1xima autoridad de la comuna de Santa Mar\u00eda recibi\u00f3 con una inmensa felicidad los nuevos resultados de esta importante evaluaci\u00f3n regional, efectuada por el Centro de Estudios de Participaci\u00f3n Regional, Cepre y el portal informativo Vinfo.cl.<br \/>\nLa encuesta fue respondida por aproximadamente 10 mil habitantes de la regi\u00f3n y evalu\u00f3 a un total de 36 alcaldes, solamente la mitad de ellos obtuvieron nota positiva (nota azul), destacando principalmente el edil de Santa Mar\u00eda qui\u00e9n por segunda vez consecutiva alcanza el primer lugar en esta medici\u00f3n.<br \/>\nAl respecto el edil se\u00f1al\u00f3 que \u201cEstos resultados me llenan de orgullo, porque reflejan que en Santa Mar\u00eda estamos haciendo desde hace tiempo las cosas bien y esto es percibido y reconocido por la comunidad. Lo importante de esta encuesta, es que es una medici\u00f3n regional, no s\u00f3lo de la Provincia o del Valle del Aconcagua, lo que significa que nuestra gesti\u00f3n trasciende a nuestra comuna, destacando por sobre grandes ciudades de la regi\u00f3n. Recibo esta noticia con mucha humildad, ratificando mi compromiso con el servicio p\u00fablico, sin duda es una gran responsabilidad y pondr\u00e9 lo mejor de m\u00ed para seguir en esta misma senda de crecimiento\u00bb, finalmente agreg\u00f3 \u00abQuiero efectuar un reconocimiento al trabajo y apoyo permanente de los funcionarios municipales que con su compromiso han hecho de esta, una gran gesti\u00f3n, por lo tanto este logro que me llena de satisfacci\u00f3n, es tambi\u00e9n de ellos.\u00bb<br \/>\nA parte del alcalde Claudio Zurita, destacaron los ediles de Santo Domingo (2\u00ba), La Cruz (3\u00ba) y Cabildo (4\u00ba). En el lado opuesto, entre las calificaciones m\u00e1s bajas quedaron los nuevamente municipios de Los Andes y La Calera, sum\u00e1ndose esta vez Nogales.<br \/>\nPor \u00faltimo se\u00f1alar que esta encuesta, considera a mayores de 18 a\u00f1os de las 38 comunas de la regi\u00f3n de Valpara\u00edso, con una ponderaci\u00f3n seg\u00fan sexo, edad y residencia, de tal forma que sea una muestra representativa a nivel regional.<\/p>\n","protected":false},"excerpt":{"rendered":"<p>SANTA MAR\u00cdA.&#8211; La m\u00e1xima autoridad de la comuna de Santa Mar\u00eda recibi\u00f3 con una inmensa felicidad los nuevos resultados de esta importante evaluaci\u00f3n regional, efectuada por el Centro de Estudios de Participaci\u00f3n&#8230;<\/p>\n","protected":false},"author":482,"featured_media":61305,"comment_status":"open","ping_status":"open","sticky":false,"template":"","format":"standard","meta":{"advanced_seo_description":"","jetpack_seo_html_title":"","jetpack_seo_noindex":false,"_jetpack_memberships_contains_paid_content":false,"footnotes":""},"categories":[1],"tags":[],"class_list":["post-61304","post","type-post","status-publish","format-standard","has-post-thumbnail","hentry","category-cronica"],"jetpack_featured_media_url":"https:\/\/i0.wp.com\/eltrabajo.cl\/portal\/wp-content\/uploads\/2015\/08\/Alcalde-Zurita.jpg?fit=530%2C349&ssl=1","jetpack_sharing_enabled":true,"jetpack_likes_enabled":true,"jetpack-related-posts":[],"_links":{"self":[{"href":"https:\/\/eltrabajo.cl\/portal\/wp-json\/wp\/v2\/posts\/61304","targetHints":{"allow":["GET"]}}],"collection":[{"href":"https:\/\/eltrabajo.cl\/portal\/wp-json\/wp\/v2\/posts"}],"about":[{"href":"https:\/\/eltrabajo.cl\/portal\/wp-json\/wp\/v2\/types\/post"}],"author":[{"embeddable":true,"href":"https:\/\/eltrabajo.cl\/portal\/wp-json\/wp\/v2\/users\/482"}],"replies":[{"embeddable":true,"href":"https:\/\/eltrabajo.cl\/portal\/wp-json\/wp\/v2\/comments?post=61304"}],"version-history":[{"count":0,"href":"https:\/\/eltrabajo.cl\/portal\/wp-json\/wp\/v2\/posts\/61304\/revisions"}],"wp:featuredmedia":[{"embeddable":true,"href":"https:\/\/eltrabajo.cl\/portal\/wp-json\/wp\/v2\/media\/61305"}],"wp:attachment":[{"href":"https:\/\/eltrabajo.cl\/portal\/wp-json\/wp\/v2\/media?parent=61304"}],"wp:term":[{"taxonomy":"category","embeddable":true,"href":"https:\/\/eltrabajo.cl\/portal\/wp-json\/wp\/v2\/categories?post=61304"},{"taxonomy":"post_tag","embeddable":true,"href":"https:\/\/eltrabajo.cl\/portal\/wp-json\/wp\/v2\/tags?post=61304"}],"curies":[{"name":"wp","href":"https:\/\/api.w.org\/{rel}","templated":true}]}}