{"id":61307,"date":"2015-08-25T09:40:17","date_gmt":"2015-08-25T12:40:17","guid":{"rendered":"http:\/\/www.eltrabajo.cl\/portal\/?p=61307"},"modified":"2015-08-25T09:40:17","modified_gmt":"2015-08-25T12:40:17","slug":"con-masiva-convocatoria-realizan-primer-encuentro-misionero-diocesano","status":"publish","type":"post","link":"https:\/\/eltrabajo.cl\/portal\/con-masiva-convocatoria-realizan-primer-encuentro-misionero-diocesano\/","title":{"rendered":"Con masiva convocatoria realizan Primer Encuentro Misionero Diocesano"},"content":{"rendered":"<figure id=\"attachment_61308\" aria-describedby=\"caption-attachment-61308\" style=\"width: 300px\" class=\"wp-caption alignleft\"><a href=\"https:\/\/i0.wp.com\/www.eltrabajo.cl\/portal\/wp-content\/uploads\/2015\/08\/Primer-Encuentro-Misionero-Diocesano-3.jpg\"><img data-recalc-dims=\"1\" loading=\"lazy\" decoding=\"async\" class=\"wp-image-61308 size-medium\" src=\"https:\/\/i0.wp.com\/www.eltrabajo.cl\/portal\/wp-content\/uploads\/2015\/08\/Primer-Encuentro-Misionero-Diocesano-3-300x198.jpg?resize=300%2C198\" alt=\"Cerca de 200 personas asistieron al Primer Encuentro Misionero Diocesano realizado el pasado s\u00e1bado, en el Instituto Chacabuco de Los andes\" width=\"300\" height=\"198\" srcset=\"https:\/\/i0.wp.com\/eltrabajo.cl\/portal\/wp-content\/uploads\/2015\/08\/Primer-Encuentro-Misionero-Diocesano-3.jpg?resize=300%2C198&amp;ssl=1 300w, https:\/\/i0.wp.com\/eltrabajo.cl\/portal\/wp-content\/uploads\/2015\/08\/Primer-Encuentro-Misionero-Diocesano-3.jpg?resize=200%2C132&amp;ssl=1 200w, https:\/\/i0.wp.com\/eltrabajo.cl\/portal\/wp-content\/uploads\/2015\/08\/Primer-Encuentro-Misionero-Diocesano-3.jpg?resize=227%2C150&amp;ssl=1 227w, https:\/\/i0.wp.com\/eltrabajo.cl\/portal\/wp-content\/uploads\/2015\/08\/Primer-Encuentro-Misionero-Diocesano-3.jpg?resize=400%2C264&amp;ssl=1 400w, https:\/\/i0.wp.com\/eltrabajo.cl\/portal\/wp-content\/uploads\/2015\/08\/Primer-Encuentro-Misionero-Diocesano-3.jpg?w=530&amp;ssl=1 530w\" sizes=\"auto, (max-width: 300px) 100vw, 300px\" \/><\/a><figcaption id=\"caption-attachment-61308\" class=\"wp-caption-text\">Cerca de 200 personas asistieron al Primer Encuentro Misionero Diocesano realizado el pasado s\u00e1bado, en el Instituto Chacabuco de Los andes<\/figcaption><\/figure>\n<ul>\n<li><strong>El s\u00e1bado se realiz\u00f3 el Primer Encuentro Misionero en la Di\u00f3cesis de San Felipe de Aconcagua en el Instituto Chacabuco de la ciudad de Los Andes.<\/strong><\/li>\n<\/ul>\n<p>Este encuentro convocado por nuestro Pastor Diocesano, Mons. Cristi\u00e1n Contreras Molina O.de M y organizado por la Vicar\u00eda Pastoral cont\u00f3 con la presencia de m\u00e1s de 200 personas, entre: sacerdotes, religiosas y laicos de diferentes comunidades de nuestra di\u00f3cesis, lo que permiti\u00f3 generar espacios de profundo di\u00e1logo de la experiencia misionera. Adem\u00e1s de recordar los principales hitos en nuestra historia diocesana, tambi\u00e9n se efectuaron momentos para compartir y reflexionar sobre el c\u00f3mo se vive la misi\u00f3n en cada uno de los tres decanatos, a trav\u00e9s de metodolog\u00eda: ver, juzgar y actuar.<br \/>\nEn la jornada se destin\u00f3 un momento para desarrollar una Memoria Agradecida por aquellos que han entregado su vida por anunciar el Evangelio, siendo presentados como los Testigos de Fe. El segundo momento fue para juzgar el trabajo que la di\u00f3cesis est\u00e1 realizando en la misi\u00f3n, analizar las metodolog\u00edas, y hacer un intento por buscar nuevas y diferentes formas de evangelizar. Para finalizar se plantearon cu\u00e1les son los nuevos desaf\u00edos, para salir y poder llegar a las periferias tanto humanas como geogr\u00e1ficas.<br \/>\nEsta jornada que cont\u00f3 con la presencia del Padre Gianluca Rosso, Director Nacional de las Obras Misionales Pontificas, quien comparti\u00f3 durante toda la jornada con los asistentes y adem\u00e1s expuso sobre los principales hitos de la historia Misionera de nuestra Iglesia y la importancia de las misi\u00f3n, expresando: \u201cel Concilio Vaticano II no dice que la Iglesia es Misionera por naturaleza, porque el \u00faltimo mandato que nos entreg\u00f3 Jes\u00fas fue ese, ir a todos los pueblos de la Tierra para anunciar la Nueva Buena del evangelio\u201d. M\u00e1s adelante el Padre Gianluca nos habl\u00f3 sobre este encuentro misionero, \u201ceste es un encuentro para encontrarnos y vernos las caras para compartir ese anhelo misionero que llevamos a adentro y adem\u00e1s de hacernos cargo de las tareas que nos dej\u00f3 el Encuentro de Aparecida y tambi\u00e9n lograr encarnar este pedido que nos ha hecho el Papa Francisco de ser una Iglesia Misionera y lo vamos haciendo por medio de estos encuentros y comprender que somos una Iglesia en salida que anuncia la belleza y la alegr\u00eda del evangelio\u201d.<br \/>\nUn reconocimiento especial entregamos al equipo que trabaj\u00f3 arduamente para materializar este Encuentro Misionero Diocesano que est\u00e1 compuesto por sacerdotes y laicos de diferentes comunidades de nuestra di\u00f3cesis, quienes se destacaron por su compromiso y generosidad.<\/p>\n","protected":false},"excerpt":{"rendered":"<p>El s\u00e1bado se realiz\u00f3 el Primer Encuentro Misionero en la Di\u00f3cesis de San Felipe de Aconcagua en el Instituto Chacabuco de la ciudad de Los Andes. Este encuentro convocado por nuestro Pastor&#8230;<\/p>\n","protected":false},"author":482,"featured_media":61308,"comment_status":"open","ping_status":"open","sticky":false,"template":"","format":"standard","meta":{"advanced_seo_description":"","jetpack_seo_html_title":"","jetpack_seo_noindex":false,"_jetpack_memberships_contains_paid_content":false,"footnotes":""},"categories":[1],"tags":[],"class_list":["post-61307","post","type-post","status-publish","format-standard","has-post-thumbnail","hentry","category-cronica"],"jetpack_featured_media_url":"https:\/\/i0.wp.com\/eltrabajo.cl\/portal\/wp-content\/uploads\/2015\/08\/Primer-Encuentro-Misionero-Diocesano-3.jpg?fit=530%2C350&ssl=1","jetpack_sharing_enabled":true,"jetpack_likes_enabled":true,"jetpack-related-posts":[],"_links":{"self":[{"href":"https:\/\/eltrabajo.cl\/portal\/wp-json\/wp\/v2\/posts\/61307","targetHints":{"allow":["GET"]}}],"collection":[{"href":"https:\/\/eltrabajo.cl\/portal\/wp-json\/wp\/v2\/posts"}],"about":[{"href":"https:\/\/eltrabajo.cl\/portal\/wp-json\/wp\/v2\/types\/post"}],"author":[{"embeddable":true,"href":"https:\/\/eltrabajo.cl\/portal\/wp-json\/wp\/v2\/users\/482"}],"replies":[{"embeddable":true,"href":"https:\/\/eltrabajo.cl\/portal\/wp-json\/wp\/v2\/comments?post=61307"}],"version-history":[{"count":0,"href":"https:\/\/eltrabajo.cl\/portal\/wp-json\/wp\/v2\/posts\/61307\/revisions"}],"wp:featuredmedia":[{"embeddable":true,"href":"https:\/\/eltrabajo.cl\/portal\/wp-json\/wp\/v2\/media\/61308"}],"wp:attachment":[{"href":"https:\/\/eltrabajo.cl\/portal\/wp-json\/wp\/v2\/media?parent=61307"}],"wp:term":[{"taxonomy":"category","embeddable":true,"href":"https:\/\/eltrabajo.cl\/portal\/wp-json\/wp\/v2\/categories?post=61307"},{"taxonomy":"post_tag","embeddable":true,"href":"https:\/\/eltrabajo.cl\/portal\/wp-json\/wp\/v2\/tags?post=61307"}],"curies":[{"name":"wp","href":"https:\/\/api.w.org\/{rel}","templated":true}]}}