{"id":61310,"date":"2015-08-25T09:41:45","date_gmt":"2015-08-25T12:41:45","guid":{"rendered":"http:\/\/www.eltrabajo.cl\/portal\/?p=61310"},"modified":"2015-08-25T09:41:45","modified_gmt":"2015-08-25T12:41:45","slug":"joven-panquehuina-participara-en-enduro-ecuestre-en-santo-domingo","status":"publish","type":"post","link":"https:\/\/eltrabajo.cl\/portal\/joven-panquehuina-participara-en-enduro-ecuestre-en-santo-domingo\/","title":{"rendered":"Joven panquehuina participar\u00e1 en Enduro Ecuestre en Santo Domingo"},"content":{"rendered":"<figure id=\"attachment_61311\" aria-describedby=\"caption-attachment-61311\" style=\"width: 300px\" class=\"wp-caption alignleft\"><a href=\"https:\/\/i0.wp.com\/www.eltrabajo.cl\/portal\/wp-content\/uploads\/2015\/08\/Micaela.jpg\"><img data-recalc-dims=\"1\" loading=\"lazy\" decoding=\"async\" class=\"wp-image-61311 size-medium\" src=\"https:\/\/i0.wp.com\/www.eltrabajo.cl\/portal\/wp-content\/uploads\/2015\/08\/Micaela-300x198.jpg?resize=300%2C198\" alt=\"Micaela Torres Horta, participar\u00e1 en octubre del Mundial de Enduro Ecuestre Junior, que se realizar\u00e1 en Santo Domingo.\" width=\"300\" height=\"198\" srcset=\"https:\/\/i0.wp.com\/eltrabajo.cl\/portal\/wp-content\/uploads\/2015\/08\/Micaela.jpg?resize=300%2C198&amp;ssl=1 300w, https:\/\/i0.wp.com\/eltrabajo.cl\/portal\/wp-content\/uploads\/2015\/08\/Micaela.jpg?resize=200%2C132&amp;ssl=1 200w, https:\/\/i0.wp.com\/eltrabajo.cl\/portal\/wp-content\/uploads\/2015\/08\/Micaela.jpg?resize=227%2C150&amp;ssl=1 227w, https:\/\/i0.wp.com\/eltrabajo.cl\/portal\/wp-content\/uploads\/2015\/08\/Micaela.jpg?resize=400%2C264&amp;ssl=1 400w, https:\/\/i0.wp.com\/eltrabajo.cl\/portal\/wp-content\/uploads\/2015\/08\/Micaela.jpg?w=530&amp;ssl=1 530w\" sizes=\"auto, (max-width: 300px) 100vw, 300px\" \/><\/a><figcaption id=\"caption-attachment-61311\" class=\"wp-caption-text\">Micaela Torres Horta, participar\u00e1 en octubre del Mundial de Enduro Ecuestre Junior, que se realizar\u00e1 en Santo Domingo.<\/figcaption><\/figure>\n<ul>\n<li><strong>Micaela Torres Horta ya gan\u00f3 un torneo en Argentina y ahora aspira a ganarse un lugar en la selecci\u00f3n nacional que disputar\u00e1 el Mundial Junior en octubre pr\u00f3ximo.<\/strong><\/li>\n<\/ul>\n<p><strong>PANQUEHUE.<\/strong>&#8211; En octubre pr\u00f3ximo Chile ser\u00e1 sede del Mundial de Enduro Ecuestre Junior, y tal como pas\u00f3 en el Mundial de Polo y la Copa Am\u00e9rica, la selecci\u00f3n aspira a dejar el t\u00edtulo en casa.<br \/>\nA mes y medio de la cita planetaria, son 10 los j\u00f3venes que sue\u00f1an con ganarse un lugar entre los cinco competidores que finalmente participar\u00e1n en el torneo a disputarse en Santo Domingo.<br \/>\nEntre ellos, est\u00e1 la joven Panquehuina, Micaela Torres, la m\u00e1s peque\u00f1a del grupo. A primera vista, la sonrisa y la belleza de la jinete, de s\u00f3lo 15 a\u00f1os, llaman la atenci\u00f3n, sin embargo, son sus logros deportivos los que la tienen aspirando a participar del Mundial.<br \/>\nLa joven panquehuina figura como una de las promesas chilenas en el enduro ecuestre, y el t\u00edtulo que gan\u00f3 en Argentina no hace m\u00e1s que ratificar sus privilegiadas condiciones.<br \/>\n\u00abElla ha demostrado tener excelentes condiciones y cualidades. Hay mucha ilusi\u00f3n y esperanza, tenemos los caballos y ella tiene las condiciones para triunfar. Este es un deporte duro y ella ha demostrado que tiene potencial\u00bb, a\u00f1adi\u00f3 su abuelo, Fernando Horta.<br \/>\nSus pr\u00e1cticas se realizan entre viernes y domingo, ya que la joven dedica tiempo a sus estudios, aunque muchas veces la preparaci\u00f3n para torneos o entrenamientos extras la obligan de dejar de lado el colegio y otras actividades.<br \/>\nFinalmente, Micaela palpita el Mundial de octubre, uno en el que a\u00fan no tiene un lugar asegurado, pero que anticipa tiene muchas esperanzas de brillar si queda seleccionada.<br \/>\nEl enduro ecuestre es una larga carrera que se desarrolla en un entorno natural. Se recorre esta distancia a caballo y a pie poniendo a prueba la capacidad de un jinete para manejar de forma inteligente y segura la resistencia y la aptitud del equino.<br \/>\nLa distancia que tendr\u00e1 el Mundial, de 120 kil\u00f3metros, se dividir\u00e1 en 5 etapas, dos de 30 km y 3 de 20 km, donde se requiere de un gran esfuerzo f\u00edsico, por lo que los caballos son evaluados constantemente por veterinarios, que determinan si el animal est\u00e1 apto para la siguiente etapa.<\/p>\n","protected":false},"excerpt":{"rendered":"<p>Micaela Torres Horta ya gan\u00f3 un torneo en Argentina y ahora aspira a ganarse un lugar en la selecci\u00f3n nacional que disputar\u00e1 el Mundial Junior en octubre pr\u00f3ximo. PANQUEHUE.&#8211; En octubre pr\u00f3ximo&#8230;<\/p>\n","protected":false},"author":482,"featured_media":61311,"comment_status":"open","ping_status":"open","sticky":false,"template":"","format":"standard","meta":{"advanced_seo_description":"","jetpack_seo_html_title":"","jetpack_seo_noindex":false,"_jetpack_memberships_contains_paid_content":false,"footnotes":""},"categories":[1],"tags":[],"class_list":["post-61310","post","type-post","status-publish","format-standard","has-post-thumbnail","hentry","category-cronica"],"jetpack_featured_media_url":"https:\/\/i0.wp.com\/eltrabajo.cl\/portal\/wp-content\/uploads\/2015\/08\/Micaela.jpg?fit=530%2C350&ssl=1","jetpack_sharing_enabled":true,"jetpack_likes_enabled":true,"jetpack-related-posts":[],"_links":{"self":[{"href":"https:\/\/eltrabajo.cl\/portal\/wp-json\/wp\/v2\/posts\/61310","targetHints":{"allow":["GET"]}}],"collection":[{"href":"https:\/\/eltrabajo.cl\/portal\/wp-json\/wp\/v2\/posts"}],"about":[{"href":"https:\/\/eltrabajo.cl\/portal\/wp-json\/wp\/v2\/types\/post"}],"author":[{"embeddable":true,"href":"https:\/\/eltrabajo.cl\/portal\/wp-json\/wp\/v2\/users\/482"}],"replies":[{"embeddable":true,"href":"https:\/\/eltrabajo.cl\/portal\/wp-json\/wp\/v2\/comments?post=61310"}],"version-history":[{"count":0,"href":"https:\/\/eltrabajo.cl\/portal\/wp-json\/wp\/v2\/posts\/61310\/revisions"}],"wp:featuredmedia":[{"embeddable":true,"href":"https:\/\/eltrabajo.cl\/portal\/wp-json\/wp\/v2\/media\/61311"}],"wp:attachment":[{"href":"https:\/\/eltrabajo.cl\/portal\/wp-json\/wp\/v2\/media?parent=61310"}],"wp:term":[{"taxonomy":"category","embeddable":true,"href":"https:\/\/eltrabajo.cl\/portal\/wp-json\/wp\/v2\/categories?post=61310"},{"taxonomy":"post_tag","embeddable":true,"href":"https:\/\/eltrabajo.cl\/portal\/wp-json\/wp\/v2\/tags?post=61310"}],"curies":[{"name":"wp","href":"https:\/\/api.w.org\/{rel}","templated":true}]}}