{"id":61313,"date":"2015-08-25T09:44:02","date_gmt":"2015-08-25T12:44:02","guid":{"rendered":"http:\/\/www.eltrabajo.cl\/portal\/?p=61313"},"modified":"2015-08-25T09:44:02","modified_gmt":"2015-08-25T12:44:02","slug":"gran-expectacion-por-hallazgo-de-huesos-en-faenas-de-avenida-yungay","status":"publish","type":"post","link":"https:\/\/eltrabajo.cl\/portal\/gran-expectacion-por-hallazgo-de-huesos-en-faenas-de-avenida-yungay\/","title":{"rendered":"Gran expectaci\u00f3n por hallazgo de huesos en faenas de Avenida Yungay"},"content":{"rendered":"<figure id=\"attachment_61314\" aria-describedby=\"caption-attachment-61314\" style=\"width: 300px\" class=\"wp-caption alignleft\"><a href=\"https:\/\/i0.wp.com\/www.eltrabajo.cl\/portal\/wp-content\/uploads\/2015\/08\/Escena1.jpg\"><img data-recalc-dims=\"1\" loading=\"lazy\" decoding=\"async\" class=\"wp-image-61314 size-medium\" src=\"https:\/\/i0.wp.com\/www.eltrabajo.cl\/portal\/wp-content\/uploads\/2015\/08\/Escena1-300x198.jpg?resize=300%2C198\" alt=\"LA ESCENA.- Carabineros y otros elementos policiales aseguraron la escena, pues deb\u00edan determinar la naturaleza de estos huesos.\" width=\"300\" height=\"198\" srcset=\"https:\/\/i0.wp.com\/eltrabajo.cl\/portal\/wp-content\/uploads\/2015\/08\/Escena1.jpg?resize=300%2C198&amp;ssl=1 300w, https:\/\/i0.wp.com\/eltrabajo.cl\/portal\/wp-content\/uploads\/2015\/08\/Escena1.jpg?resize=200%2C132&amp;ssl=1 200w, https:\/\/i0.wp.com\/eltrabajo.cl\/portal\/wp-content\/uploads\/2015\/08\/Escena1.jpg?resize=227%2C150&amp;ssl=1 227w, https:\/\/i0.wp.com\/eltrabajo.cl\/portal\/wp-content\/uploads\/2015\/08\/Escena1.jpg?resize=400%2C264&amp;ssl=1 400w, https:\/\/i0.wp.com\/eltrabajo.cl\/portal\/wp-content\/uploads\/2015\/08\/Escena1.jpg?w=530&amp;ssl=1 530w\" sizes=\"auto, (max-width: 300px) 100vw, 300px\" \/><\/a><figcaption id=\"caption-attachment-61314\" class=\"wp-caption-text\">LA ESCENA.- Carabineros y otros elementos policiales aseguraron la escena, pues deb\u00edan determinar la naturaleza de estos huesos.<\/figcaption><\/figure>\n<p>Todo un enigma por resolver fue durante algunas horas, al menos para quienes no son expertos en medicina forense, varios huesos hallados en una de las excavaciones de construcci\u00f3n de nuevas veredas en avenida Yungay poniente 115 en San Felipe, entre Santo Domingo y Condell, luego que un obrero de la empresa Maggio Constructora diera aviso a sus jefes y luego a Carabineros, sobre la existencia de osamentas enterradas, dispersas en unos 20 metros lineales.<br \/>\nAs\u00ed lo report\u00f3 Jos\u00e9 Luis Madrid a Diario El Trabajo, encargado de las obras, quien explic\u00f3 que \u00abnosotros tenemos que informar al mandante y a Carabineros sobre este hallazgo, ya que no somos expertos en el tema. De momento tenemos permiso para seguir trabajando en otros puntos de la ciudad. Se trata de una zanja de 50 cent\u00edmetros de profundidad y unos 20 metros de extensi\u00f3n\u00bb, dijo Madrid.<br \/>\nSobre lo que ellos creen en torno a estos huesos, es que \u00aben esto no se puede presumir de nada y estamos hablando de distintos huesos que encontramos en una zanja de unos metros lineales, mismos que estaban esparcidos y ante lo cual se present\u00f3 Carabineros y determin\u00f3 cercar la zona y el fiscal orden\u00f3 que se constituyera la Brigada de Homicidios de la PDI\u00bb, dijo el jefe de obras.<\/p>\n<p><strong>SER\u00cdAN DE ANIMAL<\/strong><br \/>\nDe momento la versi\u00f3n que m\u00e1s fuerza toma en este asunto, ser\u00eda aquella que indica que los huesos eventualmente pertenecer\u00edan a un animal, y no a un ser humano como se supon\u00eda inicialmente.<br \/>\nAs\u00ed al menos lo determinaron los ex\u00e1menes preliminares realizados por personal de la PDI a las osamentas, donde se descart\u00f3 inicialmente que fueran restos humanos.<br \/>\nDebido a lo anterior se permiti\u00f3 a la empresa a cargo de los trabajos que continuara con las obras en Avenida Yungay Poniente.<br \/>\n<strong>Roberto Gonz\u00e1lez Short<\/strong><br \/>\n<strong>rgonzalez@eltrabajo.cl<\/strong><\/p>\n<div class=\"tiled-gallery type-rectangular tiled-gallery-unresized\" data-original-width=\"640\" data-carousel-extra='null' itemscope itemtype=\"http:\/\/schema.org\/ImageGallery\" > <div class=\"gallery-row\" style=\"width: 640px; height: 212px;\" data-original-width=\"640\" data-original-height=\"212\" > <div class=\"gallery-group images-1\" style=\"width: 321px; height: 212px;\" data-original-width=\"321\" data-original-height=\"212\" > <div class=\"tiled-gallery-item tiled-gallery-item-large\" itemprop=\"associatedMedia\" itemscope itemtype=\"http:\/\/schema.org\/ImageObject\"> <a href=\"https:\/\/eltrabajo.cl\/portal\/gran-expectacion-por-hallazgo-de-huesos-en-faenas-de-avenida-yungay\/luis-madrid\/\" border=\"0\" itemprop=\"url\"> <meta itemprop=\"width\" content=\"317\"> <meta itemprop=\"height\" content=\"208\"> <img decoding=\"async\" class=\"\" data-attachment-id=\"61315\" data-orig-file=\"https:\/\/eltrabajo.cl\/portal\/wp-content\/uploads\/2015\/08\/Luis-Madrid.jpg\" data-orig-size=\"530,348\" data-comments-opened=\"1\" data-image-meta=\"{&quot;aperture&quot;:&quot;0&quot;,&quot;credit&quot;:&quot;&quot;,&quot;camera&quot;:&quot;&quot;,&quot;caption&quot;:&quot;&quot;,&quot;created_timestamp&quot;:&quot;0&quot;,&quot;copyright&quot;:&quot;&quot;,&quot;focal_length&quot;:&quot;0&quot;,&quot;iso&quot;:&quot;0&quot;,&quot;shutter_speed&quot;:&quot;0&quot;,&quot;title&quot;:&quot;&quot;,&quot;orientation&quot;:&quot;0&quot;}\" data-image-title=\"Luis Madrid\" data-image-description=\"&lt;p&gt;Jos\u00e9 Luis Madrid, encargado de las obras de la empresa Maggio Constructora.&lt;\/p&gt; \" data-medium-file=\"https:\/\/i0.wp.com\/eltrabajo.cl\/portal\/wp-content\/uploads\/2015\/08\/Luis-Madrid.jpg?fit=300%2C197&#038;ssl=1\" data-large-file=\"https:\/\/i0.wp.com\/eltrabajo.cl\/portal\/wp-content\/uploads\/2015\/08\/Luis-Madrid.jpg?fit=530%2C348&#038;ssl=1\" src=\"https:\/\/i0.wp.com\/eltrabajo.cl\/portal\/wp-content\/uploads\/2015\/08\/Luis-Madrid.jpg?w=317&#038;h=208&#038;ssl=1\" srcset=\"https:\/\/i0.wp.com\/eltrabajo.cl\/portal\/wp-content\/uploads\/2015\/08\/Luis-Madrid.jpg?w=530&amp;ssl=1 530w, https:\/\/i0.wp.com\/eltrabajo.cl\/portal\/wp-content\/uploads\/2015\/08\/Luis-Madrid.jpg?resize=200%2C131&amp;ssl=1 200w, https:\/\/i0.wp.com\/eltrabajo.cl\/portal\/wp-content\/uploads\/2015\/08\/Luis-Madrid.jpg?resize=300%2C197&amp;ssl=1 300w, https:\/\/i0.wp.com\/eltrabajo.cl\/portal\/wp-content\/uploads\/2015\/08\/Luis-Madrid.jpg?resize=228%2C150&amp;ssl=1 228w, https:\/\/i0.wp.com\/eltrabajo.cl\/portal\/wp-content\/uploads\/2015\/08\/Luis-Madrid.jpg?resize=400%2C263&amp;ssl=1 400w\" width=\"317\" height=\"208\" loading=\"lazy\" data-original-width=\"317\" data-original-height=\"208\" itemprop=\"http:\/\/schema.org\/image\" title=\"Luis Madrid\" alt=\"Jos\u00e9 Luis Madrid, encargado de las obras de la empresa Maggio Constructora.\" style=\"width: 317px; height: 208px;\" \/> <\/a> <div class=\"tiled-gallery-caption\" itemprop=\"caption description\"> Jos\u00e9 Luis Madrid, encargado de las obras de la empresa Maggio Constructora. <\/div> <\/div> <\/div> <!-- close group --> <div class=\"gallery-group images-1\" style=\"width: 319px; height: 212px;\" data-original-width=\"319\" data-original-height=\"212\" > <div class=\"tiled-gallery-item tiled-gallery-item-large\" itemprop=\"associatedMedia\" itemscope itemtype=\"http:\/\/schema.org\/ImageObject\"> <a href=\"https:\/\/eltrabajo.cl\/portal\/gran-expectacion-por-hallazgo-de-huesos-en-faenas-de-avenida-yungay\/huesos1\/\" border=\"0\" itemprop=\"url\"> <meta itemprop=\"width\" content=\"315\"> <meta itemprop=\"height\" content=\"208\"> <img decoding=\"async\" class=\"\" data-attachment-id=\"61317\" data-orig-file=\"https:\/\/eltrabajo.cl\/portal\/wp-content\/uploads\/2015\/08\/Huesos1.jpg\" data-orig-size=\"530,350\" data-comments-opened=\"1\" data-image-meta=\"{&quot;aperture&quot;:&quot;0&quot;,&quot;credit&quot;:&quot;&quot;,&quot;camera&quot;:&quot;&quot;,&quot;caption&quot;:&quot;&quot;,&quot;created_timestamp&quot;:&quot;0&quot;,&quot;copyright&quot;:&quot;&quot;,&quot;focal_length&quot;:&quot;0&quot;,&quot;iso&quot;:&quot;0&quot;,&quot;shutter_speed&quot;:&quot;0&quot;,&quot;title&quot;:&quot;&quot;,&quot;orientation&quot;:&quot;0&quot;}\" data-image-title=\"Huesos1\" data-image-description=\"&lt;p&gt;LOS HUESOS.- Esta es la dimensi\u00f3n del tama\u00f1o de los huesos, en comparaci\u00f3n a una mano humana.&lt;\/p&gt; \" data-medium-file=\"https:\/\/i0.wp.com\/eltrabajo.cl\/portal\/wp-content\/uploads\/2015\/08\/Huesos1.jpg?fit=300%2C198&#038;ssl=1\" data-large-file=\"https:\/\/i0.wp.com\/eltrabajo.cl\/portal\/wp-content\/uploads\/2015\/08\/Huesos1.jpg?fit=530%2C350&#038;ssl=1\" src=\"https:\/\/i0.wp.com\/eltrabajo.cl\/portal\/wp-content\/uploads\/2015\/08\/Huesos1.jpg?w=315&#038;h=208&#038;ssl=1\" srcset=\"https:\/\/i0.wp.com\/eltrabajo.cl\/portal\/wp-content\/uploads\/2015\/08\/Huesos1.jpg?w=530&amp;ssl=1 530w, https:\/\/i0.wp.com\/eltrabajo.cl\/portal\/wp-content\/uploads\/2015\/08\/Huesos1.jpg?resize=200%2C132&amp;ssl=1 200w, https:\/\/i0.wp.com\/eltrabajo.cl\/portal\/wp-content\/uploads\/2015\/08\/Huesos1.jpg?resize=300%2C198&amp;ssl=1 300w, https:\/\/i0.wp.com\/eltrabajo.cl\/portal\/wp-content\/uploads\/2015\/08\/Huesos1.jpg?resize=227%2C150&amp;ssl=1 227w, https:\/\/i0.wp.com\/eltrabajo.cl\/portal\/wp-content\/uploads\/2015\/08\/Huesos1.jpg?resize=400%2C264&amp;ssl=1 400w\" width=\"315\" height=\"208\" loading=\"lazy\" data-original-width=\"315\" data-original-height=\"208\" itemprop=\"http:\/\/schema.org\/image\" title=\"Huesos1\" alt=\"LOS HUESOS.- Esta es la dimensi\u00f3n del tama\u00f1o de los huesos, en comparaci\u00f3n a una mano humana.\" style=\"width: 315px; height: 208px;\" \/> <\/a> <div class=\"tiled-gallery-caption\" itemprop=\"caption description\"> LOS HUESOS.- Esta es la dimensi\u00f3n del tama\u00f1o de los huesos, en comparaci\u00f3n a una mano humana. <\/div> <\/div> <\/div> <!-- close group --> <\/div> <!-- close row --> <\/div>\n","protected":false},"excerpt":{"rendered":"<p>Todo un enigma por resolver fue durante algunas horas, al menos para quienes no son expertos en medicina forense, varios huesos hallados en una de las excavaciones de construcci\u00f3n de nuevas veredas&#8230;<\/p>\n","protected":false},"author":482,"featured_media":61314,"comment_status":"open","ping_status":"open","sticky":false,"template":"","format":"standard","meta":{"advanced_seo_description":"","jetpack_seo_html_title":"","jetpack_seo_noindex":false,"_jetpack_memberships_contains_paid_content":false,"footnotes":""},"categories":[21],"tags":[],"class_list":["post-61313","post","type-post","status-publish","format-standard","has-post-thumbnail","hentry","category-policial"],"jetpack_featured_media_url":"https:\/\/i0.wp.com\/eltrabajo.cl\/portal\/wp-content\/uploads\/2015\/08\/Escena1.jpg?fit=530%2C350&ssl=1","jetpack_sharing_enabled":true,"jetpack_likes_enabled":true,"jetpack-related-posts":[],"_links":{"self":[{"href":"https:\/\/eltrabajo.cl\/portal\/wp-json\/wp\/v2\/posts\/61313","targetHints":{"allow":["GET"]}}],"collection":[{"href":"https:\/\/eltrabajo.cl\/portal\/wp-json\/wp\/v2\/posts"}],"about":[{"href":"https:\/\/eltrabajo.cl\/portal\/wp-json\/wp\/v2\/types\/post"}],"author":[{"embeddable":true,"href":"https:\/\/eltrabajo.cl\/portal\/wp-json\/wp\/v2\/users\/482"}],"replies":[{"embeddable":true,"href":"https:\/\/eltrabajo.cl\/portal\/wp-json\/wp\/v2\/comments?post=61313"}],"version-history":[{"count":0,"href":"https:\/\/eltrabajo.cl\/portal\/wp-json\/wp\/v2\/posts\/61313\/revisions"}],"wp:featuredmedia":[{"embeddable":true,"href":"https:\/\/eltrabajo.cl\/portal\/wp-json\/wp\/v2\/media\/61314"}],"wp:attachment":[{"href":"https:\/\/eltrabajo.cl\/portal\/wp-json\/wp\/v2\/media?parent=61313"}],"wp:term":[{"taxonomy":"category","embeddable":true,"href":"https:\/\/eltrabajo.cl\/portal\/wp-json\/wp\/v2\/categories?post=61313"},{"taxonomy":"post_tag","embeddable":true,"href":"https:\/\/eltrabajo.cl\/portal\/wp-json\/wp\/v2\/tags?post=61313"}],"curies":[{"name":"wp","href":"https:\/\/api.w.org\/{rel}","templated":true}]}}