{"id":61319,"date":"2015-08-25T09:47:31","date_gmt":"2015-08-25T12:47:31","guid":{"rendered":"http:\/\/www.eltrabajo.cl\/portal\/?p=61319"},"modified":"2015-08-25T09:47:31","modified_gmt":"2015-08-25T12:47:31","slug":"argentino-sera-expulsado-de-chile-tras-cometer-robo-en-san-felipe","status":"publish","type":"post","link":"https:\/\/eltrabajo.cl\/portal\/argentino-sera-expulsado-de-chile-tras-cometer-robo-en-san-felipe\/","title":{"rendered":"Argentino ser\u00e1 expulsado de Chile tras cometer robo en San Felipe"},"content":{"rendered":"<figure id=\"attachment_61320\" aria-describedby=\"caption-attachment-61320\" style=\"width: 300px\" class=\"wp-caption alignleft\"><a href=\"https:\/\/i0.wp.com\/www.eltrabajo.cl\/portal\/wp-content\/uploads\/2015\/08\/Franco-Suarez-Argentino.jpg\"><img data-recalc-dims=\"1\" loading=\"lazy\" decoding=\"async\" class=\"wp-image-61320 size-medium\" src=\"https:\/\/i0.wp.com\/www.eltrabajo.cl\/portal\/wp-content\/uploads\/2015\/08\/Franco-Suarez-Argentino-300x199.jpg?resize=300%2C199\" alt=\"El ciudadano argentino residente en la comuna de San Felipe, ser\u00e1 expulsado de Chile por orden del Tribunal Oral en Lo Penal de esta comuna, prohibiendo su reingreso por un plazo de 10 a\u00f1os. \" width=\"300\" height=\"199\" srcset=\"https:\/\/i0.wp.com\/eltrabajo.cl\/portal\/wp-content\/uploads\/2015\/08\/Franco-Suarez-Argentino.jpg?resize=300%2C199&amp;ssl=1 300w, https:\/\/i0.wp.com\/eltrabajo.cl\/portal\/wp-content\/uploads\/2015\/08\/Franco-Suarez-Argentino.jpg?resize=200%2C133&amp;ssl=1 200w, https:\/\/i0.wp.com\/eltrabajo.cl\/portal\/wp-content\/uploads\/2015\/08\/Franco-Suarez-Argentino.jpg?resize=226%2C150&amp;ssl=1 226w, https:\/\/i0.wp.com\/eltrabajo.cl\/portal\/wp-content\/uploads\/2015\/08\/Franco-Suarez-Argentino.jpg?resize=400%2C265&amp;ssl=1 400w, https:\/\/i0.wp.com\/eltrabajo.cl\/portal\/wp-content\/uploads\/2015\/08\/Franco-Suarez-Argentino.jpg?w=528&amp;ssl=1 528w\" sizes=\"auto, (max-width: 300px) 100vw, 300px\" \/><\/a><figcaption id=\"caption-attachment-61320\" class=\"wp-caption-text\">El ciudadano argentino residente en la comuna de San Felipe, ser\u00e1 expulsado de Chile por orden del Tribunal Oral en Lo Penal de esta comuna, prohibiendo su reingreso por un plazo de 10 a\u00f1os.<\/figcaption><\/figure>\n<ul>\n<li><strong>El Tribunal Oral en Lo Penal de San Felipe orden\u00f3 la expulsi\u00f3n del territorio nacional a un ciudadano argentino por el robo frustrado cometido en la villa El Carmen de esta comuna. En tanto un sanfelipe\u00f1o c\u00f3mplice de este il\u00edcito deber\u00e1 permanecer 5 a\u00f1os y un d\u00eda en la c\u00e1rcel.<\/strong><\/li>\n<\/ul>\n<p>Por un plazo de diez a\u00f1os fue expulsado del territorio nacional el ciudadano argentino identificado como Franco Nicol\u00e1s Su\u00e1rez Fern\u00e1ndez, quien junto al chileno Salvador Juli\u00e1n Astorga Alfaro cometieron un robo al interior de una vivienda de la villa El Carmen de San Felipe. Astorga Alfaro fue sentenciado a cumplir la pena de cinco a\u00f1os y un d\u00eda de c\u00e1rcel efectiva, determin\u00f3 el Tribunal Oral en Lo Penal de San Felipe.<br \/>\nConforme a la decisi\u00f3n de la terna de jueces, el condenado Su\u00e1rez Fern\u00e1ndez fue sentenciado a la pena de tres a\u00f1os y un d\u00eda por el delito de robo en lugar habitado en grado de frustrado, orden\u00e1ndose la extradici\u00f3n a su pa\u00eds de origen, Argentina, por medio del Departamento de Extranjer\u00eda del Ministerio del Interior y la Polic\u00eda Internacional de Investigaciones de Chile, quienes dentro del plazo de 90 d\u00edas deber\u00e1n ejecutar la expulsi\u00f3n del condenado.<br \/>\nLa Fiscal a cargo de este caso, Gabriela Fuenzalida, explic\u00f3 a Diario El Trabajo que desde el momento que esta sentencia quede firme y ejecutoriada, el condenado no podr\u00e1 regresar a nuestro pa\u00eds por un plazo de diez a\u00f1os: \u00abEn el caso que esta persona vuelva a Chile se le revocar\u00e1 el beneficio y deber\u00e1 cumplir la condena de manera efectiva en nuestro pa\u00eds\u00bb, se\u00f1al\u00f3 la persecutora.<br \/>\nComo se recordar\u00e1, la Fiscal\u00eda llev\u00f3 a juicio a ambos imputados por los hechos ocurridos el pasado 22 de noviembre del a\u00f1o 2014, cuando a eso de 05:30 horas de la madrugada, los antisociales Astorga Alfaro y Su\u00e1rez Fern\u00e1ndez irrumpieron al interior de un inmueble ubicado en calle Ciudad de Mendoza de la villa El Carmen de San Felipe, utilizando la fuerza para robar un notebook.<br \/>\nEn esos instantes, el propietario de la vivienda despert\u00f3 con los ruidos producidos por los delincuentes, descubriendo la identidad de \u00e9stos, quienes al advertir su presencia huyeron dejando la especie en el mismo lugar, escapando en direcci\u00f3n desconocida. Minutos m\u00e1s tarde Carabineros logr\u00f3 su captura, siendo posteriormente procesados por la justicia, quedando privados de libertad hasta la fecha.<br \/>\nConcluido el juicio en el Tribunal Oral de San Felipe la semana pasada, la sentencia detalla que, en el caso del chileno Salvador Astorga Alfaro, deber\u00e1 cumplir una condena de cinco a\u00f1os y un d\u00eda en la c\u00e1rcel por el delito de robo en lugar habitado en grado de frustrado.<br \/>\nLa Fiscal\u00eda se mostr\u00f3 conforme con la sentencia impuesta por el Tribunal tras las pruebas presentadas que acreditaron en definitiva la participaci\u00f3n de ambos sentenciados: \u00abEn el caso del ciudadano chileno la sentencia descuenta los d\u00edas que ha permanecido privado de libertad, es decir desde el d\u00eda de los hechos el 22 de noviembre del 2014\u00bb.<br \/>\nPor su parte, la Defensa de los actuales condenados podr\u00e1 presentar dentro del plazo de diez d\u00edas un eventual recurso de nulidad del juicio.<br \/>\n<strong>Pablo Salinas Sald\u00edas<\/strong><\/p>\n<div class=\"tiled-gallery type-rectangular tiled-gallery-unresized\" data-original-width=\"640\" data-carousel-extra='null' itemscope itemtype=\"http:\/\/schema.org\/ImageGallery\" > <div class=\"gallery-row\" style=\"width: 640px; height: 213px;\" data-original-width=\"640\" data-original-height=\"213\" > <div class=\"gallery-group images-1\" style=\"width: 319px; height: 213px;\" data-original-width=\"319\" data-original-height=\"213\" > <div class=\"tiled-gallery-item tiled-gallery-item-large\" itemprop=\"associatedMedia\" itemscope itemtype=\"http:\/\/schema.org\/ImageObject\"> <a href=\"https:\/\/eltrabajo.cl\/portal\/argentino-sera-expulsado-de-chile-tras-cometer-robo-en-san-felipe\/salvador-astorga-alfaro-chileno\/\" border=\"0\" itemprop=\"url\"> <meta itemprop=\"width\" content=\"315\"> <meta itemprop=\"height\" content=\"209\"> <img decoding=\"async\" class=\"\" data-attachment-id=\"61322\" data-orig-file=\"https:\/\/eltrabajo.cl\/portal\/wp-content\/uploads\/2015\/08\/Salvador-Astorga-Alfaro-chileno.jpg\" data-orig-size=\"528,350\" data-comments-opened=\"1\" data-image-meta=\"{&quot;aperture&quot;:&quot;0&quot;,&quot;credit&quot;:&quot;&quot;,&quot;camera&quot;:&quot;&quot;,&quot;caption&quot;:&quot;&quot;,&quot;created_timestamp&quot;:&quot;0&quot;,&quot;copyright&quot;:&quot;&quot;,&quot;focal_length&quot;:&quot;0&quot;,&quot;iso&quot;:&quot;0&quot;,&quot;shutter_speed&quot;:&quot;0&quot;,&quot;title&quot;:&quot;&quot;,&quot;orientation&quot;:&quot;0&quot;}\" data-image-title=\"Salvador Astorga Alfaro chileno\" data-image-description=\"&lt;p&gt;Salvador Astorga Alfaro fue sentenciado a la pena de 5 a\u00f1os y un d\u00eda de c\u00e1rcel por su participaci\u00f3n en el robo frustrado en una vivienda de la Villa El Carmen de San Felipe, el 22 de noviembre de 2014.&lt;\/p&gt; \" data-medium-file=\"https:\/\/i0.wp.com\/eltrabajo.cl\/portal\/wp-content\/uploads\/2015\/08\/Salvador-Astorga-Alfaro-chileno.jpg?fit=300%2C199&#038;ssl=1\" data-large-file=\"https:\/\/i0.wp.com\/eltrabajo.cl\/portal\/wp-content\/uploads\/2015\/08\/Salvador-Astorga-Alfaro-chileno.jpg?fit=528%2C350&#038;ssl=1\" src=\"https:\/\/i0.wp.com\/eltrabajo.cl\/portal\/wp-content\/uploads\/2015\/08\/Salvador-Astorga-Alfaro-chileno.jpg?w=315&#038;h=209&#038;ssl=1\" srcset=\"https:\/\/i0.wp.com\/eltrabajo.cl\/portal\/wp-content\/uploads\/2015\/08\/Salvador-Astorga-Alfaro-chileno.jpg?w=528&amp;ssl=1 528w, https:\/\/i0.wp.com\/eltrabajo.cl\/portal\/wp-content\/uploads\/2015\/08\/Salvador-Astorga-Alfaro-chileno.jpg?resize=200%2C133&amp;ssl=1 200w, https:\/\/i0.wp.com\/eltrabajo.cl\/portal\/wp-content\/uploads\/2015\/08\/Salvador-Astorga-Alfaro-chileno.jpg?resize=300%2C199&amp;ssl=1 300w, https:\/\/i0.wp.com\/eltrabajo.cl\/portal\/wp-content\/uploads\/2015\/08\/Salvador-Astorga-Alfaro-chileno.jpg?resize=226%2C150&amp;ssl=1 226w, https:\/\/i0.wp.com\/eltrabajo.cl\/portal\/wp-content\/uploads\/2015\/08\/Salvador-Astorga-Alfaro-chileno.jpg?resize=400%2C265&amp;ssl=1 400w\" width=\"315\" height=\"209\" loading=\"lazy\" data-original-width=\"315\" data-original-height=\"209\" itemprop=\"http:\/\/schema.org\/image\" title=\"Salvador Astorga Alfaro chileno\" alt=\"Salvador Astorga Alfaro fue sentenciado a la pena de 5 a\u00f1os y un d\u00eda de c\u00e1rcel por su participaci\u00f3n en el robo frustrado en una vivienda de la Villa El Carmen de San Felipe, el 22 de noviembre de 2014.\" style=\"width: 315px; height: 209px;\" \/> <\/a> <div class=\"tiled-gallery-caption\" itemprop=\"caption description\"> Salvador Astorga Alfaro fue sentenciado a la pena de 5 a\u00f1os y un d\u00eda de c\u00e1rcel por su participaci\u00f3n en el robo frustrado en una vivienda de la Villa El Carmen de San Felipe, el 22 de noviembre de 2014. <\/div> <\/div> <\/div> <!-- close group --> <div class=\"gallery-group images-1\" style=\"width: 321px; height: 213px;\" data-original-width=\"321\" data-original-height=\"213\" > <div class=\"tiled-gallery-item tiled-gallery-item-large\" itemprop=\"associatedMedia\" itemscope itemtype=\"http:\/\/schema.org\/ImageObject\"> <a href=\"https:\/\/eltrabajo.cl\/portal\/argentino-sera-expulsado-de-chile-tras-cometer-robo-en-san-felipe\/fiscal-gabriela-fuenzalida-3\/\" border=\"0\" itemprop=\"url\"> <meta itemprop=\"width\" content=\"317\"> <meta itemprop=\"height\" content=\"209\"> <img decoding=\"async\" class=\"\" data-attachment-id=\"61321\" data-orig-file=\"https:\/\/eltrabajo.cl\/portal\/wp-content\/uploads\/2015\/08\/Fiscal-Gabriela-Fuenzalida1.jpg\" data-orig-size=\"530,349\" data-comments-opened=\"1\" data-image-meta=\"{&quot;aperture&quot;:&quot;0&quot;,&quot;credit&quot;:&quot;&quot;,&quot;camera&quot;:&quot;&quot;,&quot;caption&quot;:&quot;&quot;,&quot;created_timestamp&quot;:&quot;0&quot;,&quot;copyright&quot;:&quot;&quot;,&quot;focal_length&quot;:&quot;0&quot;,&quot;iso&quot;:&quot;0&quot;,&quot;shutter_speed&quot;:&quot;0&quot;,&quot;title&quot;:&quot;&quot;,&quot;orientation&quot;:&quot;0&quot;}\" data-image-title=\"Fiscal Gabriela Fuenzalida\" data-image-description=\"&lt;p&gt;La fiscal del Ministerio P\u00fablico de San Felipe, Gabriela Fuenzalida se mostr\u00f3 conforme con la sentencia impuesta por el Tribunal tras haber demostrado con pruebas la participaci\u00f3n de ambos condenados por el delito de robo.&lt;\/p&gt; \" data-medium-file=\"https:\/\/i0.wp.com\/eltrabajo.cl\/portal\/wp-content\/uploads\/2015\/08\/Fiscal-Gabriela-Fuenzalida1.jpg?fit=300%2C198&#038;ssl=1\" data-large-file=\"https:\/\/i0.wp.com\/eltrabajo.cl\/portal\/wp-content\/uploads\/2015\/08\/Fiscal-Gabriela-Fuenzalida1.jpg?fit=530%2C349&#038;ssl=1\" src=\"https:\/\/i0.wp.com\/eltrabajo.cl\/portal\/wp-content\/uploads\/2015\/08\/Fiscal-Gabriela-Fuenzalida1.jpg?w=317&#038;h=209&#038;ssl=1\" srcset=\"https:\/\/i0.wp.com\/eltrabajo.cl\/portal\/wp-content\/uploads\/2015\/08\/Fiscal-Gabriela-Fuenzalida1.jpg?w=530&amp;ssl=1 530w, https:\/\/i0.wp.com\/eltrabajo.cl\/portal\/wp-content\/uploads\/2015\/08\/Fiscal-Gabriela-Fuenzalida1.jpg?resize=200%2C132&amp;ssl=1 200w, https:\/\/i0.wp.com\/eltrabajo.cl\/portal\/wp-content\/uploads\/2015\/08\/Fiscal-Gabriela-Fuenzalida1.jpg?resize=300%2C198&amp;ssl=1 300w, https:\/\/i0.wp.com\/eltrabajo.cl\/portal\/wp-content\/uploads\/2015\/08\/Fiscal-Gabriela-Fuenzalida1.jpg?resize=228%2C150&amp;ssl=1 228w, https:\/\/i0.wp.com\/eltrabajo.cl\/portal\/wp-content\/uploads\/2015\/08\/Fiscal-Gabriela-Fuenzalida1.jpg?resize=400%2C263&amp;ssl=1 400w\" width=\"317\" height=\"209\" loading=\"lazy\" data-original-width=\"317\" data-original-height=\"209\" itemprop=\"http:\/\/schema.org\/image\" title=\"Fiscal Gabriela Fuenzalida\" alt=\"La fiscal del Ministerio P\u00fablico de San Felipe, Gabriela Fuenzalida se mostr\u00f3 conforme con la sentencia impuesta por el Tribunal tras haber demostrado con pruebas la participaci\u00f3n de ambos condenados por el delito de robo.\" style=\"width: 317px; height: 209px;\" \/> <\/a> <div class=\"tiled-gallery-caption\" itemprop=\"caption description\"> La fiscal del Ministerio P\u00fablico de San Felipe, Gabriela Fuenzalida se mostr\u00f3 conforme con la sentencia impuesta por el Tribunal tras haber demostrado con pruebas la participaci\u00f3n de ambos condenados por el delito de robo. <\/div> <\/div> <\/div> <!-- close group --> <\/div> <!-- close row --> <\/div>\n","protected":false},"excerpt":{"rendered":"<p>El Tribunal Oral en Lo Penal de San Felipe orden\u00f3 la expulsi\u00f3n del territorio nacional a un ciudadano argentino por el robo frustrado cometido en la villa El Carmen de esta comuna&#8230;.<\/p>\n","protected":false},"author":482,"featured_media":61320,"comment_status":"open","ping_status":"open","sticky":false,"template":"","format":"standard","meta":{"advanced_seo_description":"","jetpack_seo_html_title":"","jetpack_seo_noindex":false,"_jetpack_memberships_contains_paid_content":false,"footnotes":""},"categories":[21],"tags":[],"class_list":["post-61319","post","type-post","status-publish","format-standard","has-post-thumbnail","hentry","category-policial"],"jetpack_featured_media_url":"https:\/\/i0.wp.com\/eltrabajo.cl\/portal\/wp-content\/uploads\/2015\/08\/Franco-Suarez-Argentino.jpg?fit=528%2C350&ssl=1","jetpack_sharing_enabled":true,"jetpack_likes_enabled":true,"jetpack-related-posts":[],"_links":{"self":[{"href":"https:\/\/eltrabajo.cl\/portal\/wp-json\/wp\/v2\/posts\/61319","targetHints":{"allow":["GET"]}}],"collection":[{"href":"https:\/\/eltrabajo.cl\/portal\/wp-json\/wp\/v2\/posts"}],"about":[{"href":"https:\/\/eltrabajo.cl\/portal\/wp-json\/wp\/v2\/types\/post"}],"author":[{"embeddable":true,"href":"https:\/\/eltrabajo.cl\/portal\/wp-json\/wp\/v2\/users\/482"}],"replies":[{"embeddable":true,"href":"https:\/\/eltrabajo.cl\/portal\/wp-json\/wp\/v2\/comments?post=61319"}],"version-history":[{"count":0,"href":"https:\/\/eltrabajo.cl\/portal\/wp-json\/wp\/v2\/posts\/61319\/revisions"}],"wp:featuredmedia":[{"embeddable":true,"href":"https:\/\/eltrabajo.cl\/portal\/wp-json\/wp\/v2\/media\/61320"}],"wp:attachment":[{"href":"https:\/\/eltrabajo.cl\/portal\/wp-json\/wp\/v2\/media?parent=61319"}],"wp:term":[{"taxonomy":"category","embeddable":true,"href":"https:\/\/eltrabajo.cl\/portal\/wp-json\/wp\/v2\/categories?post=61319"},{"taxonomy":"post_tag","embeddable":true,"href":"https:\/\/eltrabajo.cl\/portal\/wp-json\/wp\/v2\/tags?post=61319"}],"curies":[{"name":"wp","href":"https:\/\/api.w.org\/{rel}","templated":true}]}}