{"id":6132,"date":"2011-11-15T09:13:01","date_gmt":"2011-11-15T13:13:01","guid":{"rendered":"http:\/\/www.eltrabajo.cl\/portal\/?p=6132"},"modified":"2011-11-15T09:13:02","modified_gmt":"2011-11-15T13:13:02","slug":"vecinos-de-las-acacias-i-realizan-operativo-de-limpieza-en-el-estero-quilpue","status":"publish","type":"post","link":"https:\/\/eltrabajo.cl\/portal\/vecinos-de-las-acacias-i-realizan-operativo-de-limpieza-en-el-estero-quilpue\/","title":{"rendered":"Vecinos de Las Acacias I realizan operativo de limpieza en el estero Quilpu\u00e9"},"content":{"rendered":"<figure id=\"attachment_6134\" aria-describedby=\"caption-attachment-6134\" style=\"width: 600px\" class=\"wp-caption alignnone\"><a href=\"http:\/\/www.eltrabajo.cl\/portal\/archives\/6132\/operativo-de-limpieza\" rel=\"attachment wp-att-6134\"><img data-recalc-dims=\"1\" loading=\"lazy\" decoding=\"async\" class=\"size-full wp-image-6134\" title=\"operativo de limpieza\" src=\"https:\/\/i0.wp.com\/www.eltrabajo.cl\/portal\/wp-content\/uploads\/2011\/11\/operativo-de-limpieza.jpg?resize=600%2C425\" alt=\"\" width=\"600\" height=\"425\" srcset=\"https:\/\/i0.wp.com\/eltrabajo.cl\/portal\/wp-content\/uploads\/2011\/11\/operativo-de-limpieza.jpg?w=600&amp;ssl=1 600w, https:\/\/i0.wp.com\/eltrabajo.cl\/portal\/wp-content\/uploads\/2011\/11\/operativo-de-limpieza.jpg?resize=200%2C141&amp;ssl=1 200w, https:\/\/i0.wp.com\/eltrabajo.cl\/portal\/wp-content\/uploads\/2011\/11\/operativo-de-limpieza.jpg?resize=300%2C212&amp;ssl=1 300w, https:\/\/i0.wp.com\/eltrabajo.cl\/portal\/wp-content\/uploads\/2011\/11\/operativo-de-limpieza.jpg?resize=150%2C106&amp;ssl=1 150w, https:\/\/i0.wp.com\/eltrabajo.cl\/portal\/wp-content\/uploads\/2011\/11\/operativo-de-limpieza.jpg?resize=400%2C283&amp;ssl=1 400w\" sizes=\"auto, (max-width: 600px) 100vw, 600px\" \/><\/a><figcaption id=\"caption-attachment-6134\" class=\"wp-caption-text\">Decenas de vecinos se motivaron a participar y llegaron con palas y rastrillos a limpiar el lugar, que es un foco de delincuencia, dicen los habitantes de estas poblaciones.<\/figcaption><\/figure>\n<p><strong>Pobladores se\u00f1alan que es un foco de inseguridad, por ello decidieron ocuparse ellos mismos del problema<\/strong><\/p>\n<p>Con la idea de mejorar el entorno y as\u00ed tener una sensaci\u00f3n de mayor seguridad, los vecinos de la villa Las Acacias I llegaron hasta el sector del estero de Quilpu\u00e9 para realizar un operativo de limpieza del sector.<\/p>\n<p>Desde las 9 de la ma\u00f1ana, las decenas de vecinos, acompa\u00f1ados por ni\u00f1os del sector, llegaron premunidos de palas y rastrillos principalmente, herramientas que utilizaron para limpiar el sector de una serie de desperdicios que la gente ha ido dejando en el lugar.<\/p>\n<p>Los vecinos hace un tiempo hab\u00edan manifestado al municipio que el estero les generaba inseguridad, debido a que el sector se hab\u00eda convertido en un micro basural, y que algunas personas lo utilizaban para pernoctar, tomar alcohol y vender drogas.<\/p>\n<p>Ante eso, se sugiri\u00f3 que hab\u00eda que hacer un operativo de desmalezamiento y limpieza.<\/p>\n<p>La actividad fue organizada por la junta de vecino de ese sector, encabezada por Jessica Leiva Contreras, su presidenta, quien se mostr\u00f3 conforme con la participaci\u00f3n, aunque esperaba una mayor convocatoria, ya que el operativo iba en directo beneficio de los mismos vecinos del sector.<\/p>\n<p>\u00abAnotamos a mucha gente que estaba comprometida, pero esto es un foco de delincuencia, al limpiar esto, al sacar las ramas grandes, al desalojar, porque al tener cosas de casa los delincuentes se ponen aqu\u00ed a vivir y venden droga y todo. Hab\u00edan lavadoras, y unas personas viviendo, entonces ha servido harto y que los ni\u00f1os vengan a ayudar es bueno para ellos, porque les ayuda a cuidar su medio ambiente\u00bb.<\/p>\n<p>Una de las j\u00f3venes participantes fue Claudia Lazo, quien lleg\u00f3 a colaborar junto a su grupo de amigas.<\/p>\n<p>Claudia vive cerca de este sector, y se motiv\u00f3 a ser parte del operativo como una forma de mejorar el medio ambiente donde ella vive.<\/p>\n<p>\u00abFueron a dar una invitaci\u00f3n al colegio y nos inscribimos voluntariamente y vinimos con mis compa\u00f1eras y ahora estamos trabajando. Lo encuentro s\u00faper bueno, porque as\u00ed uno cuida el medio ambiente, no bota m\u00e1s basura y no contamina. Me interesa trabajar por el medio ambiente, porque as\u00ed uno cuida nuestro patrimonio\u00bb.<\/p>\n","protected":false},"excerpt":{"rendered":"<p>Pobladores se\u00f1alan que es un foco de inseguridad, por ello decidieron ocuparse ellos mismos del problema Con la idea de mejorar el entorno y as\u00ed tener una sensaci\u00f3n de mayor seguridad, los&#8230;<\/p>\n","protected":false},"author":482,"featured_media":6133,"comment_status":"open","ping_status":"open","sticky":false,"template":"","format":"standard","meta":{"advanced_seo_description":"","jetpack_seo_html_title":"","jetpack_seo_noindex":false,"_jetpack_memberships_contains_paid_content":false,"footnotes":""},"categories":[15],"tags":[],"class_list":["post-6132","post","type-post","status-publish","format-standard","has-post-thumbnail","hentry","category-comunidad"],"jetpack_featured_media_url":"https:\/\/i0.wp.com\/eltrabajo.cl\/portal\/wp-content\/uploads\/2011\/11\/operativo-de-limpieza-3.jpg?fit=600%2C450&ssl=1","jetpack_sharing_enabled":true,"jetpack_likes_enabled":true,"jetpack-related-posts":[],"_links":{"self":[{"href":"https:\/\/eltrabajo.cl\/portal\/wp-json\/wp\/v2\/posts\/6132","targetHints":{"allow":["GET"]}}],"collection":[{"href":"https:\/\/eltrabajo.cl\/portal\/wp-json\/wp\/v2\/posts"}],"about":[{"href":"https:\/\/eltrabajo.cl\/portal\/wp-json\/wp\/v2\/types\/post"}],"author":[{"embeddable":true,"href":"https:\/\/eltrabajo.cl\/portal\/wp-json\/wp\/v2\/users\/482"}],"replies":[{"embeddable":true,"href":"https:\/\/eltrabajo.cl\/portal\/wp-json\/wp\/v2\/comments?post=6132"}],"version-history":[{"count":0,"href":"https:\/\/eltrabajo.cl\/portal\/wp-json\/wp\/v2\/posts\/6132\/revisions"}],"wp:featuredmedia":[{"embeddable":true,"href":"https:\/\/eltrabajo.cl\/portal\/wp-json\/wp\/v2\/media\/6133"}],"wp:attachment":[{"href":"https:\/\/eltrabajo.cl\/portal\/wp-json\/wp\/v2\/media?parent=6132"}],"wp:term":[{"taxonomy":"category","embeddable":true,"href":"https:\/\/eltrabajo.cl\/portal\/wp-json\/wp\/v2\/categories?post=6132"},{"taxonomy":"post_tag","embeddable":true,"href":"https:\/\/eltrabajo.cl\/portal\/wp-json\/wp\/v2\/tags?post=6132"}],"curies":[{"name":"wp","href":"https:\/\/api.w.org\/{rel}","templated":true}]}}