{"id":61333,"date":"2015-08-26T09:30:34","date_gmt":"2015-08-26T12:30:34","guid":{"rendered":"http:\/\/www.eltrabajo.cl\/portal\/?p=61333"},"modified":"2015-08-26T09:30:34","modified_gmt":"2015-08-26T12:30:34","slug":"comienza-taller-de-alfabetizacion-de-programa-contigo-aprendo-en-rinconada","status":"publish","type":"post","link":"https:\/\/eltrabajo.cl\/portal\/comienza-taller-de-alfabetizacion-de-programa-contigo-aprendo-en-rinconada\/","title":{"rendered":"Comienza taller de alfabetizaci\u00f3n de programa \u2018Contigo aprendo\u2019 en Rinconada"},"content":{"rendered":"<figure id=\"attachment_61334\" aria-describedby=\"caption-attachment-61334\" style=\"width: 300px\" class=\"wp-caption alignleft\"><a href=\"https:\/\/i0.wp.com\/www.eltrabajo.cl\/portal\/wp-content\/uploads\/2015\/08\/TALLER-DE-ALFABETIZACI%C3%93N-EN-VILLA-AUCO.jpg\"><img data-recalc-dims=\"1\" loading=\"lazy\" decoding=\"async\" class=\"wp-image-61334 size-medium\" src=\"https:\/\/i0.wp.com\/www.eltrabajo.cl\/portal\/wp-content\/uploads\/2015\/08\/TALLER-DE-ALFABETIZACI%C3%93N-EN-VILLA-AUCO-300x198.jpg?resize=300%2C198\" alt=\"Diversas juntas de vecinos rinconadinas est\u00e1n desarrollando los talleres de alfabetizaci\u00f3n para personas que deseen terminar cuarto a\u00f1o b\u00e1sico.  \" width=\"300\" height=\"198\" srcset=\"https:\/\/i0.wp.com\/eltrabajo.cl\/portal\/wp-content\/uploads\/2015\/08\/TALLER-DE-ALFABETIZACI%C3%93N-EN-VILLA-AUCO.jpg?resize=300%2C198&amp;ssl=1 300w, https:\/\/i0.wp.com\/eltrabajo.cl\/portal\/wp-content\/uploads\/2015\/08\/TALLER-DE-ALFABETIZACI%C3%93N-EN-VILLA-AUCO.jpg?resize=200%2C132&amp;ssl=1 200w, https:\/\/i0.wp.com\/eltrabajo.cl\/portal\/wp-content\/uploads\/2015\/08\/TALLER-DE-ALFABETIZACI%C3%93N-EN-VILLA-AUCO.jpg?resize=228%2C150&amp;ssl=1 228w, https:\/\/i0.wp.com\/eltrabajo.cl\/portal\/wp-content\/uploads\/2015\/08\/TALLER-DE-ALFABETIZACI%C3%93N-EN-VILLA-AUCO.jpg?resize=400%2C263&amp;ssl=1 400w, https:\/\/i0.wp.com\/eltrabajo.cl\/portal\/wp-content\/uploads\/2015\/08\/TALLER-DE-ALFABETIZACI%C3%93N-EN-VILLA-AUCO.jpg?w=530&amp;ssl=1 530w\" sizes=\"auto, (max-width: 300px) 100vw, 300px\" \/><\/a><figcaption id=\"caption-attachment-61334\" class=\"wp-caption-text\">Diversas juntas de vecinos rinconadinas est\u00e1n desarrollando los talleres de alfabetizaci\u00f3n para personas que deseen terminar cuarto a\u00f1o b\u00e1sico.<\/figcaption><\/figure>\n<ul>\n<li><strong>Este curso es implementado por el Mineduc y pueden participar de manera gratuita los habitantes de la comuna de Rinconada.<\/strong><\/li>\n<\/ul>\n<p><strong>RINCONADA.<\/strong>&#8211; El alcalde Pedro Caballer\u00eda fue el encargado de dar inicio a las clases de alfabetizaci\u00f3n que se comenzaron a impartir en la comuna y que busca principalmente que la gente mayor y adolescentes puedan obtener su certificado de cuarto b\u00e1sico y adem\u00e1s poder continuar con sus estudios. La m\u00e1xima autoridad de la comuna comenz\u00f3 su recorrido en villa Auco, para luego visitar el grupo perteneciente a la villa Renacer. En otra jornada le corresponder\u00e1 iniciar el taller al grupo del sector G\u00e1lvez y villa Esperanza.<br \/>\n\u201cEsta es una nueva opci\u00f3n para que la gente pueda aprender a leer, a escribir, sumar y restar, y la verdad es que ha tenido muy buena aceptaci\u00f3n, yo veo muy motivados a los vecinos de distintas edades y la verdad es que son desaf\u00edos personales, lograr obtener el cart\u00f3n de ense\u00f1anza b\u00e1sica y tambi\u00e9n hacerle empe\u00f1o a la ense\u00f1anza media. Desde el municipio estamos fortaleciendo este tipo de iniciativas porque sabemos que es muy necesario para adultos mayores y algunos j\u00f3venes de Rinconada\u201d, manifest\u00f3 el alcalde.<br \/>\nLos grupos no deben superar las diez personas, porque se busca que la atenci\u00f3n sea personalizada, ya que no todos ellos llegan con el mismo nivel de aprendizaje. Se les entrega material a cada uno, ya sea material de lecto-escritura y tambi\u00e9n de matem\u00e1ticas, al igual que cada docente cuenta con su material para ir avanzando en las sesiones.<br \/>\nLas clases se imparten dos veces por semana en las sedes de cada sector, se espera que ellos no de desmotiven, sino que todo lo contrario que tengan ganas de aprender y despu\u00e9s ponerse como desafi\u00f3 el terminan la ense\u00f1anza b\u00e1sica y media.<br \/>\nCarolina Mura, asistente social de la Municipalidad de Rinconada, se\u00f1al\u00f3 que \u201cen la comuna tenemos a cuatro grupos que est\u00e1n desarrollando las actividades de alfabetizaci\u00f3n que partieron en mayo y terminan ahora en el mes de noviembre. Pueden participar las personas desde los 15 a\u00f1os y no hay l\u00edmite hacia arriba y tiene que ver con nivelaci\u00f3n de analfabetos, hasta nivelar cuatro b\u00e1sico\u201d.<br \/>\nSe certificar\u00e1 la participaci\u00f3n o haber cursado cuarto a\u00f1o b\u00e1sico, para quienes deseen participar a\u00fan pueden hacerlo, pero tal vez al ingresar tarde no logren el certificado de cuarto b\u00e1sico pero s\u00ed el de participaci\u00f3n en este taller. Adem\u00e1s la flexibilidad de este taller es fundamental, para que las personas que trabajan o realizan otras actividades no tengan excusa para participar en este beneficio gratuito que les servir\u00e1 para su crecimiento personal.<\/p>\n","protected":false},"excerpt":{"rendered":"<p>Este curso es implementado por el Mineduc y pueden participar de manera gratuita los habitantes de la comuna de Rinconada. RINCONADA.&#8211; El alcalde Pedro Caballer\u00eda fue el encargado de dar inicio a&#8230;<\/p>\n","protected":false},"author":482,"featured_media":61334,"comment_status":"open","ping_status":"open","sticky":false,"template":"","format":"standard","meta":{"advanced_seo_description":"","jetpack_seo_html_title":"","jetpack_seo_noindex":false,"_jetpack_memberships_contains_paid_content":false,"footnotes":""},"categories":[15],"tags":[],"class_list":["post-61333","post","type-post","status-publish","format-standard","has-post-thumbnail","hentry","category-comunidad"],"jetpack_featured_media_url":"https:\/\/i0.wp.com\/eltrabajo.cl\/portal\/wp-content\/uploads\/2015\/08\/TALLER-DE-ALFABETIZACI%C3%93N-EN-VILLA-AUCO.jpg?fit=530%2C349&ssl=1","jetpack_sharing_enabled":true,"jetpack_likes_enabled":true,"jetpack-related-posts":[],"_links":{"self":[{"href":"https:\/\/eltrabajo.cl\/portal\/wp-json\/wp\/v2\/posts\/61333","targetHints":{"allow":["GET"]}}],"collection":[{"href":"https:\/\/eltrabajo.cl\/portal\/wp-json\/wp\/v2\/posts"}],"about":[{"href":"https:\/\/eltrabajo.cl\/portal\/wp-json\/wp\/v2\/types\/post"}],"author":[{"embeddable":true,"href":"https:\/\/eltrabajo.cl\/portal\/wp-json\/wp\/v2\/users\/482"}],"replies":[{"embeddable":true,"href":"https:\/\/eltrabajo.cl\/portal\/wp-json\/wp\/v2\/comments?post=61333"}],"version-history":[{"count":0,"href":"https:\/\/eltrabajo.cl\/portal\/wp-json\/wp\/v2\/posts\/61333\/revisions"}],"wp:featuredmedia":[{"embeddable":true,"href":"https:\/\/eltrabajo.cl\/portal\/wp-json\/wp\/v2\/media\/61334"}],"wp:attachment":[{"href":"https:\/\/eltrabajo.cl\/portal\/wp-json\/wp\/v2\/media?parent=61333"}],"wp:term":[{"taxonomy":"category","embeddable":true,"href":"https:\/\/eltrabajo.cl\/portal\/wp-json\/wp\/v2\/categories?post=61333"},{"taxonomy":"post_tag","embeddable":true,"href":"https:\/\/eltrabajo.cl\/portal\/wp-json\/wp\/v2\/tags?post=61333"}],"curies":[{"name":"wp","href":"https:\/\/api.w.org\/{rel}","templated":true}]}}