{"id":61336,"date":"2015-08-26T09:31:51","date_gmt":"2015-08-26T12:31:51","guid":{"rendered":"http:\/\/www.eltrabajo.cl\/portal\/?p=61336"},"modified":"2015-08-26T09:31:51","modified_gmt":"2015-08-26T12:31:51","slug":"municipio-de-los-andes-pondra-fin-a-contrato-con-empresa-de-parquimetros","status":"publish","type":"post","link":"https:\/\/eltrabajo.cl\/portal\/municipio-de-los-andes-pondra-fin-a-contrato-con-empresa-de-parquimetros\/","title":{"rendered":"Municipio de Los Andes pondr\u00e1 fin a contrato con empresa de parqu\u00edmetros"},"content":{"rendered":"<figure id=\"attachment_61337\" aria-describedby=\"caption-attachment-61337\" style=\"width: 300px\" class=\"wp-caption alignleft\"><a href=\"https:\/\/i0.wp.com\/www.eltrabajo.cl\/portal\/wp-content\/uploads\/2015\/08\/paquimetros-losandes.jpg\"><img data-recalc-dims=\"1\" loading=\"lazy\" decoding=\"async\" class=\"wp-image-61337 size-medium\" src=\"https:\/\/i0.wp.com\/www.eltrabajo.cl\/portal\/wp-content\/uploads\/2015\/08\/paquimetros-losandes-300x198.jpg?resize=300%2C198\" alt=\"Como primera medida se bajar\u00e1n las tarifas una vez que el servicio vuelva a manos del municipio, quien lo administrar\u00e1 a trav\u00e9s de una corporaci\u00f3n de desarrollo.\" width=\"300\" height=\"198\" srcset=\"https:\/\/i0.wp.com\/eltrabajo.cl\/portal\/wp-content\/uploads\/2015\/08\/paquimetros-losandes.jpg?resize=300%2C198&amp;ssl=1 300w, https:\/\/i0.wp.com\/eltrabajo.cl\/portal\/wp-content\/uploads\/2015\/08\/paquimetros-losandes.jpg?resize=200%2C132&amp;ssl=1 200w, https:\/\/i0.wp.com\/eltrabajo.cl\/portal\/wp-content\/uploads\/2015\/08\/paquimetros-losandes.jpg?resize=228%2C150&amp;ssl=1 228w, https:\/\/i0.wp.com\/eltrabajo.cl\/portal\/wp-content\/uploads\/2015\/08\/paquimetros-losandes.jpg?resize=400%2C263&amp;ssl=1 400w, https:\/\/i0.wp.com\/eltrabajo.cl\/portal\/wp-content\/uploads\/2015\/08\/paquimetros-losandes.jpg?w=530&amp;ssl=1 530w\" sizes=\"auto, (max-width: 300px) 100vw, 300px\" \/><\/a><figcaption id=\"caption-attachment-61337\" class=\"wp-caption-text\">Como primera medida se bajar\u00e1n las tarifas una vez que el servicio vuelva a manos del municipio, quien lo administrar\u00e1 a trav\u00e9s de una corporaci\u00f3n de desarrollo.<\/figcaption><\/figure>\n<ul>\n<li><strong>Ahora queda en espera del c\u00famplase de la resoluci\u00f3n de la corte, para que definitivamente finalice el v\u00ednculo legal.<\/strong><\/li>\n<\/ul>\n<p><strong>LOS ANDES.-<\/strong> Un nuevo triunfo judicial obtuvo la Municipalidad de Los Andes, luego que la Corte de Apelaciones de Valpara\u00edso revocara la medida adoptada por el Segundo Juzgado Civil de Los Andes que suspend\u00eda el t\u00e9rmino del contrato de estacionamientos en el centro de la ciudad.<br \/>\nEl alcalde Mauricio Navarro manifest\u00f3 su satisfacci\u00f3n por el dictamen, que avala la decisi\u00f3n adoptada por el jefe comunal en cuanto a culminar dicho contrato. \u00abEsto abre una nueva etapa, es pasar de un sistema que actualmente nos resulta perjudicial a uno que nos resulte bastante m\u00e1s favorable\u00bb, explic\u00f3.<br \/>\n\u00abHoy no podemos ocupar adecuadamente nuestras v\u00edas p\u00fablicas y estamos pagando un costo bastante alto\u00bb, argument\u00f3 Navarro, confirmando su intenci\u00f3n de rebajar la tarifa y disponer de mayores espacios para la circulaci\u00f3n vehicular.<br \/>\nAhora el municipio est\u00e1 en espera del c\u00famplase de la resoluci\u00f3n de la corte, para que definitivamente finalice el contrato. \u00abVamos a implementar un periodo de transici\u00f3n, donde vamos a contar con un servicio que implique una baja en el costo de los estacionamientos y el pago por minuto\u00bb, adelant\u00f3 el alcalde.<br \/>\nSeg\u00fan precis\u00f3, \u00abel objetivo es que en el futuro este servicio est\u00e9 regulado a trav\u00e9s de una Corporaci\u00f3n de Desarrollo, que permita que la totalidad de los ingresos se destinen a la mantenci\u00f3n, mejoramiento y seguridad vial\u00bb.<br \/>\nNavarro subray\u00f3 la labor fundamental del Consejo de Defensa del Estado, organismo que respald\u00f3 los argumentos del municipio ante la Corte de Apelaciones de Valpara\u00edso.<\/p>\n","protected":false},"excerpt":{"rendered":"<p>Ahora queda en espera del c\u00famplase de la resoluci\u00f3n de la corte, para que definitivamente finalice el v\u00ednculo legal. LOS ANDES.- Un nuevo triunfo judicial obtuvo la Municipalidad de Los Andes, luego&#8230;<\/p>\n","protected":false},"author":482,"featured_media":61337,"comment_status":"open","ping_status":"open","sticky":false,"template":"","format":"standard","meta":{"advanced_seo_description":"","jetpack_seo_html_title":"","jetpack_seo_noindex":false,"_jetpack_memberships_contains_paid_content":false,"footnotes":""},"categories":[15],"tags":[],"class_list":["post-61336","post","type-post","status-publish","format-standard","has-post-thumbnail","hentry","category-comunidad"],"jetpack_featured_media_url":"https:\/\/i0.wp.com\/eltrabajo.cl\/portal\/wp-content\/uploads\/2015\/08\/paquimetros-losandes.jpg?fit=530%2C349&ssl=1","jetpack_sharing_enabled":true,"jetpack_likes_enabled":true,"jetpack-related-posts":[],"_links":{"self":[{"href":"https:\/\/eltrabajo.cl\/portal\/wp-json\/wp\/v2\/posts\/61336","targetHints":{"allow":["GET"]}}],"collection":[{"href":"https:\/\/eltrabajo.cl\/portal\/wp-json\/wp\/v2\/posts"}],"about":[{"href":"https:\/\/eltrabajo.cl\/portal\/wp-json\/wp\/v2\/types\/post"}],"author":[{"embeddable":true,"href":"https:\/\/eltrabajo.cl\/portal\/wp-json\/wp\/v2\/users\/482"}],"replies":[{"embeddable":true,"href":"https:\/\/eltrabajo.cl\/portal\/wp-json\/wp\/v2\/comments?post=61336"}],"version-history":[{"count":0,"href":"https:\/\/eltrabajo.cl\/portal\/wp-json\/wp\/v2\/posts\/61336\/revisions"}],"wp:featuredmedia":[{"embeddable":true,"href":"https:\/\/eltrabajo.cl\/portal\/wp-json\/wp\/v2\/media\/61337"}],"wp:attachment":[{"href":"https:\/\/eltrabajo.cl\/portal\/wp-json\/wp\/v2\/media?parent=61336"}],"wp:term":[{"taxonomy":"category","embeddable":true,"href":"https:\/\/eltrabajo.cl\/portal\/wp-json\/wp\/v2\/categories?post=61336"},{"taxonomy":"post_tag","embeddable":true,"href":"https:\/\/eltrabajo.cl\/portal\/wp-json\/wp\/v2\/tags?post=61336"}],"curies":[{"name":"wp","href":"https:\/\/api.w.org\/{rel}","templated":true}]}}