{"id":61339,"date":"2015-08-26T09:33:57","date_gmt":"2015-08-26T12:33:57","guid":{"rendered":"http:\/\/www.eltrabajo.cl\/portal\/?p=61339"},"modified":"2015-08-26T09:33:57","modified_gmt":"2015-08-26T12:33:57","slug":"en-liceo-manuel-marin-fritis-celebran-dia-de-la-educacion-tecnico-profesional","status":"publish","type":"post","link":"https:\/\/eltrabajo.cl\/portal\/en-liceo-manuel-marin-fritis-celebran-dia-de-la-educacion-tecnico-profesional\/","title":{"rendered":"En Liceo Manuel Mar\u00edn Fritis celebran D\u00eda de la Educaci\u00f3n T\u00e9cnico Profesional"},"content":{"rendered":"<figure id=\"attachment_61340\" aria-describedby=\"caption-attachment-61340\" style=\"width: 300px\" class=\"wp-caption alignleft\"><a href=\"https:\/\/i0.wp.com\/www.eltrabajo.cl\/portal\/wp-content\/uploads\/2015\/08\/Dia-de-la-Educaci%C3%B3n-T%C3%A9cnica-Profesional-1.jpg\"><img data-recalc-dims=\"1\" loading=\"lazy\" decoding=\"async\" class=\"wp-image-61340 size-medium\" src=\"https:\/\/i0.wp.com\/www.eltrabajo.cl\/portal\/wp-content\/uploads\/2015\/08\/Dia-de-la-Educaci%C3%B3n-T%C3%A9cnica-Profesional-1-300x198.jpg?resize=300%2C198\" alt=\"Reconocimiento a los alumnos Mariana Leiva, 4\u00b0 medio y Pamela Lazcano, 3\u00b0 medio ambas de Administraci\u00f3n; Cristian Cocio, 3\u00b0 medio y Pablo Reyes, 4\u00b0 medio, ambos de Electricidad, junto a Patricio Moreno B. Director de la Daem y el Concejal de la comuna Miguel Vega B.\" width=\"300\" height=\"198\" srcset=\"https:\/\/i0.wp.com\/eltrabajo.cl\/portal\/wp-content\/uploads\/2015\/08\/Dia-de-la-Educaci%C3%B3n-T%C3%A9cnica-Profesional-1.jpg?resize=300%2C198&amp;ssl=1 300w, https:\/\/i0.wp.com\/eltrabajo.cl\/portal\/wp-content\/uploads\/2015\/08\/Dia-de-la-Educaci%C3%B3n-T%C3%A9cnica-Profesional-1.jpg?resize=200%2C132&amp;ssl=1 200w, https:\/\/i0.wp.com\/eltrabajo.cl\/portal\/wp-content\/uploads\/2015\/08\/Dia-de-la-Educaci%C3%B3n-T%C3%A9cnica-Profesional-1.jpg?resize=227%2C150&amp;ssl=1 227w, https:\/\/i0.wp.com\/eltrabajo.cl\/portal\/wp-content\/uploads\/2015\/08\/Dia-de-la-Educaci%C3%B3n-T%C3%A9cnica-Profesional-1.jpg?resize=400%2C264&amp;ssl=1 400w, https:\/\/i0.wp.com\/eltrabajo.cl\/portal\/wp-content\/uploads\/2015\/08\/Dia-de-la-Educaci%C3%B3n-T%C3%A9cnica-Profesional-1.jpg?w=530&amp;ssl=1 530w\" sizes=\"auto, (max-width: 300px) 100vw, 300px\" \/><\/a><figcaption id=\"caption-attachment-61340\" class=\"wp-caption-text\">Reconocimiento a los alumnos Mariana Leiva, 4\u00b0 medio y Pamela Lazcano, 3\u00b0 medio ambas de Administraci\u00f3n; Cristian Cocio, 3\u00b0 medio y Pablo Reyes, 4\u00b0 medio, ambos de Electricidad, junto a Patricio Moreno B. Director de la Daem y el Concejal de la comuna Miguel Vega B.<\/figcaption><\/figure>\n<ul>\n<li><strong>Alumnos de las especialidades de administraci\u00f3n y electricidad realizaron muestras de sus conocimientos pr\u00e1cticos.<\/strong><\/li>\n<\/ul>\n<p><strong>PUTAENDO.<\/strong>&#8211; Una ajetreada pero productiva ma\u00f1ana se vivi\u00f3 este lunes en el Liceo Manuel Mar\u00edn Fritis. Estudiantes de las especialidades de Administraci\u00f3n y Electricidad expusieron sus conocimientos en una amena jornada abierta a alumnos de otros colegios, apoderados, autoridades y comunidad en general.<br \/>\nLa actividad estuvo enmarcada en la celebraci\u00f3n del D\u00eda de la Educaci\u00f3n T\u00e9cnico Profesional, instancia en que se fomenta la este tipo de ense\u00f1anza como una forma de desarrollo en la vida de los j\u00f3venes y como fuente de la productividad del pa\u00eds.<br \/>\nLos alumnos expresaron todo su carisma para exponer ante las autoridades encabezadas por el alcalde Guillermo Reyes y el Jefe del Departamento de Educaci\u00f3n, Patricio Moreno Bustamante. \u00c9ste \u00faltimo valor\u00f3 que los estudiantes puedan tener este tipo de oportunidades.<br \/>\n\u201cHace muchos a\u00f1os que el d\u00eda 26 de agosto es el d\u00eda de la educaci\u00f3n t\u00e9cnico profesional y nosotros quisimos celebrar antes. Como Departamento de Educaci\u00f3n es s\u00faper importante que uno de nuestros establecimientos tenga este tipo de ense\u00f1anza, porque esto permite la inserci\u00f3n laboral inmediata de los j\u00f3venes que salen de cuarto medio\u201d, destac\u00f3 el jefe de Daem Putaendo.<br \/>\nUno de los principales desaf\u00edos del liceo tiene que ver con el egreso de la primera generaci\u00f3n de alumnos de Electricidad este a\u00f1o 2015. Seg\u00fan la directora del establecimiento, Cecilia Tapia, actualmente se gestiona que todos los estudiantes puedan acceder a su correspondiente pr\u00e1ctica.<br \/>\n\u201cLa verdad que para nosotros es trascendental bosquejar que estos alumnos de la primera promoci\u00f3n de electricidad tengan buenas pr\u00e1cticas. Tenemos empresas que ya nos han pedido alumnos en pr\u00e1ctica, para que ellos demuestren sus quehaceres t\u00e9cnicos de la mejor manera posible\u201d, explic\u00f3 la directora.<br \/>\nDurante la semana habr\u00e1 visitas de expertos, tanto en electricidad como en administraci\u00f3n, que dictar\u00e1n una charla motivacional a los alumnos que est\u00e1n dentro de la ense\u00f1anza t\u00e9cnico-profesional.<br \/>\nCabe destacar que durante la respectiva ceremonia, se entreg\u00f3 reconocimiento a algunos estudiantes. Fue as\u00ed que Pamela Lazcano Hidalgo, 3\u00b0 medio Administraci\u00f3n y Mariana Leiva Gallardo, 4\u00b0 medio de la misma especialidad recibieron diplomas. Por su parte, tambi\u00e9n fueron distinguidos Cristian Cocio Panqgue y Pablo Reyes Reyes, ambos de Electricidad.<\/p>\n<p>&nbsp;<\/p>\n<div class=\"tiled-gallery type-rectangular tiled-gallery-unresized\" data-original-width=\"640\" data-carousel-extra='null' itemscope itemtype=\"http:\/\/schema.org\/ImageGallery\" > <div class=\"gallery-row\" style=\"width: 640px; height: 213px;\" data-original-width=\"640\" data-original-height=\"213\" > <div class=\"gallery-group images-1\" style=\"width: 320px; height: 213px;\" data-original-width=\"320\" data-original-height=\"213\" > <div class=\"tiled-gallery-item tiled-gallery-item-large\" itemprop=\"associatedMedia\" itemscope itemtype=\"http:\/\/schema.org\/ImageObject\"> <a href=\"https:\/\/eltrabajo.cl\/portal\/en-liceo-manuel-marin-fritis-celebran-dia-de-la-educacion-tecnico-profesional\/dia-de-la-educacion-tecnica-profesional-2\/\" border=\"0\" itemprop=\"url\"> <meta itemprop=\"width\" content=\"316\"> <meta itemprop=\"height\" content=\"209\"> <img decoding=\"async\" class=\"\" data-attachment-id=\"61341\" data-orig-file=\"https:\/\/eltrabajo.cl\/portal\/wp-content\/uploads\/2015\/08\/Dia-de-la-Educaci\u00f3n-T\u00e9cnica-Profesional-2.jpg\" data-orig-size=\"530,350\" data-comments-opened=\"1\" data-image-meta=\"{&quot;aperture&quot;:&quot;0&quot;,&quot;credit&quot;:&quot;&quot;,&quot;camera&quot;:&quot;&quot;,&quot;caption&quot;:&quot;&quot;,&quot;created_timestamp&quot;:&quot;0&quot;,&quot;copyright&quot;:&quot;&quot;,&quot;focal_length&quot;:&quot;0&quot;,&quot;iso&quot;:&quot;0&quot;,&quot;shutter_speed&quot;:&quot;0&quot;,&quot;title&quot;:&quot;&quot;,&quot;orientation&quot;:&quot;0&quot;}\" data-image-title=\"Dia de la Educaci\u00f3n T\u00e9cnica Profesional 2\" data-image-description=\"&lt;p&gt;Alumnos de la especialidad de Electricidad con parte de la muestra efectuada.&lt;\/p&gt; \" data-medium-file=\"https:\/\/i0.wp.com\/eltrabajo.cl\/portal\/wp-content\/uploads\/2015\/08\/Dia-de-la-Educaci%C3%B3n-T%C3%A9cnica-Profesional-2.jpg?fit=300%2C198&#038;ssl=1\" data-large-file=\"https:\/\/i0.wp.com\/eltrabajo.cl\/portal\/wp-content\/uploads\/2015\/08\/Dia-de-la-Educaci%C3%B3n-T%C3%A9cnica-Profesional-2.jpg?fit=530%2C350&#038;ssl=1\" src=\"https:\/\/i0.wp.com\/eltrabajo.cl\/portal\/wp-content\/uploads\/2015\/08\/Dia-de-la-Educaci%C3%B3n-T%C3%A9cnica-Profesional-2.jpg?w=316&#038;h=209&#038;ssl=1\" width=\"316\" height=\"209\" loading=\"lazy\" data-original-width=\"316\" data-original-height=\"209\" itemprop=\"http:\/\/schema.org\/image\" title=\"Dia de la Educaci\u00f3n T\u00e9cnica Profesional 2\" alt=\"Alumnos de la especialidad de Electricidad con parte de la muestra efectuada.\" style=\"width: 316px; height: 209px;\" \/> <\/a> <div class=\"tiled-gallery-caption\" itemprop=\"caption description\"> Alumnos de la especialidad de Electricidad con parte de la muestra efectuada. <\/div> <\/div> <\/div> <!-- close group --> <div class=\"gallery-group images-1\" style=\"width: 320px; height: 213px;\" data-original-width=\"320\" data-original-height=\"213\" > <div class=\"tiled-gallery-item tiled-gallery-item-large\" itemprop=\"associatedMedia\" itemscope itemtype=\"http:\/\/schema.org\/ImageObject\"> <a href=\"https:\/\/eltrabajo.cl\/portal\/en-liceo-manuel-marin-fritis-celebran-dia-de-la-educacion-tecnico-profesional\/dia-de-la-educacion-tecnica-profesional-3\/\" border=\"0\" itemprop=\"url\"> <meta itemprop=\"width\" content=\"316\"> <meta itemprop=\"height\" content=\"209\"> <img decoding=\"async\" class=\"\" data-attachment-id=\"61342\" data-orig-file=\"https:\/\/eltrabajo.cl\/portal\/wp-content\/uploads\/2015\/08\/Dia-de-la-Educaci\u00f3n-T\u00e9cnica-Profesional-3.jpg\" data-orig-size=\"530,350\" data-comments-opened=\"1\" data-image-meta=\"{&quot;aperture&quot;:&quot;0&quot;,&quot;credit&quot;:&quot;&quot;,&quot;camera&quot;:&quot;&quot;,&quot;caption&quot;:&quot;&quot;,&quot;created_timestamp&quot;:&quot;0&quot;,&quot;copyright&quot;:&quot;&quot;,&quot;focal_length&quot;:&quot;0&quot;,&quot;iso&quot;:&quot;0&quot;,&quot;shutter_speed&quot;:&quot;0&quot;,&quot;title&quot;:&quot;&quot;,&quot;orientation&quot;:&quot;0&quot;}\" data-image-title=\"Dia de la Educaci\u00f3n T\u00e9cnica Profesional 3\" data-image-description=\"&lt;p&gt;Parte de los trabajos realizados por las alumnas de Servicios de Administraci\u00f3n, en el D\u00eda de la Ense\u00f1anza T\u00e9cnico Profesional en el Manuel Marin Fritis.&lt;\/p&gt; \" data-medium-file=\"https:\/\/i0.wp.com\/eltrabajo.cl\/portal\/wp-content\/uploads\/2015\/08\/Dia-de-la-Educaci%C3%B3n-T%C3%A9cnica-Profesional-3.jpg?fit=300%2C198&#038;ssl=1\" data-large-file=\"https:\/\/i0.wp.com\/eltrabajo.cl\/portal\/wp-content\/uploads\/2015\/08\/Dia-de-la-Educaci%C3%B3n-T%C3%A9cnica-Profesional-3.jpg?fit=530%2C350&#038;ssl=1\" src=\"https:\/\/i0.wp.com\/eltrabajo.cl\/portal\/wp-content\/uploads\/2015\/08\/Dia-de-la-Educaci%C3%B3n-T%C3%A9cnica-Profesional-3.jpg?w=316&#038;h=209&#038;ssl=1\" width=\"316\" height=\"209\" loading=\"lazy\" data-original-width=\"316\" data-original-height=\"209\" itemprop=\"http:\/\/schema.org\/image\" title=\"Dia de la Educaci\u00f3n T\u00e9cnica Profesional 3\" alt=\"Parte de los trabajos realizados por las alumnas de Servicios de Administraci\u00f3n, en el D\u00eda de la Ense\u00f1anza T\u00e9cnico Profesional en el Manuel Marin Fritis.\" style=\"width: 316px; height: 209px;\" \/> <\/a> <div class=\"tiled-gallery-caption\" itemprop=\"caption description\"> Parte de los trabajos realizados por las alumnas de Servicios de Administraci\u00f3n, en el D\u00eda de la Ense\u00f1anza T\u00e9cnico Profesional en el Manuel Marin Fritis. <\/div> <\/div> <\/div> <!-- close group --> <\/div> <!-- close row --> <\/div>\n","protected":false},"excerpt":{"rendered":"<p>Alumnos de las especialidades de administraci\u00f3n y electricidad realizaron muestras de sus conocimientos pr\u00e1cticos. PUTAENDO.&#8211; Una ajetreada pero productiva ma\u00f1ana se vivi\u00f3 este lunes en el Liceo Manuel Mar\u00edn Fritis. Estudiantes de&#8230;<\/p>\n","protected":false},"author":482,"featured_media":61340,"comment_status":"open","ping_status":"open","sticky":false,"template":"","format":"standard","meta":{"advanced_seo_description":"","jetpack_seo_html_title":"","jetpack_seo_noindex":false,"_jetpack_memberships_contains_paid_content":false,"footnotes":""},"categories":[15],"tags":[],"class_list":["post-61339","post","type-post","status-publish","format-standard","has-post-thumbnail","hentry","category-comunidad"],"jetpack_featured_media_url":"https:\/\/i0.wp.com\/eltrabajo.cl\/portal\/wp-content\/uploads\/2015\/08\/Dia-de-la-Educaci%C3%B3n-T%C3%A9cnica-Profesional-1.jpg?fit=530%2C350&ssl=1","jetpack_sharing_enabled":true,"jetpack_likes_enabled":true,"jetpack-related-posts":[],"_links":{"self":[{"href":"https:\/\/eltrabajo.cl\/portal\/wp-json\/wp\/v2\/posts\/61339","targetHints":{"allow":["GET"]}}],"collection":[{"href":"https:\/\/eltrabajo.cl\/portal\/wp-json\/wp\/v2\/posts"}],"about":[{"href":"https:\/\/eltrabajo.cl\/portal\/wp-json\/wp\/v2\/types\/post"}],"author":[{"embeddable":true,"href":"https:\/\/eltrabajo.cl\/portal\/wp-json\/wp\/v2\/users\/482"}],"replies":[{"embeddable":true,"href":"https:\/\/eltrabajo.cl\/portal\/wp-json\/wp\/v2\/comments?post=61339"}],"version-history":[{"count":0,"href":"https:\/\/eltrabajo.cl\/portal\/wp-json\/wp\/v2\/posts\/61339\/revisions"}],"wp:featuredmedia":[{"embeddable":true,"href":"https:\/\/eltrabajo.cl\/portal\/wp-json\/wp\/v2\/media\/61340"}],"wp:attachment":[{"href":"https:\/\/eltrabajo.cl\/portal\/wp-json\/wp\/v2\/media?parent=61339"}],"wp:term":[{"taxonomy":"category","embeddable":true,"href":"https:\/\/eltrabajo.cl\/portal\/wp-json\/wp\/v2\/categories?post=61339"},{"taxonomy":"post_tag","embeddable":true,"href":"https:\/\/eltrabajo.cl\/portal\/wp-json\/wp\/v2\/tags?post=61339"}],"curies":[{"name":"wp","href":"https:\/\/api.w.org\/{rel}","templated":true}]}}