{"id":61344,"date":"2015-08-26T09:35:01","date_gmt":"2015-08-26T12:35:01","guid":{"rendered":"http:\/\/www.eltrabajo.cl\/portal\/?p=61344"},"modified":"2015-08-26T09:35:01","modified_gmt":"2015-08-26T12:35:01","slug":"junto-a-palmenia-pizarro-escuela-almendral-celebro-su-quincuagesimo-aniversario","status":"publish","type":"post","link":"https:\/\/eltrabajo.cl\/portal\/junto-a-palmenia-pizarro-escuela-almendral-celebro-su-quincuagesimo-aniversario\/","title":{"rendered":"Junto a Palmenia Pizarro, Escuela Almendral celebr\u00f3 su quincuag\u00e9simo aniversario"},"content":{"rendered":"<figure id=\"attachment_61345\" aria-describedby=\"caption-attachment-61345\" style=\"width: 300px\" class=\"wp-caption alignleft\"><a href=\"https:\/\/i0.wp.com\/www.eltrabajo.cl\/portal\/wp-content\/uploads\/2015\/08\/aniversario-escuela-almendral-3.jpg\"><img data-recalc-dims=\"1\" loading=\"lazy\" decoding=\"async\" class=\"wp-image-61345 size-medium\" src=\"https:\/\/i0.wp.com\/www.eltrabajo.cl\/portal\/wp-content\/uploads\/2015\/08\/aniversario-escuela-almendral-3-300x198.jpg?resize=300%2C198\" alt=\"Diversas autoridades de la ciudad, docentes, alumnos y apoderados, acompa\u00f1ados de la cantante Palmenia Pizarro, celebraron los 50 a\u00f1os de la Escuela Almendral.\" width=\"300\" height=\"198\" srcset=\"https:\/\/i0.wp.com\/eltrabajo.cl\/portal\/wp-content\/uploads\/2015\/08\/aniversario-escuela-almendral-3.jpg?resize=300%2C198&amp;ssl=1 300w, https:\/\/i0.wp.com\/eltrabajo.cl\/portal\/wp-content\/uploads\/2015\/08\/aniversario-escuela-almendral-3.jpg?resize=200%2C132&amp;ssl=1 200w, https:\/\/i0.wp.com\/eltrabajo.cl\/portal\/wp-content\/uploads\/2015\/08\/aniversario-escuela-almendral-3.jpg?resize=227%2C150&amp;ssl=1 227w, https:\/\/i0.wp.com\/eltrabajo.cl\/portal\/wp-content\/uploads\/2015\/08\/aniversario-escuela-almendral-3.jpg?resize=400%2C264&amp;ssl=1 400w, https:\/\/i0.wp.com\/eltrabajo.cl\/portal\/wp-content\/uploads\/2015\/08\/aniversario-escuela-almendral-3.jpg?w=530&amp;ssl=1 530w\" sizes=\"auto, (max-width: 300px) 100vw, 300px\" \/><\/a><figcaption id=\"caption-attachment-61345\" class=\"wp-caption-text\">Diversas autoridades de la ciudad, docentes, alumnos y apoderados, acompa\u00f1ados de la cantante Palmenia Pizarro, celebraron los 50 a\u00f1os de la Escuela Almendral.<\/figcaption><\/figure>\n<ul>\n<li><strong>En la actividad, la comunidad educativa comparti\u00f3 junto a las autoridades.<\/strong><\/li>\n<\/ul>\n<p>En una solemne ceremonia realizada en el establecimiento, la ma\u00f1ana del d\u00eda mi\u00e9rcoles, la comunidad educativa de la escuela Almendral celebr\u00f3 su aniversario n\u00famero cincuenta al servicio de la educaci\u00f3n de la provincia de San Felipe, actividad que cont\u00f3 con la presencia del alcalde Patricio Freire, el director de educaci\u00f3n municipal Iv\u00e1n Silva Padilla, la destacada cantante Palmenia Pizarro, todo el cuerpo docente, asistentes de la educaci\u00f3n, alumnos y una gran cantidad de padres y apoderados.<br \/>\nEn la oportunidad, y en un sentido discurso, el alcalde Freire destac\u00f3 el trabajo que diariamente realizan los funcionarios en el establecimiento, se\u00f1alando que \u00abpara nosotros es muy importante resaltar el nivel que han alcanzado nuestros establecimientos, los que pese a las dificultades que puedan existir, se han sabido reponer y reinventar a las necesidades de tantas familias que depositan su confianza en nosotros, por tal motivo, es que se nos hace imperiosa la misi\u00f3n de entregar establecimientos dignos a nuestras comunidades, y que tengamos la posibilidad de competir en igualdad de condiciones, y para eso estamos trabajando\u00bb.<br \/>\nEn tanto, el director de Daem Iv\u00e1n Silva, tambi\u00e9n se refiri\u00f3 a la realizaci\u00f3n de esta ceremonia, sosteniendo \u00abnuestros establecimientos ya se preparan para los nuevos desaf\u00edos, estamos ciertos que vamos en la senda correcta, ahora el llamado es para que nuestros padres y apoderados mantengan ese compromiso, el mismo que desde hace muchos a\u00f1os tenemos de manera incondicional para con todos los sectores de la sociedad, sin discriminaci\u00f3n ni distinci\u00f3n, consolid\u00e1ndonos como la alternativa en educaci\u00f3n para las familias del Valle del Aconcagua.\u00bb<br \/>\nPor \u00faltimo, la directora del establecimiento Wilta Berrios, se refiri\u00f3 a tan importante fecha y la importancia que reviste estar en la celebraci\u00f3n de los cincuenta a\u00f1os, se\u00f1alando que \u00abes un verdadero honor estar presente en las \u2018bodas de oro\u2019 de nuestra escuela, hoy destacamos a diferentes personas por su trayectoria, como al profesor Noel Ram\u00edrez Flores, quien tras cuarenta y dos a\u00f1os de servicio, pasa a retiro con el agradecimiento de tantas generaciones, y a nuestra destacada cantante Palmenia Pizarro, quien fuera ex alumna de este establecimiento, por lo que no me queda m\u00e1s que agradecer a todos por estar presente, lo que nos motiva a\u00fan m\u00e1s a continuar con la hermosa tarea de ense\u00f1ar\u00bb.<\/p>\n","protected":false},"excerpt":{"rendered":"<p>En la actividad, la comunidad educativa comparti\u00f3 junto a las autoridades. En una solemne ceremonia realizada en el establecimiento, la ma\u00f1ana del d\u00eda mi\u00e9rcoles, la comunidad educativa de la escuela Almendral celebr\u00f3&#8230;<\/p>\n","protected":false},"author":482,"featured_media":61345,"comment_status":"open","ping_status":"open","sticky":false,"template":"","format":"standard","meta":{"advanced_seo_description":"","jetpack_seo_html_title":"","jetpack_seo_noindex":false,"_jetpack_memberships_contains_paid_content":false,"footnotes":""},"categories":[15],"tags":[],"class_list":["post-61344","post","type-post","status-publish","format-standard","has-post-thumbnail","hentry","category-comunidad"],"jetpack_featured_media_url":"https:\/\/i0.wp.com\/eltrabajo.cl\/portal\/wp-content\/uploads\/2015\/08\/aniversario-escuela-almendral-3.jpg?fit=530%2C350&ssl=1","jetpack_sharing_enabled":true,"jetpack_likes_enabled":true,"jetpack-related-posts":[],"_links":{"self":[{"href":"https:\/\/eltrabajo.cl\/portal\/wp-json\/wp\/v2\/posts\/61344","targetHints":{"allow":["GET"]}}],"collection":[{"href":"https:\/\/eltrabajo.cl\/portal\/wp-json\/wp\/v2\/posts"}],"about":[{"href":"https:\/\/eltrabajo.cl\/portal\/wp-json\/wp\/v2\/types\/post"}],"author":[{"embeddable":true,"href":"https:\/\/eltrabajo.cl\/portal\/wp-json\/wp\/v2\/users\/482"}],"replies":[{"embeddable":true,"href":"https:\/\/eltrabajo.cl\/portal\/wp-json\/wp\/v2\/comments?post=61344"}],"version-history":[{"count":0,"href":"https:\/\/eltrabajo.cl\/portal\/wp-json\/wp\/v2\/posts\/61344\/revisions"}],"wp:featuredmedia":[{"embeddable":true,"href":"https:\/\/eltrabajo.cl\/portal\/wp-json\/wp\/v2\/media\/61345"}],"wp:attachment":[{"href":"https:\/\/eltrabajo.cl\/portal\/wp-json\/wp\/v2\/media?parent=61344"}],"wp:term":[{"taxonomy":"category","embeddable":true,"href":"https:\/\/eltrabajo.cl\/portal\/wp-json\/wp\/v2\/categories?post=61344"},{"taxonomy":"post_tag","embeddable":true,"href":"https:\/\/eltrabajo.cl\/portal\/wp-json\/wp\/v2\/tags?post=61344"}],"curies":[{"name":"wp","href":"https:\/\/api.w.org\/{rel}","templated":true}]}}