{"id":61347,"date":"2015-08-26T09:36:10","date_gmt":"2015-08-26T12:36:10","guid":{"rendered":"http:\/\/www.eltrabajo.cl\/portal\/?p=61347"},"modified":"2015-08-26T09:36:10","modified_gmt":"2015-08-26T12:36:10","slug":"autoridades-acusan-a-vialidad-por-no-reparar-caminos-de-la-comuna","status":"publish","type":"post","link":"https:\/\/eltrabajo.cl\/portal\/autoridades-acusan-a-vialidad-por-no-reparar-caminos-de-la-comuna\/","title":{"rendered":"Autoridades acusan a Vialidad por no reparar caminos de la comuna"},"content":{"rendered":"<figure id=\"attachment_61348\" aria-describedby=\"caption-attachment-61348\" style=\"width: 300px\" class=\"wp-caption alignleft\"><a href=\"https:\/\/i0.wp.com\/www.eltrabajo.cl\/portal\/wp-content\/uploads\/2015\/08\/Arreglo-caminos.jpg\"><img data-recalc-dims=\"1\" loading=\"lazy\" decoding=\"async\" class=\"wp-image-61348 size-medium\" src=\"https:\/\/i0.wp.com\/www.eltrabajo.cl\/portal\/wp-content\/uploads\/2015\/08\/Arreglo-caminos-300x198.jpg?resize=300%2C198\" alt=\"El edil panquehuino acus\u00f3 que la Direcci\u00f3n Provincial de Vialidad no ha cumplido con realizar las reparaciones de caminos rurales y secundarios.\" width=\"300\" height=\"198\" srcset=\"https:\/\/i0.wp.com\/eltrabajo.cl\/portal\/wp-content\/uploads\/2015\/08\/Arreglo-caminos.jpg?resize=300%2C198&amp;ssl=1 300w, https:\/\/i0.wp.com\/eltrabajo.cl\/portal\/wp-content\/uploads\/2015\/08\/Arreglo-caminos.jpg?resize=200%2C132&amp;ssl=1 200w, https:\/\/i0.wp.com\/eltrabajo.cl\/portal\/wp-content\/uploads\/2015\/08\/Arreglo-caminos.jpg?resize=227%2C150&amp;ssl=1 227w, https:\/\/i0.wp.com\/eltrabajo.cl\/portal\/wp-content\/uploads\/2015\/08\/Arreglo-caminos.jpg?resize=400%2C264&amp;ssl=1 400w, https:\/\/i0.wp.com\/eltrabajo.cl\/portal\/wp-content\/uploads\/2015\/08\/Arreglo-caminos.jpg?w=530&amp;ssl=1 530w\" sizes=\"auto, (max-width: 300px) 100vw, 300px\" \/><\/a><figcaption id=\"caption-attachment-61348\" class=\"wp-caption-text\">El edil panquehuino acus\u00f3 que la Direcci\u00f3n Provincial de Vialidad no ha cumplido con realizar las reparaciones de caminos rurales y secundarios.<\/figcaption><\/figure>\n<ul>\n<li><strong>La autoridad comunal manifest\u00f3 que se ha oficiado en reiteradas ocasiones a la Delegada Provincial de Vialidad, la reparaci\u00f3n de una serie de caminos secundarios, sin que a la fecha se est\u00e9 cumpliendo.<\/strong><\/li>\n<\/ul>\n<p><strong>PANQUEHUE.<\/strong>&#8211; El alcalde de la comuna de Panquehue, Luis Pradenas lament\u00f3 que la Direcci\u00f3n Provincial de Vialidad, est\u00e9 empe\u00f1ada en apoyar acciones de pol\u00edtica local, en vez de dedicarse \u2013 como es su mandato \u2013 a la reparaci\u00f3n de los caminos de la comuna.<br \/>\nLa autoridad edilicia inform\u00f3 que se ha estado oficiando una gran cantidad de documentos a la Delegada Provincial de Vialidad, sobre la situaci\u00f3n en que se encuentran una serie de caminos rurales y secundarios, situaci\u00f3n que a la fecha no han existido los trabajos solicitados.<br \/>\nEl alcalde Pradenas, tras recorrer los sectores de Panquehue, ha tomado conocimiento del estado de estos caminos, tales como Vi\u00f1a Err\u00e1zurriz, que presenta una serie de eventos, los que se fueron acrecentando tras el reciente temporal, a esto se suma la situaci\u00f3n en que se encuentra la calle vieja, el camino Palomar Interior, entre otros lugares.<br \/>\nSi bien hubo una exposici\u00f3n en el concejo municipal por parte de la Delegada de Vialidad Claudia Lizama, sobre los aportes disponibles por contrato de conservaci\u00f3n global, hasta el momento no ha existido obra alguna, solo limit\u00e1ndose a realizar obras menores en la ruta 60 CH, tales como limpieza, y bacheos.<br \/>\nLa autoridad comunal, lament\u00f3 que hasta la fecha, funcionarios de la empresa Asesora Axioma, a cargo del programa de conservaci\u00f3n de los caminos secundarios, hayan efectuado una visita a los sectores, sin coordinar con la municipalidad un recorrido con el fin de conocer y priorizar la ejecuci\u00f3n de obras.<br \/>\nDel mismo modo la autoridad de Panquehue manifest\u00f3 su extra\u00f1eza, luego que estos funcionarios recorrieran los sectores en compa\u00f1\u00eda de un concejal, sin tomar en cuenta a la Direcci\u00f3n de Obras y la Alcald\u00eda, cuando estos departamentos son los que hab\u00edan solicitado la mencionada visita, para la realizaci\u00f3n de las obras en cuesti\u00f3n.<\/p>\n","protected":false},"excerpt":{"rendered":"<p>La autoridad comunal manifest\u00f3 que se ha oficiado en reiteradas ocasiones a la Delegada Provincial de Vialidad, la reparaci\u00f3n de una serie de caminos secundarios, sin que a la fecha se est\u00e9&#8230;<\/p>\n","protected":false},"author":482,"featured_media":61348,"comment_status":"open","ping_status":"open","sticky":false,"template":"","format":"standard","meta":{"advanced_seo_description":"","jetpack_seo_html_title":"","jetpack_seo_noindex":false,"_jetpack_memberships_contains_paid_content":false,"footnotes":""},"categories":[1],"tags":[],"class_list":["post-61347","post","type-post","status-publish","format-standard","has-post-thumbnail","hentry","category-cronica"],"jetpack_featured_media_url":"https:\/\/i0.wp.com\/eltrabajo.cl\/portal\/wp-content\/uploads\/2015\/08\/Arreglo-caminos.jpg?fit=530%2C350&ssl=1","jetpack_sharing_enabled":true,"jetpack_likes_enabled":true,"jetpack-related-posts":[],"_links":{"self":[{"href":"https:\/\/eltrabajo.cl\/portal\/wp-json\/wp\/v2\/posts\/61347","targetHints":{"allow":["GET"]}}],"collection":[{"href":"https:\/\/eltrabajo.cl\/portal\/wp-json\/wp\/v2\/posts"}],"about":[{"href":"https:\/\/eltrabajo.cl\/portal\/wp-json\/wp\/v2\/types\/post"}],"author":[{"embeddable":true,"href":"https:\/\/eltrabajo.cl\/portal\/wp-json\/wp\/v2\/users\/482"}],"replies":[{"embeddable":true,"href":"https:\/\/eltrabajo.cl\/portal\/wp-json\/wp\/v2\/comments?post=61347"}],"version-history":[{"count":0,"href":"https:\/\/eltrabajo.cl\/portal\/wp-json\/wp\/v2\/posts\/61347\/revisions"}],"wp:featuredmedia":[{"embeddable":true,"href":"https:\/\/eltrabajo.cl\/portal\/wp-json\/wp\/v2\/media\/61348"}],"wp:attachment":[{"href":"https:\/\/eltrabajo.cl\/portal\/wp-json\/wp\/v2\/media?parent=61347"}],"wp:term":[{"taxonomy":"category","embeddable":true,"href":"https:\/\/eltrabajo.cl\/portal\/wp-json\/wp\/v2\/categories?post=61347"},{"taxonomy":"post_tag","embeddable":true,"href":"https:\/\/eltrabajo.cl\/portal\/wp-json\/wp\/v2\/tags?post=61347"}],"curies":[{"name":"wp","href":"https:\/\/api.w.org\/{rel}","templated":true}]}}