{"id":61350,"date":"2015-08-26T09:37:39","date_gmt":"2015-08-26T12:37:39","guid":{"rendered":"http:\/\/www.eltrabajo.cl\/portal\/?p=61350"},"modified":"2015-08-26T09:37:39","modified_gmt":"2015-08-26T12:37:39","slug":"un-centenar-de-organizaciones-andinas-postularon-a-fondos-concursables-de-codelco-y-gobernacion","status":"publish","type":"post","link":"https:\/\/eltrabajo.cl\/portal\/un-centenar-de-organizaciones-andinas-postularon-a-fondos-concursables-de-codelco-y-gobernacion\/","title":{"rendered":"Un centenar de organizaciones andinas postularon a Fondos Concursables\u00a0de Codelco y Gobernaci\u00f3n"},"content":{"rendered":"<figure id=\"attachment_61351\" aria-describedby=\"caption-attachment-61351\" style=\"width: 300px\" class=\"wp-caption alignleft\"><a href=\"https:\/\/i0.wp.com\/www.eltrabajo.cl\/portal\/wp-content\/uploads\/2015\/08\/Fondo-Concursable-1.jpg\"><img data-recalc-dims=\"1\" loading=\"lazy\" decoding=\"async\" class=\"wp-image-61351 size-medium\" src=\"https:\/\/i0.wp.com\/www.eltrabajo.cl\/portal\/wp-content\/uploads\/2015\/08\/Fondo-Concursable-1-300x197.jpg?resize=300%2C197\" alt=\"Esta iniciativa permite contribuir a la participaci\u00f3n ciudadana, fortaleciendo a las organizaciones sociales y el aporte que estas hacen al desarrollo local, asegur\u00f3 la Gobernadora de Los Andes Mar\u00eda Victoria Rodr\u00edguez.\" width=\"300\" height=\"197\" srcset=\"https:\/\/i0.wp.com\/eltrabajo.cl\/portal\/wp-content\/uploads\/2015\/08\/Fondo-Concursable-1.jpg?resize=300%2C197&amp;ssl=1 300w, https:\/\/i0.wp.com\/eltrabajo.cl\/portal\/wp-content\/uploads\/2015\/08\/Fondo-Concursable-1.jpg?resize=200%2C131&amp;ssl=1 200w, https:\/\/i0.wp.com\/eltrabajo.cl\/portal\/wp-content\/uploads\/2015\/08\/Fondo-Concursable-1.jpg?resize=228%2C150&amp;ssl=1 228w, https:\/\/i0.wp.com\/eltrabajo.cl\/portal\/wp-content\/uploads\/2015\/08\/Fondo-Concursable-1.jpg?resize=400%2C263&amp;ssl=1 400w, https:\/\/i0.wp.com\/eltrabajo.cl\/portal\/wp-content\/uploads\/2015\/08\/Fondo-Concursable-1.jpg?w=530&amp;ssl=1 530w\" sizes=\"auto, (max-width: 300px) 100vw, 300px\" \/><\/a><figcaption id=\"caption-attachment-61351\" class=\"wp-caption-text\">Esta iniciativa permite contribuir a la participaci\u00f3n ciudadana, fortaleciendo a las organizaciones sociales y el aporte que estas hacen al desarrollo local, asegur\u00f3 la Gobernadora de Los Andes Mar\u00eda Victoria Rodr\u00edguez.<\/figcaption><\/figure>\n<ul>\n<li><strong>La iniciativa espera contribuir al desarrollo de las comunidades en \u00e1mbitos como infraestructura, emprendimiento, cultura y medio ambiente.<\/strong><\/li>\n<\/ul>\n<p>M\u00e1s de 100 proyectos postularon a obtener el Fondo Concursable de Codelco Andina-Gobernaci\u00f3n de Los Andes 2015, herramienta de financiamiento que busca contribuir al desarrollo de las comunidades del Valle de Aconcagua a trav\u00e9s de iniciativas con impactos de largo plazo.<br \/>\nEl proceso 2015 concluy\u00f3 en su etapa de presentaci\u00f3n de propuestas, que tuvo una nueva modalidad de recepci\u00f3n de formularios. Durante dos d\u00edas, en el edificio de la Gobernaci\u00f3n, fueron recibidos solo los proyectos que cumplieran los requisitos dispuestos en las bases para continuar el proceso de selecci\u00f3n.<br \/>\n\u201cNos hemos asegurado del cumplimiento de los requisitos de postulaci\u00f3n. En a\u00f1os anteriores, muchas organizaciones quedaban en el camino por la falta de documentaci\u00f3n o datos. Ahora, con esta mejora, todas son elegibles y tienen las mismas oportunidades\u201d, explic\u00f3 el director de Desarrollo Comunitario de Andina, Carlos R\u00edos.<br \/>\nEn su versi\u00f3n 2015, la iniciativa contempla la entrega de $50 millones para la provincia de Los Andes. Asimismo, se aumentaron los montos m\u00e1ximos asignados a los proyectos, que van desde el mill\u00f3n de pesos a dos millones y medio. Los resultados finales ser\u00e1n dados a conocer el 1 y 2 de septiembre.<br \/>\nLa gobernadora de la provincia de Los Andes, Mar\u00eda Victoria Rodr\u00edguez, destac\u00f3 que la herramienta est\u00e1 instalada en los planes de trabajo de los dirigentes y de las organizaciones. \u201cY nos permite contribuir a la participaci\u00f3n ciudadana, fortaleciendo a las organizaciones sociales y el aporte que estas hacen al desarrollo local\u201d.<br \/>\nJorge Ponce presidente de la Uni\u00f3n Comunal (Unco) de Juntas de Vecinos de Los Andes, valor\u00f3 que \u201cnos ayuda a ir avanzando en la calidad de vida de los vecinos, para ir recuperando su barrio, su sede y su organizaci\u00f3n\u201d. M\u00f3nica Arancibia, presidenta de la Unco de San Esteban, dijo que \u201cel Fondo ayuda a mejorar la calidad de vida y la infraestructura de nuestros espacios\u201d.<br \/>\nEl Fondo Concursable Codelco Andina \u2013 Gobernaci\u00f3n de Los Andes naci\u00f3 en 2008 con el objetivo de contribuir al desarrollo de las comunidades en \u00e1mbitos como mejoramiento de infraestructura, emprendimiento, cultura, patrimonio y medio ambiente. En su versi\u00f3n 2014, 31 organizaciones de la provincia obtuvieron los recursos para materializar sus proyectos.<\/p>\n<p><strong>TESTIMONIOS DE DIRIGENTES<\/strong><br \/>\nElizabeth Mar\u00edn, presidenta de la Junta de Vecinos de villa San Alberto de Los Andes. \u201cPostulamos para mejorar el piso de nuestra sede, que beneficia a 1.500 personas. Los departamentos en nuestro sector son peque\u00f1os, y la sede cumple un rol importante\u201d.<br \/>\nRaquel Ar\u00e1nguiz, tesorera de la Agrupaci\u00f3n Jefas de hogar de Rinconada. \u201cLa vez pasada ganamos un proyecto de compra de telares. Ahora queremos solicitar implementaci\u00f3n y as\u00ed ir avanzando en la calidad de la realizaci\u00f3n de los productos para comercializar\u201d.<br \/>\nJuan Herrera, presidente Club de Huaso Aconcagua San Esteban. \u201cPrimera vez que participamos, y nuestro proyecto consiste en dotar de luminaria solar la sede social. Ojal\u00e1 que salgamos beneficiados\u201d.<\/p>\n","protected":false},"excerpt":{"rendered":"<p>La iniciativa espera contribuir al desarrollo de las comunidades en \u00e1mbitos como infraestructura, emprendimiento, cultura y medio ambiente. M\u00e1s de 100 proyectos postularon a obtener el Fondo Concursable de Codelco Andina-Gobernaci\u00f3n de&#8230;<\/p>\n","protected":false},"author":482,"featured_media":61351,"comment_status":"open","ping_status":"open","sticky":false,"template":"","format":"standard","meta":{"advanced_seo_description":"","jetpack_seo_html_title":"","jetpack_seo_noindex":false,"_jetpack_memberships_contains_paid_content":false,"footnotes":""},"categories":[1],"tags":[],"class_list":["post-61350","post","type-post","status-publish","format-standard","has-post-thumbnail","hentry","category-cronica"],"jetpack_featured_media_url":"https:\/\/i0.wp.com\/eltrabajo.cl\/portal\/wp-content\/uploads\/2015\/08\/Fondo-Concursable-1.jpg?fit=530%2C348&ssl=1","jetpack_sharing_enabled":true,"jetpack_likes_enabled":true,"jetpack-related-posts":[],"_links":{"self":[{"href":"https:\/\/eltrabajo.cl\/portal\/wp-json\/wp\/v2\/posts\/61350","targetHints":{"allow":["GET"]}}],"collection":[{"href":"https:\/\/eltrabajo.cl\/portal\/wp-json\/wp\/v2\/posts"}],"about":[{"href":"https:\/\/eltrabajo.cl\/portal\/wp-json\/wp\/v2\/types\/post"}],"author":[{"embeddable":true,"href":"https:\/\/eltrabajo.cl\/portal\/wp-json\/wp\/v2\/users\/482"}],"replies":[{"embeddable":true,"href":"https:\/\/eltrabajo.cl\/portal\/wp-json\/wp\/v2\/comments?post=61350"}],"version-history":[{"count":0,"href":"https:\/\/eltrabajo.cl\/portal\/wp-json\/wp\/v2\/posts\/61350\/revisions"}],"wp:featuredmedia":[{"embeddable":true,"href":"https:\/\/eltrabajo.cl\/portal\/wp-json\/wp\/v2\/media\/61351"}],"wp:attachment":[{"href":"https:\/\/eltrabajo.cl\/portal\/wp-json\/wp\/v2\/media?parent=61350"}],"wp:term":[{"taxonomy":"category","embeddable":true,"href":"https:\/\/eltrabajo.cl\/portal\/wp-json\/wp\/v2\/categories?post=61350"},{"taxonomy":"post_tag","embeddable":true,"href":"https:\/\/eltrabajo.cl\/portal\/wp-json\/wp\/v2\/tags?post=61350"}],"curies":[{"name":"wp","href":"https:\/\/api.w.org\/{rel}","templated":true}]}}