{"id":61353,"date":"2015-08-26T09:39:57","date_gmt":"2015-08-26T12:39:57","guid":{"rendered":"http:\/\/www.eltrabajo.cl\/portal\/?p=61353"},"modified":"2015-08-26T09:39:57","modified_gmt":"2015-08-26T12:39:57","slug":"autoridades-realizan-feria-consumidor-informado-en-san-felipe","status":"publish","type":"post","link":"https:\/\/eltrabajo.cl\/portal\/autoridades-realizan-feria-consumidor-informado-en-san-felipe\/","title":{"rendered":"Autoridades realizan feria \u2018Consumidor informado\u2019 en San Felipe"},"content":{"rendered":"<figure id=\"attachment_61354\" aria-describedby=\"caption-attachment-61354\" style=\"width: 300px\" class=\"wp-caption alignleft\"><a href=\"https:\/\/i0.wp.com\/www.eltrabajo.cl\/portal\/wp-content\/uploads\/2015\/08\/Feria-consumidor.jpg\"><img data-recalc-dims=\"1\" loading=\"lazy\" decoding=\"async\" class=\"wp-image-61354 size-medium\" src=\"https:\/\/i0.wp.com\/www.eltrabajo.cl\/portal\/wp-content\/uploads\/2015\/08\/Feria-consumidor-300x198.jpg?resize=300%2C198\" alt=\"De esta feria particip\u00f3 el Director Regional del Sernac, Nicol\u00e1s Corval\u00e1n junto al gobernador de San Felipe, Eduardo Le\u00f3n con apoyo del municipio sanfelipe\u00f1o.\" width=\"300\" height=\"198\" srcset=\"https:\/\/i0.wp.com\/eltrabajo.cl\/portal\/wp-content\/uploads\/2015\/08\/Feria-consumidor.jpg?resize=300%2C198&amp;ssl=1 300w, https:\/\/i0.wp.com\/eltrabajo.cl\/portal\/wp-content\/uploads\/2015\/08\/Feria-consumidor.jpg?resize=200%2C132&amp;ssl=1 200w, https:\/\/i0.wp.com\/eltrabajo.cl\/portal\/wp-content\/uploads\/2015\/08\/Feria-consumidor.jpg?resize=227%2C150&amp;ssl=1 227w, https:\/\/i0.wp.com\/eltrabajo.cl\/portal\/wp-content\/uploads\/2015\/08\/Feria-consumidor.jpg?resize=400%2C264&amp;ssl=1 400w, https:\/\/i0.wp.com\/eltrabajo.cl\/portal\/wp-content\/uploads\/2015\/08\/Feria-consumidor.jpg?w=530&amp;ssl=1 530w\" sizes=\"auto, (max-width: 300px) 100vw, 300px\" \/><\/a><figcaption id=\"caption-attachment-61354\" class=\"wp-caption-text\">De esta feria particip\u00f3 el Director Regional del Sernac, Nicol\u00e1s Corval\u00e1n junto al gobernador de San Felipe, Eduardo Le\u00f3n con apoyo del municipio sanfelipe\u00f1o.<\/figcaption><\/figure>\n<ul>\n<li><strong>En la instancia, las autoridades aprovecharon de informar los proyectos de ley del Gobierno para fortalecer el Sernac.<\/strong><\/li>\n<\/ul>\n<p>Con el nombre de \u2018consumidor informado\u2019 fue desarrollada una feria informativa durante la ma\u00f1ana de este martes en la plaza c\u00edvica, con la intenci\u00f3n de acercar a una serie de servicios p\u00fablicos a la comunidad.<br \/>\nLa actividad, que estuvo organizada por el Sernac en conjunto con la Gobernaci\u00f3n de San Felipe y con apoyo de la Municipalidad, se aprovech\u00f3 de informar acerca del lanzamiento regional de una consulta ciudadana de la comuna y la regi\u00f3n, que busca definir qu\u00e9 estudio de precios el Servicio Nacional del Consumidor realizar\u00e1 durante el segundo semestre. Esta participaci\u00f3n tiene por objeto a motivar a la ciudadan\u00eda a aportar a la gesti\u00f3n del Sernac.<br \/>\nAnte esto, el director Regional de la instituci\u00f3n, Nicol\u00e1s Corval\u00e1n, manifest\u00f3 que este instrumento \u201cse extender\u00e1 por 3 semanas. Lo que necesitamos es que sea masiva, que la comunidad opine y que nos plantee cu\u00e1les son los desaf\u00edos de informaci\u00f3n en qu\u00e9 mercados hay mayores desaf\u00edos. Hemos hechos preguntas sobre si quieren un estudio enfocado en precios de farmacias o supermercado. Con la ayuda de la ciudadan\u00eda podemos saber cu\u00e1l es el mercado que genera mayor inter\u00e9s\u201d, manifest\u00f3.<br \/>\nEn tanto, el gobernador Eduardo Le\u00f3n destac\u00f3 los proyectos de Ley impulsados por el Gobierno de la Presidenta Bachelet, en el que el Sernac asumir\u00e1 un rol sustancialmente m\u00e1s activo en la protecci\u00f3n de los intereses individuales de todos los consumidores. \u201cEl a\u00f1o pasado la Presidenta Bachelet envi\u00f3 un proyecto que fortalece el Sernac y la agrupaci\u00f3n de usuarios. Afortunadamente, ya pas\u00f3 su primer tr\u00e1mite constitucional en el Senado y hoy est\u00e1 en la C\u00e1mara de Diputados\u201d, puntualiz\u00f3 la autoridad provincial.<br \/>\nAsimismo, en representaci\u00f3n del alcalde Patricio Freire, el asesor jur\u00eddico de la Municipalidad, Jorge Jara, adem\u00e1s de agradecer la gesti\u00f3n del Gobernador y el Director Regional de Sernac, ratific\u00f3 el inter\u00e9s que mantiene el municipio \u201cpor dotar a los consumidores a instrumentos eficientes para hacer realidad los derechos consagrados en una ley, que hoy est\u00e1n siendo materia de una modificaci\u00f3n de fondo\u201d.<br \/>\nAdem\u00e1s, destac\u00f3 que el municipio mantiene la oficina comunal de informaci\u00f3n al consumidor que cuenta con profesionales capacitados debidamente, para hacer la mediaci\u00f3n al respecto.<\/p>\n<p>N\u00daMERO DE DENUNCIAS<br \/>\nEn cuanto al n\u00famero de reclamos que realiza la comunidad a la instituci\u00f3n a nivel regional, Corval\u00e1n manifest\u00f3 que son cerca de 35 mil al a\u00f1o. Y sumando las consultas, superan ampliamente las 80 mil.<br \/>\nEn tanto, en el plano local, San Felipe estos \u00edndices llegan a m\u00e1s de 5 mil anualmente. Mientras que el mercado con mayor incidencia de reclamo en todo el pa\u00eds son servicios b\u00e1sicos, telecomunicaciones, financieros y retail, alcanzo un 80% a nivel nacional.<\/p>\n","protected":false},"excerpt":{"rendered":"<p>En la instancia, las autoridades aprovecharon de informar los proyectos de ley del Gobierno para fortalecer el Sernac. Con el nombre de \u2018consumidor informado\u2019 fue desarrollada una feria informativa durante la ma\u00f1ana&#8230;<\/p>\n","protected":false},"author":482,"featured_media":61354,"comment_status":"open","ping_status":"open","sticky":false,"template":"","format":"standard","meta":{"advanced_seo_description":"","jetpack_seo_html_title":"","jetpack_seo_noindex":false,"_jetpack_memberships_contains_paid_content":false,"footnotes":""},"categories":[1],"tags":[],"class_list":["post-61353","post","type-post","status-publish","format-standard","has-post-thumbnail","hentry","category-cronica"],"jetpack_featured_media_url":"https:\/\/i0.wp.com\/eltrabajo.cl\/portal\/wp-content\/uploads\/2015\/08\/Feria-consumidor.jpg?fit=530%2C350&ssl=1","jetpack_sharing_enabled":true,"jetpack_likes_enabled":true,"jetpack-related-posts":[],"_links":{"self":[{"href":"https:\/\/eltrabajo.cl\/portal\/wp-json\/wp\/v2\/posts\/61353","targetHints":{"allow":["GET"]}}],"collection":[{"href":"https:\/\/eltrabajo.cl\/portal\/wp-json\/wp\/v2\/posts"}],"about":[{"href":"https:\/\/eltrabajo.cl\/portal\/wp-json\/wp\/v2\/types\/post"}],"author":[{"embeddable":true,"href":"https:\/\/eltrabajo.cl\/portal\/wp-json\/wp\/v2\/users\/482"}],"replies":[{"embeddable":true,"href":"https:\/\/eltrabajo.cl\/portal\/wp-json\/wp\/v2\/comments?post=61353"}],"version-history":[{"count":0,"href":"https:\/\/eltrabajo.cl\/portal\/wp-json\/wp\/v2\/posts\/61353\/revisions"}],"wp:featuredmedia":[{"embeddable":true,"href":"https:\/\/eltrabajo.cl\/portal\/wp-json\/wp\/v2\/media\/61354"}],"wp:attachment":[{"href":"https:\/\/eltrabajo.cl\/portal\/wp-json\/wp\/v2\/media?parent=61353"}],"wp:term":[{"taxonomy":"category","embeddable":true,"href":"https:\/\/eltrabajo.cl\/portal\/wp-json\/wp\/v2\/categories?post=61353"},{"taxonomy":"post_tag","embeddable":true,"href":"https:\/\/eltrabajo.cl\/portal\/wp-json\/wp\/v2\/tags?post=61353"}],"curies":[{"name":"wp","href":"https:\/\/api.w.org\/{rel}","templated":true}]}}