{"id":61356,"date":"2015-08-26T09:42:44","date_gmt":"2015-08-26T12:42:44","guid":{"rendered":"http:\/\/www.eltrabajo.cl\/portal\/?p=61356"},"modified":"2015-08-26T09:42:44","modified_gmt":"2015-08-26T12:42:44","slug":"encuentran-minicargador-frontal-robado-en-poder-de-empresario-de-san-esteban","status":"publish","type":"post","link":"https:\/\/eltrabajo.cl\/portal\/encuentran-minicargador-frontal-robado-en-poder-de-empresario-de-san-esteban\/","title":{"rendered":"Encuentran minicargador frontal robado en poder de empresario de San Esteban"},"content":{"rendered":"<figure id=\"attachment_61357\" aria-describedby=\"caption-attachment-61357\" style=\"width: 300px\" class=\"wp-caption alignleft\"><a href=\"https:\/\/i0.wp.com\/www.eltrabajo.cl\/portal\/wp-content\/uploads\/2015\/08\/retroexcavadora-robada2.jpg\"><img data-recalc-dims=\"1\" loading=\"lazy\" decoding=\"async\" class=\"wp-image-61357 size-medium\" src=\"https:\/\/i0.wp.com\/www.eltrabajo.cl\/portal\/wp-content\/uploads\/2015\/08\/retroexcavadora-robada2-300x198.jpg?resize=300%2C198\" alt=\"El mi\u00e9rcoles pasado, desconocidos ingresaron a la empresa Komatsu y sustrajeron tres minicargadores frontales y una retroexcavadora, avaluadas todas en la suma de 60 millones de pesos.\" width=\"300\" height=\"198\" srcset=\"https:\/\/i0.wp.com\/eltrabajo.cl\/portal\/wp-content\/uploads\/2015\/08\/retroexcavadora-robada2.jpg?resize=300%2C198&amp;ssl=1 300w, https:\/\/i0.wp.com\/eltrabajo.cl\/portal\/wp-content\/uploads\/2015\/08\/retroexcavadora-robada2.jpg?resize=200%2C132&amp;ssl=1 200w, https:\/\/i0.wp.com\/eltrabajo.cl\/portal\/wp-content\/uploads\/2015\/08\/retroexcavadora-robada2.jpg?resize=227%2C150&amp;ssl=1 227w, https:\/\/i0.wp.com\/eltrabajo.cl\/portal\/wp-content\/uploads\/2015\/08\/retroexcavadora-robada2.jpg?resize=400%2C264&amp;ssl=1 400w, https:\/\/i0.wp.com\/eltrabajo.cl\/portal\/wp-content\/uploads\/2015\/08\/retroexcavadora-robada2.jpg?w=530&amp;ssl=1 530w\" sizes=\"auto, (max-width: 300px) 100vw, 300px\" \/><\/a><figcaption id=\"caption-attachment-61357\" class=\"wp-caption-text\">El mi\u00e9rcoles pasado, desconocidos ingresaron a la empresa Komatsu y sustrajeron tres minicargadores frontales y una retroexcavadora, avaluadas todas en la suma de 60 millones de pesos.<\/figcaption><\/figure>\n<ul>\n<li><strong>Dijo que la adquiri\u00f3 sin ning\u00fan tipo de documentos en la suma de $ 15 millones pagados en efectivo a un sujeto que lo contact\u00f3 en la plaza de armas.<\/strong><\/li>\n<\/ul>\n<p><strong>LOS ANDES.<\/strong>&#8211; El due\u00f1o de una empresa de arriendo de maquinaria de la comuna de San Esteban, fue detenido por personal del Servicio de Encargo y B\u00fasqueda de Veh\u00edculos Robados de Carabineros (SEBV) al encontrarse en su poder un minicargador frontal que el mi\u00e9rcoles pasado fue robado junto a otra maquinaria pesada desde la empresa Komatsu en el sector Lampa en la Regi\u00f3n Metropolitana.<br \/>\nLa madrugada de ese d\u00eda desconocidos ingresaron a la empresa y sustrajeron tres minicargadores frontales y una retroexcavadora, avaluadas todas en la suma de 60 millones de pesos.<br \/>\nUna vez interpuesta la denuncia en Carabineros se iniciaron las primeras diligencias a cargo de la SEBV que arrojaron pistas sobre dos de las maquinarias las cuales se encontrar\u00edan en la comuna de San Esteban.<br \/>\nDe esta manera el personal especializado de la polic\u00eda uniformada lleg\u00f3 el d\u00eda viernes hasta un exclusivo condominio ubicado en la calle Tocornal de esa comuna, constatando que frente a uno de los domicilios estaba estacionado un minicargador frontal.<br \/>\nLos polic\u00edas esperaron la llegada del due\u00f1o de casa y a su arribo requirieron antecedentes del veh\u00edculo, a lo cual el empresario les dijo que la hab\u00eda comprado un par de d\u00eda antes.<br \/>\nAl revisar los antecedentes de la m\u00e1quina se estableci\u00f3 que era una de las que hab\u00eda sido sustra\u00edda en la empresa Komatsu, a la cual le hab\u00edan sustra\u00eddo el equipo de rastreo de GPS.<br \/>\nA ra\u00edz de ello el empresario D. del C.A.A., de 51 a\u00f1os, fue detenido por el delito flagrante de receptaci\u00f3n de especies.<br \/>\nUna vez puesto en manos del Tribunal de Garant\u00eda el fiscal Jefe del Ministerio P\u00fablico, Ricardo Reinoso lo formaliz\u00f3 por este il\u00edcito, solicitando la prisi\u00f3n preventiva del empresario por considerar que su libertad representaba un peligro para la seguridad de la sociedad.<br \/>\nEl persecutor fundament\u00f3 esta gravosa medida en cuanto a que el empresario no pod\u00eda menos que saber el origen dudoso de la m\u00e1quina, ya que el mismo se dedica al negocio de arriendo de maquinaria en la zona.<br \/>\nEn su propia declaraci\u00f3n ante Carabineros, el empresario se\u00f1al\u00f3 que el d\u00eda 19 en horas del mediod\u00eda cuando se encontraba en la plaza de armas de Los Andes se le acerc\u00f3 un sujeto a quien solo conoce por su apellido \u2018Tapia\u2019 quien le ofreci\u00f3 para la venta dos minicargadores frontales.<br \/>\nA \u00e9l le interes\u00f3 la propuesta y juntos se dirigieron hasta el sector de cerro cortado en Tocornal donde estaban las maquinarias a bordo de un cami\u00f3n.<br \/>\nFue all\u00ed que sellaron el trato por la compra de dos m\u00e1quinas en la suma de 30 millones de pesos, siendo trasladados los cargadores hasta las afueras del domicilio del imputado.<br \/>\nSin embargo y seg\u00fan declaraci\u00f3n del empresario cuando llegaron a su casa el sujeto de apellido Tapia le dijo que ya hab\u00eda cerrado el trato por la otra m\u00e1quina, por lo cual se dej\u00f3 solo una por la cual cancel\u00f3 15 millones de pesos en dinero efectivo, sin realizar la debida transferencia y tampoco habiendo de por medio ning\u00fan documento que acreditara la entrega del dinero.<br \/>\nEste negocio informal que se cerr\u00f3 con la supuesta entrega de esta abultada suma de dinero hizo sospechar al Ministerio P\u00fablico que el robo en Komatsu pudo ser por encargo de varias personas, entre ellas este empresario y por eso pidi\u00f3 su prisi\u00f3n.<br \/>\nSin embargo, la jueza Valeria Crosa consider\u00f3 demasiado gravosa la medida en relaci\u00f3n a que el imputado no tiene antecedentes penales anteriores, por lo que solamente fij\u00f3 como cautelar el arresto domiciliario total por los dos meses que durar\u00e1 la investigaci\u00f3n.<\/p>\n","protected":false},"excerpt":{"rendered":"<p>Dijo que la adquiri\u00f3 sin ning\u00fan tipo de documentos en la suma de $ 15 millones pagados en efectivo a un sujeto que lo contact\u00f3 en la plaza de armas. LOS ANDES.&#8211;&#8230;<\/p>\n","protected":false},"author":482,"featured_media":61357,"comment_status":"open","ping_status":"open","sticky":false,"template":"","format":"standard","meta":{"advanced_seo_description":"","jetpack_seo_html_title":"","jetpack_seo_noindex":false,"_jetpack_memberships_contains_paid_content":false,"footnotes":""},"categories":[21],"tags":[],"class_list":["post-61356","post","type-post","status-publish","format-standard","has-post-thumbnail","hentry","category-policial"],"jetpack_featured_media_url":"https:\/\/i0.wp.com\/eltrabajo.cl\/portal\/wp-content\/uploads\/2015\/08\/retroexcavadora-robada2.jpg?fit=530%2C350&ssl=1","jetpack_sharing_enabled":true,"jetpack_likes_enabled":true,"jetpack-related-posts":[],"_links":{"self":[{"href":"https:\/\/eltrabajo.cl\/portal\/wp-json\/wp\/v2\/posts\/61356","targetHints":{"allow":["GET"]}}],"collection":[{"href":"https:\/\/eltrabajo.cl\/portal\/wp-json\/wp\/v2\/posts"}],"about":[{"href":"https:\/\/eltrabajo.cl\/portal\/wp-json\/wp\/v2\/types\/post"}],"author":[{"embeddable":true,"href":"https:\/\/eltrabajo.cl\/portal\/wp-json\/wp\/v2\/users\/482"}],"replies":[{"embeddable":true,"href":"https:\/\/eltrabajo.cl\/portal\/wp-json\/wp\/v2\/comments?post=61356"}],"version-history":[{"count":0,"href":"https:\/\/eltrabajo.cl\/portal\/wp-json\/wp\/v2\/posts\/61356\/revisions"}],"wp:featuredmedia":[{"embeddable":true,"href":"https:\/\/eltrabajo.cl\/portal\/wp-json\/wp\/v2\/media\/61357"}],"wp:attachment":[{"href":"https:\/\/eltrabajo.cl\/portal\/wp-json\/wp\/v2\/media?parent=61356"}],"wp:term":[{"taxonomy":"category","embeddable":true,"href":"https:\/\/eltrabajo.cl\/portal\/wp-json\/wp\/v2\/categories?post=61356"},{"taxonomy":"post_tag","embeddable":true,"href":"https:\/\/eltrabajo.cl\/portal\/wp-json\/wp\/v2\/tags?post=61356"}],"curies":[{"name":"wp","href":"https:\/\/api.w.org\/{rel}","templated":true}]}}