{"id":61359,"date":"2015-08-26T09:45:50","date_gmt":"2015-08-26T12:45:50","guid":{"rendered":"http:\/\/www.eltrabajo.cl\/portal\/?p=61359"},"modified":"2015-08-26T09:45:50","modified_gmt":"2015-08-26T12:45:50","slug":"falla-electrica-habria-originado-incendio-en-entretecho-de-vivienda","status":"publish","type":"post","link":"https:\/\/eltrabajo.cl\/portal\/falla-electrica-habria-originado-incendio-en-entretecho-de-vivienda\/","title":{"rendered":"Falla el\u00e9ctrica habr\u00eda originado incendio en entretecho de vivienda"},"content":{"rendered":"<figure id=\"attachment_61360\" aria-describedby=\"caption-attachment-61360\" style=\"width: 300px\" class=\"wp-caption alignleft\"><a href=\"https:\/\/i0.wp.com\/www.eltrabajo.cl\/portal\/wp-content\/uploads\/2015\/08\/Incendio-Esperanza.jpg\"><img data-recalc-dims=\"1\" loading=\"lazy\" decoding=\"async\" class=\"wp-image-61360 size-medium\" src=\"https:\/\/i0.wp.com\/www.eltrabajo.cl\/portal\/wp-content\/uploads\/2015\/08\/Incendio-Esperanza-300x197.jpg?resize=300%2C197\" alt=\"El fuego se inici\u00f3 en el entretecho de la vivienda ubicada en el Pasaje Renacer de la poblaci\u00f3n Esperanza de San Felipe, pasado el mediod\u00eda de ayer martes, aparentemente originado por un desperfecto el\u00e9ctrico.\" width=\"300\" height=\"197\" srcset=\"https:\/\/i0.wp.com\/eltrabajo.cl\/portal\/wp-content\/uploads\/2015\/08\/Incendio-Esperanza.jpg?resize=300%2C197&amp;ssl=1 300w, https:\/\/i0.wp.com\/eltrabajo.cl\/portal\/wp-content\/uploads\/2015\/08\/Incendio-Esperanza.jpg?resize=200%2C131&amp;ssl=1 200w, https:\/\/i0.wp.com\/eltrabajo.cl\/portal\/wp-content\/uploads\/2015\/08\/Incendio-Esperanza.jpg?resize=228%2C150&amp;ssl=1 228w, https:\/\/i0.wp.com\/eltrabajo.cl\/portal\/wp-content\/uploads\/2015\/08\/Incendio-Esperanza.jpg?resize=400%2C263&amp;ssl=1 400w, https:\/\/i0.wp.com\/eltrabajo.cl\/portal\/wp-content\/uploads\/2015\/08\/Incendio-Esperanza.jpg?w=530&amp;ssl=1 530w\" sizes=\"auto, (max-width: 300px) 100vw, 300px\" \/><\/a><figcaption id=\"caption-attachment-61360\" class=\"wp-caption-text\">El fuego se inici\u00f3 en el entretecho de la vivienda ubicada en el Pasaje Renacer de la poblaci\u00f3n Esperanza de San Felipe, pasado el mediod\u00eda de ayer martes, aparentemente originado por un desperfecto el\u00e9ctrico.<\/figcaption><\/figure>\n<ul>\n<li><strong>Personal de Bomberos control\u00f3 la emergencia en un breve lapso de tiempo, sin que se propagara hacia otras viviendas colindantes.<\/strong><\/li>\n<\/ul>\n<p>Un recalentamiento en el sistema el\u00e9ctrico habr\u00eda sido la causa de un incendio que se origin\u00f3 en el entretecho de una vivienda ubicada en el pasaje Renacer de la poblaci\u00f3n Esperanza en San Felipe, debiendo intervenir dos compa\u00f1\u00edas de bomberos para controlar la situaci\u00f3n.<br \/>\nLa emergencia surgi\u00f3 pasado el mediod\u00eda de ayer martes, cuando los propietarios de la vivienda, conmocionados por el inicio del fuego, pidieron ayuda a los vecinos para intentar reducir las llamas por sus medios, a la espera de dos unidades de la primera y segunda compa\u00f1\u00eda de Bomberos que se dirig\u00edan r\u00e1pidamente al lugar.<br \/>\nEn tanto, el Comandante de Bomberos, Juan Carlos Herrera Lillo, inform\u00f3 a Diario El Trabajo que el incendio fue reducido prontamente luego que las llamas afectaran una parte del entretecho de la vivienda, sin que se propagara hacia otras propiedades colindantes.<br \/>\n\u201cEl origen del fuego habr\u00eda sido aparentemente un desperfecto al sistema el\u00e9ctrico de la vivienda que afect\u00f3 al entretecho de la casa, que pudo ser controlado a tiempo, no se registraron da\u00f1os a otras viviendas. El fuego logr\u00f3 ser reducido por los voluntarios de Bomberos que asistieron al lugar\u201d, precis\u00f3 el Comandante Herrera.<br \/>\n<strong>Pablo Salinas Sald\u00edas<\/strong><\/p>\n","protected":false},"excerpt":{"rendered":"<p>Personal de Bomberos control\u00f3 la emergencia en un breve lapso de tiempo, sin que se propagara hacia otras viviendas colindantes. Un recalentamiento en el sistema el\u00e9ctrico habr\u00eda sido la causa de un&#8230;<\/p>\n","protected":false},"author":482,"featured_media":61360,"comment_status":"open","ping_status":"open","sticky":false,"template":"","format":"standard","meta":{"advanced_seo_description":"","jetpack_seo_html_title":"","jetpack_seo_noindex":false,"_jetpack_memberships_contains_paid_content":false,"footnotes":""},"categories":[21],"tags":[],"class_list":["post-61359","post","type-post","status-publish","format-standard","has-post-thumbnail","hentry","category-policial"],"jetpack_featured_media_url":"https:\/\/i0.wp.com\/eltrabajo.cl\/portal\/wp-content\/uploads\/2015\/08\/Incendio-Esperanza.jpg?fit=530%2C348&ssl=1","jetpack_sharing_enabled":true,"jetpack_likes_enabled":true,"jetpack-related-posts":[],"_links":{"self":[{"href":"https:\/\/eltrabajo.cl\/portal\/wp-json\/wp\/v2\/posts\/61359","targetHints":{"allow":["GET"]}}],"collection":[{"href":"https:\/\/eltrabajo.cl\/portal\/wp-json\/wp\/v2\/posts"}],"about":[{"href":"https:\/\/eltrabajo.cl\/portal\/wp-json\/wp\/v2\/types\/post"}],"author":[{"embeddable":true,"href":"https:\/\/eltrabajo.cl\/portal\/wp-json\/wp\/v2\/users\/482"}],"replies":[{"embeddable":true,"href":"https:\/\/eltrabajo.cl\/portal\/wp-json\/wp\/v2\/comments?post=61359"}],"version-history":[{"count":0,"href":"https:\/\/eltrabajo.cl\/portal\/wp-json\/wp\/v2\/posts\/61359\/revisions"}],"wp:featuredmedia":[{"embeddable":true,"href":"https:\/\/eltrabajo.cl\/portal\/wp-json\/wp\/v2\/media\/61360"}],"wp:attachment":[{"href":"https:\/\/eltrabajo.cl\/portal\/wp-json\/wp\/v2\/media?parent=61359"}],"wp:term":[{"taxonomy":"category","embeddable":true,"href":"https:\/\/eltrabajo.cl\/portal\/wp-json\/wp\/v2\/categories?post=61359"},{"taxonomy":"post_tag","embeddable":true,"href":"https:\/\/eltrabajo.cl\/portal\/wp-json\/wp\/v2\/tags?post=61359"}],"curies":[{"name":"wp","href":"https:\/\/api.w.org\/{rel}","templated":true}]}}