{"id":61369,"date":"2015-08-27T09:26:00","date_gmt":"2015-08-27T12:26:00","guid":{"rendered":"http:\/\/www.eltrabajo.cl\/portal\/?p=61369"},"modified":"2015-08-27T09:26:00","modified_gmt":"2015-08-27T12:26:00","slug":"este-lunes-liceos-de-aconcagua-jugaran-en-final-regional-escolar-de-futbol-sub-14","status":"publish","type":"post","link":"https:\/\/eltrabajo.cl\/portal\/este-lunes-liceos-de-aconcagua-jugaran-en-final-regional-escolar-de-futbol-sub-14\/","title":{"rendered":"Este lunes liceos de Aconcagua jugar\u00e1n en final Regional Escolar de F\u00fatbol Sub 14"},"content":{"rendered":"<figure id=\"attachment_61370\" aria-describedby=\"caption-attachment-61370\" style=\"width: 300px\" class=\"wp-caption alignleft\"><a href=\"https:\/\/i0.wp.com\/www.eltrabajo.cl\/portal\/wp-content\/uploads\/2015\/08\/liceo-industrial-san-felipe.jpg\"><img data-recalc-dims=\"1\" loading=\"lazy\" decoding=\"async\" class=\"wp-image-61370 size-medium\" src=\"https:\/\/i0.wp.com\/www.eltrabajo.cl\/portal\/wp-content\/uploads\/2015\/08\/liceo-industrial-san-felipe-300x198.jpg?resize=300%2C198\" alt=\"Liceo Industrial San Felipe se enfrentar\u00e1 al Liceo Industrial de La Calera\" width=\"300\" height=\"198\" srcset=\"https:\/\/i0.wp.com\/eltrabajo.cl\/portal\/wp-content\/uploads\/2015\/08\/liceo-industrial-san-felipe.jpg?resize=300%2C198&amp;ssl=1 300w, https:\/\/i0.wp.com\/eltrabajo.cl\/portal\/wp-content\/uploads\/2015\/08\/liceo-industrial-san-felipe.jpg?resize=200%2C132&amp;ssl=1 200w, https:\/\/i0.wp.com\/eltrabajo.cl\/portal\/wp-content\/uploads\/2015\/08\/liceo-industrial-san-felipe.jpg?resize=228%2C150&amp;ssl=1 228w, https:\/\/i0.wp.com\/eltrabajo.cl\/portal\/wp-content\/uploads\/2015\/08\/liceo-industrial-san-felipe.jpg?resize=400%2C263&amp;ssl=1 400w, https:\/\/i0.wp.com\/eltrabajo.cl\/portal\/wp-content\/uploads\/2015\/08\/liceo-industrial-san-felipe.jpg?w=530&amp;ssl=1 530w\" sizes=\"auto, (max-width: 300px) 100vw, 300px\" \/><\/a><figcaption id=\"caption-attachment-61370\" class=\"wp-caption-text\">Liceo Industrial San Felipe se enfrentar\u00e1 al Liceo Industrial de La Calera<\/figcaption><\/figure>\n<ul>\n<li><strong>Liceo Mixto de Los Andes y Liceo Industrial de San Felipe jugar\u00e1n en la semi final.<\/strong><\/li>\n<\/ul>\n<p>Este martes en el complejo de funcionarios municipales de Re\u00f1aca Alto, se disput\u00f3 la primera jornada del regional escolar de f\u00fatbol masculino sub 14, que clasifica al campe\u00f3n al nacional de Coquimbo, a disputarse del 7 al 13 de septiembre.<br \/>\nA primera hora uno de los favoritos el Colegio Mar\u00eda Auxiliadora de Vi\u00f1a del Mar, venci\u00f3 3-1 a un complicado elenco del Colegio Nacional de Villa Alemana, representante de la provincia de Marga Marga.<br \/>\nEn el segundo partido el Liceo Mixto representante de la provincia de Los Andes, venci\u00f3 por un claro 5-2 al Colegio El Alba de El Quisco, ganador del provincial de San Antonio. El tercer encuentro de la jornada vio el triunfo del Liceo Industrial de La Calera, representante de la provincia de Quillota que dio cuenta por 4-0 al Domingo Ortiz de Rozas de Casablanca, ganador del provincial de Valpara\u00edso. El Mar\u00eda Auxiliadora clasific\u00f3 como organizador.<\/p>\n<figure id=\"attachment_61371\" aria-describedby=\"caption-attachment-61371\" style=\"width: 300px\" class=\"wp-caption alignright\"><a href=\"https:\/\/i0.wp.com\/www.eltrabajo.cl\/portal\/wp-content\/uploads\/2015\/08\/liceo-mixto-los-andes.jpg\"><img data-recalc-dims=\"1\" loading=\"lazy\" decoding=\"async\" class=\"wp-image-61371 size-medium\" src=\"https:\/\/i0.wp.com\/www.eltrabajo.cl\/portal\/wp-content\/uploads\/2015\/08\/liceo-mixto-los-andes-300x198.jpg?resize=300%2C198\" alt=\"A las 11 horas disputa el Liceo Mixto de Los Andes contra el Colegio Mar\u00eda Auxiliadora de Vi\u00f1a del Mar\" width=\"300\" height=\"198\" srcset=\"https:\/\/i0.wp.com\/eltrabajo.cl\/portal\/wp-content\/uploads\/2015\/08\/liceo-mixto-los-andes.jpg?resize=300%2C198&amp;ssl=1 300w, https:\/\/i0.wp.com\/eltrabajo.cl\/portal\/wp-content\/uploads\/2015\/08\/liceo-mixto-los-andes.jpg?resize=200%2C132&amp;ssl=1 200w, https:\/\/i0.wp.com\/eltrabajo.cl\/portal\/wp-content\/uploads\/2015\/08\/liceo-mixto-los-andes.jpg?resize=227%2C150&amp;ssl=1 227w, https:\/\/i0.wp.com\/eltrabajo.cl\/portal\/wp-content\/uploads\/2015\/08\/liceo-mixto-los-andes.jpg?resize=400%2C264&amp;ssl=1 400w, https:\/\/i0.wp.com\/eltrabajo.cl\/portal\/wp-content\/uploads\/2015\/08\/liceo-mixto-los-andes.jpg?w=530&amp;ssl=1 530w\" sizes=\"auto, (max-width: 300px) 100vw, 300px\" \/><\/a><figcaption id=\"caption-attachment-61371\" class=\"wp-caption-text\">A las 11 horas disputa el Liceo Mixto de Los Andes contra el Colegio Mar\u00eda Auxiliadora de Vi\u00f1a del Mar<\/figcaption><\/figure>\n<p>Y en el \u00faltimo partido de la tarde el Liceo Industrial de San Felipe super\u00f3 por 6-1 al Colegio Valle Hermoso, de La Ligua, ganador del provincial de Petorca.<br \/>\nLa programaci\u00f3n para las semi finales del lunes 31 agosto se realizar\u00e1 en el complejo de funcionarios municipales de Re\u00f1aca Alto. A las 11 horas se disputar\u00e1 un partido entre el Liceo Mixto de Los Andes contra el Colegio Mar\u00eda Auxiliadora de Vi\u00f1a del Mar y pasadas las 12 horas el Liceo Industrial de San Felipe se enfrentar\u00e1 al Liceo Industrial de La Calera. A las 16 horas se disputar\u00e1 el partido de los ganadores que ir\u00e1n por la final.<br \/>\nFinalmente, el equipo que resulte triunfador, viajar\u00e1 a nacional escolar de Coquimbo del 7 al 13 de septiembre.<\/p>\n","protected":false},"excerpt":{"rendered":"<p>Liceo Mixto de Los Andes y Liceo Industrial de San Felipe jugar\u00e1n en la semi final. Este martes en el complejo de funcionarios municipales de Re\u00f1aca Alto, se disput\u00f3 la primera jornada&#8230;<\/p>\n","protected":false},"author":482,"featured_media":61370,"comment_status":"open","ping_status":"open","sticky":false,"template":"","format":"standard","meta":{"advanced_seo_description":"","jetpack_seo_html_title":"","jetpack_seo_noindex":false,"_jetpack_memberships_contains_paid_content":false,"footnotes":""},"categories":[15],"tags":[],"class_list":["post-61369","post","type-post","status-publish","format-standard","has-post-thumbnail","hentry","category-comunidad"],"jetpack_featured_media_url":"https:\/\/i0.wp.com\/eltrabajo.cl\/portal\/wp-content\/uploads\/2015\/08\/liceo-industrial-san-felipe.jpg?fit=530%2C349&ssl=1","jetpack_sharing_enabled":true,"jetpack_likes_enabled":true,"jetpack-related-posts":[],"_links":{"self":[{"href":"https:\/\/eltrabajo.cl\/portal\/wp-json\/wp\/v2\/posts\/61369","targetHints":{"allow":["GET"]}}],"collection":[{"href":"https:\/\/eltrabajo.cl\/portal\/wp-json\/wp\/v2\/posts"}],"about":[{"href":"https:\/\/eltrabajo.cl\/portal\/wp-json\/wp\/v2\/types\/post"}],"author":[{"embeddable":true,"href":"https:\/\/eltrabajo.cl\/portal\/wp-json\/wp\/v2\/users\/482"}],"replies":[{"embeddable":true,"href":"https:\/\/eltrabajo.cl\/portal\/wp-json\/wp\/v2\/comments?post=61369"}],"version-history":[{"count":0,"href":"https:\/\/eltrabajo.cl\/portal\/wp-json\/wp\/v2\/posts\/61369\/revisions"}],"wp:featuredmedia":[{"embeddable":true,"href":"https:\/\/eltrabajo.cl\/portal\/wp-json\/wp\/v2\/media\/61370"}],"wp:attachment":[{"href":"https:\/\/eltrabajo.cl\/portal\/wp-json\/wp\/v2\/media?parent=61369"}],"wp:term":[{"taxonomy":"category","embeddable":true,"href":"https:\/\/eltrabajo.cl\/portal\/wp-json\/wp\/v2\/categories?post=61369"},{"taxonomy":"post_tag","embeddable":true,"href":"https:\/\/eltrabajo.cl\/portal\/wp-json\/wp\/v2\/tags?post=61369"}],"curies":[{"name":"wp","href":"https:\/\/api.w.org\/{rel}","templated":true}]}}